{"id":160870,"date":"2025-07-09T02:14:50","date_gmt":"2025-07-09T02:14:50","guid":{"rendered":"https:\/\/www.clarin.com\/deportes\/guillermo-barros-schelotto-primer-titulo-velez-elogio-quinteros-posible-llegada-aliendro_0_zREARGE11d.html"},"modified":"2025-07-09T02:14:50","modified_gmt":"2025-07-09T02:14:50","slug":"guillermo-barros-schelotto-tras-su-primer-titulo-con-velez-el-elogio-a-quinteros-y-la-posible-llegada-de-aliendro","status":"publish","type":"post","link":"http:\/\/cordobainforma.info\/index.php\/2025\/07\/09\/guillermo-barros-schelotto-tras-su-primer-titulo-con-velez-el-elogio-a-quinteros-y-la-posible-llegada-de-aliendro\/","title":{"rendered":"Guillermo Barros Schelotto, tras su primer t\u00edtulo con V\u00e9lez: el elogio a Quinteros y la posible llegada de Aliendro"},"content":{"rendered":"<p><img src=\"http:\/\/cordobainforma.info\/wp-content\/uploads\/2025\/07\/guillermo-barros-schelotto-tras-su-primer-titulo-con-velez-el-elogio-a-quinteros-y-la-posible-llegada-de-aliendro.jpg\"><\/p>\n<div><img src=\"http:\/\/cordobainforma.info\/wp-content\/uploads\/2025\/07\/guillermo-barros-schelotto-tras-su-primer-titulo-con-velez-el-elogio-a-quinteros-y-la-posible-llegada-de-aliendro-2.jpg\" class=\"ff-og-image-inserted\"><\/div>\n<div id=\"element-body-0\" readability=\"53.181818181818\">\n<p><strong>Guillermo Barros Schelotto obtuvo el primer t\u00edtulo tras su vuelta al f\u00fatbol argentino<\/strong>. Como DT de <strong>V\u00e9lez<\/strong>, el &#8216;Mellizo&#8217; se dio el gusto de festejar en el estadio Libertadores de Am\u00e9rica de Avellaneda, <a href=\"https:\/\/www.clarin.com\/deportes\/estudiantes-vs-velez-supercopa-internacional-minuto-minuto-directo_0_dTkGJcdHUf.html\" target=\"_blank\" title=\"donde su equipo le gan\u00f3 2 a 0 a Estudiantes de La Plata para quedarse con la Supercopa Internacional\" alt=\"donde su equipo le gan\u00f3 2 a 0 a Estudiantes de La Plata para quedarse con la Supercopa Internacional\" rel=\"noopener noreferrer\">donde su equipo le gan\u00f3 2 a 0 a Estudiantes de La Plata para quedarse con la <\/a><strong><a href=\"https:\/\/www.clarin.com\/deportes\/estudiantes-vs-velez-supercopa-internacional-minuto-minuto-directo_0_dTkGJcdHUf.html\" target=\"_blank\" title=\"donde su equipo le gan\u00f3 2 a 0 a Estudiantes de La Plata para quedarse con la Supercopa Internacional\" alt=\"donde su equipo le gan\u00f3 2 a 0 a Estudiantes de La Plata para quedarse con la Supercopa Internacional\" rel=\"noopener noreferrer\">Supercopa Internacional<\/a><\/strong>. Pero en medio de los festejos se tom\u00f3 un tiempo para recordar el trabajo de su antecesor <strong>Gustavo Quinteros<\/strong>, que fue campe\u00f3n de la Liga Profesional en diciembre, y tambi\u00e9n para hablar sobre la posible llegada de Rodrigo Aliendro, desde River.<\/p>\n<\/div>\n<div id=\"element-body-1\" readability=\"63\">\n<p><strong>\u00abEstoy muy contento por este triunfo, era esperado, buscado y tuvimos una alegr\u00eda muy grande\u00bb<\/strong>, expres\u00f3 Guillermo en medio de la celebraci\u00f3n en el campo de juego, al sumar un nuevo t\u00edtulo como entrenador. Y agreg\u00f3: <strong>\u00abEspero que sea el primero de muchos\u00bb<\/strong>.<\/p>\n<\/div>\n<div id=\"element-body-2\" readability=\"58\">\n<p>Guillermo vivi\u00f3 una noche especial ya que sum\u00f3 su cuarto t\u00edtulo como entrenador. Tiene dos Ligas (2016-17 y 2017-18) con Boca y la Copa Sudamericana (2013) con Lan\u00fas.<\/p>\n<\/div>\n<div id=\"element-body-3\" readability=\"65\">\n<p>\u00abHemos ido creciendo, tuvimos tiempo para trabajar estas semanas, hicimos algunos partidos, encontrarnos en nuestro f\u00fatbol, Gustavo Quinteros tiene mucho que ver con esto, hay que nombrarlo\u00bb, remarc\u00f3.<\/p>\n<\/div>\n<div id=\"element-body-4\" readability=\"26.022727272727\">\n<blockquote class=\"twitter-tweet\" readability=\"6.4055944055944\">\n<p lang=\"es\" dir=\"ltr\">\ud83d\udde3 \u00abGUSTAVO QUINTEROS TIENE MUCHO QUE VER CON ESTO\u00bb El reconocimiento de Guillermo al anterior entrenador de V\u00e9lez tras alcanzar la Supercopa Internacional. <\/p>\n<p>\ud83d\udcfa No te pierdas <a href=\"https:\/\/twitter.com\/hashtag\/ESPNF10?src=hash&amp;ref_src=twsrc%5Etfw\">#ESPNF10<\/a> en vivo por <a href=\"https:\/\/twitter.com\/hashtag\/DisneyPlus?src=hash&amp;ref_src=twsrc%5Etfw\">#DisneyPlus<\/a> <a href=\"https:\/\/t.co\/nRPy3eYpJb\">pic.twitter.com\/nRPy3eYpJb<\/a><\/p>\n<p>\u2014 ESPN Argentina (@ESPNArgentina) <a href=\"https:\/\/twitter.com\/ESPNArgentina\/status\/1942762556982010245?ref_src=twsrc%5Etfw\">July 9, 2025<\/a><\/p><\/blockquote><\/div>\n<div id=\"element-body-5\" readability=\"66\">\n<p>A la hora del an\u00e1lisis de lo que fue el encuentro ante Estudiantes, el platense, que tambi\u00e9n sinti\u00f3 un momento especial por su pasado en Gimnasia, coment\u00f3: <strong>\u00abHicimos un buen partido, fue parejo en gran parte, pero pegamos en los momentos justos y nos demuestra que podemos aspirar a cosas importantes. Si jugamos como lo hicimos, podemos pelear arriba\u00bb<\/strong>.<\/p>\n<\/div>\n<div id=\"element-body-6\" readability=\"62\">\n<p>Y sobre lo que les solicit\u00f3 a sus jugadores cont\u00f3: <strong>\u00abLes ped\u00ed concentraci\u00f3n, que est\u00e9n enfocados, que metan, que luchen y que cuando tengan la pelota juguemos porque tenemos jugadores de buen pie y veloces. As\u00ed lleg\u00f3 el primer gol\u00bb<\/strong>.<\/p>\n<\/div>\n<div id=\"element-body-7\" readability=\"22.5\">\n<blockquote class=\"twitter-tweet\" readability=\"5.5384615384615\">\n<p lang=\"es\" dir=\"ltr\">\u00abLOS BUENOS JUGADORES SIEMPRE INTERESAN\u00bb. Guillermo Barros Schelotto sobre la posible llegada de Aliendro a V\u00e9lez.<\/p>\n<p>\ud83c\udfc6 <a href=\"https:\/\/twitter.com\/hashtag\/SupercopaInternacional?src=hash&amp;ref_src=twsrc%5Etfw\">#SupercopaInternacional<\/a><br \/>\ud83d\udcfa <a href=\"https:\/\/twitter.com\/hashtag\/DisneyPlus?src=hash&amp;ref_src=twsrc%5Etfw\">#DisneyPlus<\/a> Premium <a href=\"https:\/\/t.co\/3ePX3fr3RV\">pic.twitter.com\/3ePX3fr3RV<\/a><\/p>\n<p>\u2014 SportsCenter (@SC_ESPN) <a href=\"https:\/\/twitter.com\/SC_ESPN\/status\/1942761766276002207?ref_src=twsrc%5Etfw\">July 9, 2025<\/a><\/p><\/blockquote><\/div>\n<div id=\"element-body-8\" readability=\"65\">\n<p>Adem\u00e1s, en cuanto al plantel armado, manifest\u00f3: \u00abSumamos jugadores j\u00f3venes a los m\u00e1s grandes y la idea es que todos sumen, los que vengan de afuera tambi\u00e9n\u00bb. <strong>\u00bfPuede llegar Rodrigo Aliendro?<\/strong> \u00abPuede ser, los buenos jugadores son bienvenidos\u00bb, respondi\u00f3 con su t\u00edpica sonrisa p\u00edcara. <strong>Sonrisa de campe\u00f3n<\/strong>.<\/p>\n<\/div>\n","protected":false},"excerpt":{"rendered":"<p>Guillermo Barros Schelotto obtuvo el primer t\u00edtulo tras su vuelta al f\u00fatbol argentino. Como DT de V\u00e9lez, el &#8216;Mellizo&#8217; se dio el gusto de festejar en el estadio Libertadores de Am\u00e9rica de Avellaneda, donde su equipo le gan\u00f3 2 a 0 a Estudiantes de La Plata para quedarse con la Supercopa Internacional. Pero en medio [&hellip;]<\/p>\n","protected":false},"author":1,"featured_media":160871,"comment_status":"closed","ping_status":"closed","sticky":false,"template":"","format":"standard","meta":[],"categories":[20],"tags":[],"_links":{"self":[{"href":"http:\/\/cordobainforma.info\/index.php\/wp-json\/wp\/v2\/posts\/160870"}],"collection":[{"href":"http:\/\/cordobainforma.info\/index.php\/wp-json\/wp\/v2\/posts"}],"about":[{"href":"http:\/\/cordobainforma.info\/index.php\/wp-json\/wp\/v2\/types\/post"}],"author":[{"embeddable":true,"href":"http:\/\/cordobainforma.info\/index.php\/wp-json\/wp\/v2\/users\/1"}],"replies":[{"embeddable":true,"href":"http:\/\/cordobainforma.info\/index.php\/wp-json\/wp\/v2\/comments?post=160870"}],"version-history":[{"count":0,"href":"http:\/\/cordobainforma.info\/index.php\/wp-json\/wp\/v2\/posts\/160870\/revisions"}],"wp:featuredmedia":[{"embeddable":true,"href":"http:\/\/cordobainforma.info\/index.php\/wp-json\/wp\/v2\/media\/160871"}],"wp:attachment":[{"href":"http:\/\/cordobainforma.info\/index.php\/wp-json\/wp\/v2\/media?parent=160870"}],"wp:term":[{"taxonomy":"category","embeddable":true,"href":"http:\/\/cordobainforma.info\/index.php\/wp-json\/wp\/v2\/categories?post=160870"},{"taxonomy":"post_tag","embeddable":true,"href":"http:\/\/cordobainforma.info\/index.php\/wp-json\/wp\/v2\/tags?post=160870"}],"curies":[{"name":"wp","href":"https:\/\/api.w.org\/{rel}","templated":true}]}}