{"id":156871,"date":"2025-06-02T23:47:39","date_gmt":"2025-06-02T23:47:39","guid":{"rendered":"https:\/\/playfmradio.com\/?p=10750"},"modified":"2025-06-02T23:47:39","modified_gmt":"2025-06-02T23:47:39","slug":"airbag-en-river-dos-noches-historicas-para-el-rock-argentino","status":"publish","type":"post","link":"http:\/\/cordobainforma.info\/index.php\/2025\/06\/02\/airbag-en-river-dos-noches-historicas-para-el-rock-argentino\/","title":{"rendered":"Airbag en River: dos noches hist\u00f3ricas para el rock argentino"},"content":{"rendered":"<p>El 31 de mayo y 1 de junio, Airbag hizo lo que pocas bandas de este pa\u00eds pueden contar: dos estadios Monumental completamente agotados. M\u00e1s de 150 mil personas en total, y una banda que no solo llen\u00f3 el lugar, lo hizo temblar desde el arranque hasta el \u00faltimo acorde.<br \/>Los hermanos Sardelli demostraron que el escenario m\u00e1s grande del pa\u00eds no les queda ni un poco grande. Se pasearon por River como si lo hicieran todos los fines de semana, con una seguridad y una energ\u00eda que dejaron a todos con la mand\u00edbula floja. T\u00e9cnica, actitud, presencia\u2026 todo.<br \/><img loading=\"lazy\" fetchpriority=\"high\" decoding=\"async\" src=\"http:\/\/cordobainforma.info\/wp-content\/uploads\/2025\/06\/airbag-en-river-dos-noches-historicas-para-el-rock-argentino.jpg\" alt width=\"225\" height=\"300\" class=\"alignnone size-medium wp-image-10752\" srcset=\"http:\/\/cordobainforma.info\/wp-content\/uploads\/2025\/06\/airbag-en-river-dos-noches-historicas-para-el-rock-argentino.jpg 225w, http:\/\/cordobainforma.info\/wp-content\/uploads\/2025\/06\/airbag-en-river-dos-noches-historicas-para-el-rock-argentino-3.jpg 768w, http:\/\/cordobainforma.info\/wp-content\/uploads\/2025\/06\/airbag-en-river-dos-noches-historicas-para-el-rock-argentino-4.jpg 1152w, http:\/\/cordobainforma.info\/wp-content\/uploads\/2025\/06\/airbag-en-river-dos-noches-historicas-para-el-rock-argentino-5.jpg 1536w, http:\/\/cordobainforma.info\/wp-content\/uploads\/2025\/06\/airbag-en-river-dos-noches-historicas-para-el-rock-argentino-6.jpg 1920w\" sizes=\"(max-width: 225px) 100vw, 225px\"><br \/>La puesta en escena fue impecable: pantallas, luces, fuego, papelitos\u2026 pero lo que realmente sostuvo esas dos noches fue el talento. No hay vuelta que darle: hoy Airbag es una de las bandas m\u00e1s s\u00f3lidas del rock nacional. Supieron crecer, reinventarse, y bancarse este presente sin deberle nada a nadie.<br \/><img loading=\"lazy\" decoding=\"async\" src=\"http:\/\/cordobainforma.info\/wp-content\/uploads\/2025\/06\/airbag-en-river-dos-noches-historicas-para-el-rock-argentino-1.jpg\" alt width=\"225\" height=\"300\" class=\"alignnone size-medium wp-image-10753\" srcset=\"http:\/\/cordobainforma.info\/wp-content\/uploads\/2025\/06\/airbag-en-river-dos-noches-historicas-para-el-rock-argentino-1.jpg 225w, http:\/\/cordobainforma.info\/wp-content\/uploads\/2025\/06\/airbag-en-river-dos-noches-historicas-para-el-rock-argentino-7.jpg 768w, http:\/\/cordobainforma.info\/wp-content\/uploads\/2025\/06\/airbag-en-river-dos-noches-historicas-para-el-rock-argentino-8.jpg 1152w, http:\/\/cordobainforma.info\/wp-content\/uploads\/2025\/06\/airbag-en-river-dos-noches-historicas-para-el-rock-argentino-9.jpg 1536w, http:\/\/cordobainforma.info\/wp-content\/uploads\/2025\/06\/airbag-en-river-dos-noches-historicas-para-el-rock-argentino-10.jpg 1920w\" sizes=\"(max-width: 225px) 100vw, 225px\"><br \/>Cientos de cordobeses se hicieron el viajecito a Buenos Aires para no perderse el show, y<br \/>con raz\u00f3n. Lo que se vivi\u00f3 en River fue un punto de quiebre. Un antes y un despu\u00e9s. Porque<br \/>ya no se trata solo de una banda que la rompe en vivo: se trata de un fen\u00f3meno que est\u00e1<br \/>marcando una \u00e9poca.<br \/><img loading=\"lazy\" decoding=\"async\" src=\"http:\/\/cordobainforma.info\/wp-content\/uploads\/2025\/06\/airbag-en-river-dos-noches-historicas-para-el-rock-argentino-2.jpg\" alt width=\"225\" height=\"300\" class=\"alignnone size-medium wp-image-10754\" srcset=\"http:\/\/cordobainforma.info\/wp-content\/uploads\/2025\/06\/airbag-en-river-dos-noches-historicas-para-el-rock-argentino-2.jpg 225w, http:\/\/cordobainforma.info\/wp-content\/uploads\/2025\/06\/airbag-en-river-dos-noches-historicas-para-el-rock-argentino-11.jpg 768w, http:\/\/cordobainforma.info\/wp-content\/uploads\/2025\/06\/airbag-en-river-dos-noches-historicas-para-el-rock-argentino-12.jpg 1152w, http:\/\/cordobainforma.info\/wp-content\/uploads\/2025\/06\/airbag-en-river-dos-noches-historicas-para-el-rock-argentino-13.jpg 1536w, http:\/\/cordobainforma.info\/wp-content\/uploads\/2025\/06\/airbag-en-river-dos-noches-historicas-para-el-rock-argentino-14.jpg 1920w\" sizes=\"(max-width: 225px) 100vw, 225px\"><br \/>Fotos por: Kiara Palermo \u2013 @kiarips<\/p>\n<p> <!-- AUTHOR PART ========================= --> <!-- AUTHOR PART END ========================= --> <\/p>\n","protected":false},"excerpt":{"rendered":"<p>El 31 de mayo y 1 de junio, Airbag hizo lo que pocas bandas de este pa\u00eds pueden contar: dos estadios Monumental completamente agotados. M\u00e1s de 150 mil personas en total, y una banda que no solo llen\u00f3 el lugar, lo hizo temblar desde el arranque hasta el \u00faltimo acorde.Los hermanos Sardelli demostraron que el [&hellip;]<\/p>\n","protected":false},"author":1,"featured_media":156872,"comment_status":"closed","ping_status":"closed","sticky":false,"template":"","format":"standard","meta":[],"categories":[23,2],"tags":[],"_links":{"self":[{"href":"http:\/\/cordobainforma.info\/index.php\/wp-json\/wp\/v2\/posts\/156871"}],"collection":[{"href":"http:\/\/cordobainforma.info\/index.php\/wp-json\/wp\/v2\/posts"}],"about":[{"href":"http:\/\/cordobainforma.info\/index.php\/wp-json\/wp\/v2\/types\/post"}],"author":[{"embeddable":true,"href":"http:\/\/cordobainforma.info\/index.php\/wp-json\/wp\/v2\/users\/1"}],"replies":[{"embeddable":true,"href":"http:\/\/cordobainforma.info\/index.php\/wp-json\/wp\/v2\/comments?post=156871"}],"version-history":[{"count":0,"href":"http:\/\/cordobainforma.info\/index.php\/wp-json\/wp\/v2\/posts\/156871\/revisions"}],"wp:featuredmedia":[{"embeddable":true,"href":"http:\/\/cordobainforma.info\/index.php\/wp-json\/wp\/v2\/media\/156872"}],"wp:attachment":[{"href":"http:\/\/cordobainforma.info\/index.php\/wp-json\/wp\/v2\/media?parent=156871"}],"wp:term":[{"taxonomy":"category","embeddable":true,"href":"http:\/\/cordobainforma.info\/index.php\/wp-json\/wp\/v2\/categories?post=156871"},{"taxonomy":"post_tag","embeddable":true,"href":"http:\/\/cordobainforma.info\/index.php\/wp-json\/wp\/v2\/tags?post=156871"}],"curies":[{"name":"wp","href":"https:\/\/api.w.org\/{rel}","templated":true}]}}