{"id":156869,"date":"2025-06-03T02:50:00","date_gmt":"2025-06-03T02:50:00","guid":{"rendered":"http:\/\/cordobainforma.info\/index.php\/2025\/06\/03\/senalan-que-el-gobierno-podria-intentar-desguazar-la-defensoria-de-los-derechos-de-las-ninas-ninos-y-adolescentes\/"},"modified":"2025-06-03T02:50:00","modified_gmt":"2025-06-03T02:50:00","slug":"senalan-que-el-gobierno-podria-intentar-desguazar-la-defensoria-de-los-derechos-de-las-ninas-ninos-y-adolescentes","status":"publish","type":"post","link":"http:\/\/cordobainforma.info\/index.php\/2025\/06\/03\/senalan-que-el-gobierno-podria-intentar-desguazar-la-defensoria-de-los-derechos-de-las-ninas-ninos-y-adolescentes\/","title":{"rendered":"Se\u00f1alan que el Gobierno podr\u00eda intentar desguazar la Defensor\u00eda de los Derechos de las Ni\u00f1as, Ni\u00f1os y Adolescentes"},"content":{"rendered":"<div class=\"media_block\"><\/div>\n<div><img src=\"http:\/\/cordobainforma.info\/wp-content\/uploads\/2025\/06\/senalan-que-el-gobierno-podria-intentar-desguazar-la-defensoria-de-los-derechos-de-las-ninas-ninos-y-adolescentes.jpg\" class=\"ff-og-image-inserted\"><\/div>\n<p><strong>Marisa Graham<\/strong>, la recientemente <a target=\"_blank\" href=\"https:\/\/www.perfil.com\/noticias\/politica\/la-libertad-avanza-desplazo-a-marisa-graham-de-la-defensoria-de-la-ninez-y-el-organismo-quedo-acefalo.phtml\" rel=\"noopener noreferrer\"><strong>desplazada<\/strong><\/a> extitular de la <strong>Defensor\u00eda de los Derechos de las Ni\u00f1as, Ni\u00f1os y Adolescentes<\/strong>, apunt\u00f3 sobre los riesgos que existen a partir de la acefal\u00eda del espacio: \u00abPienso que puede existir en alg\u00fan sector del oficialismo la idea de <strong>intervenir la Defensor\u00eda y de desguazarla<\/strong> de alguna manera, como <a target=\"_blank\" href=\"https:\/\/www.perfil.com\/noticias\/cordoba\/el-sukaria-concluyo-su-intervencion-en-la-defensoria-y-el-pro-recupero-su-banca-en-el-concejo.phtml\" rel=\"noopener noreferrer\"><strong>hicieron con la Defensor\u00eda del P\u00fablico<\/strong><\/a>\u00ab, expres\u00f3.<\/p>\n<p>La exfuncionaria ten\u00eda vencido su mandato, que hab\u00eda sido prorrogado debido a una \u00abmora del Congreso de la Naci\u00f3n\u00bb, seg\u00fan explic\u00f3 en di\u00e1logo con las periodistas de <strong>\u00abSoy casta\u00bb<\/strong>. Graham relat\u00f3 la grave situaci\u00f3n que atraviesan las infancias en Argentina, advirtiendo que la crisis actual va mucho m\u00e1s all\u00e1 del <a target=\"_blank\" href=\"https:\/\/www.perfil.com\/noticias\/politica\/medicos-residentes-del-garrahan-esperan-el-anuncio-formal-del-aumento-del-gobierno-y-convocan-al-obelisco.phtml\" rel=\"noopener noreferrer\">Hospital Garrahan<\/a>. <strong>\u201cLos recortes estatales son profundos y quienes m\u00e1s lo sufren son los chicos. Estamos frente a infancias desprotegidas\u201d<\/strong>, afirm\u00f3 en la pantalla de <strong>Bravo TV<\/strong>.<\/p>\n<p>La exfuncionaria detall\u00f3 que la secretar\u00eda de Ni\u00f1ez, Adolescencia y Familia qued\u00f3 pr\u00e1cticamente desmantelada, y mencion\u00f3 que<strong> \u00fanicamente quedan en funcionamiento<\/strong> dos iniciativas: <strong>el Programa de Acompa\u00f1amiento para el Egreso<\/strong> (PAE), de alcance nacional y que apoya a j\u00f3venes sin cuidados parentales que viven en dispositivos de cuidado formal o con una familia cuidadora, <strong>y la ley Brisa.<\/strong><\/p>\n<p>Esta \u00faltima otorga una reparaci\u00f3n econ\u00f3mica y cobertura de salud a ni\u00f1as, ni\u00f1os y adolescentes v\u00edctimas de violencia de g\u00e9nero o familiar, especialmente aquellos que han <strong>perdido a un progenitor<\/strong> a causa de un femicidio u homicidio en contexto de violencia intrafamiliar. Graham dijo que la <strong>ley Brisa hoy paga \u00abmuy poco, con atrasos y escasas actas emitidas\u201d.<\/strong><\/p>\n<p>Adem\u00e1s, se\u00f1al\u00f3 que la <a target=\"_blank\" href=\"https:\/\/www.perfil.com\/noticias\/economia\/un-ano-sin-obra-publica-caida-de-la-construccion-y-el-empleo.phtml\" rel=\"noopener noreferrer\"><strong>paralizaci\u00f3n de la obra p\u00fablica<\/strong><\/a><strong> afecta directamente a la infraestructura del sistema de cuidado infantil<\/strong>: \u201cLa cancelaci\u00f3n de obras impacta en los Centros de Desarrollo Infantil. No se trata solo de una cuesti\u00f3n econ\u00f3mica, sino tambi\u00e9n de un d\u00e9ficit de cuidado. Estos lugares son esenciales para garantizar el <strong>derecho a la infancia<\/strong>\u201d, explic\u00f3.<\/p>\n<p class=\"destacadoNota\"><a target=\"_blank\" href=\"https:\/\/www.perfil.com\/noticias\/politica\/conflicto-en-el-garrahan-imputaron-al-ministro-de-salud-mario-lugones-por-irregularidades-en-el-manejo-del-hospital.phtml\" rel=\"noopener noreferrer\">Conflicto en el Garrahan: imputaron al ministro de salud, Mario Lugones, por irregularidades en el manejo del hospital<\/a><\/p>\n<p>Graham insisti\u00f3 en que el problema es estructural y requiere de una mirada integral: \u201cEn Argentina <strong>hay m\u00e1s ni\u00f1os pobres que adultos en esa condici\u00f3n<\/strong>. Es fundamental comprender que <strong>los derechos de la ni\u00f1ez est\u00e1n siendo vulnerados desde m\u00faltiples frentes<\/strong>\u201d, alert\u00f3.<\/p>\n<p>En este contexto, remarc\u00f3 la necesidad de que las pol\u00edticas p\u00fablicas prioricen a los sectores m\u00e1s vulnerables: \u201cNo se puede pensar un pa\u00eds con futuro si no se protege a las infancias. <strong>El Estado est\u00e1 retirando su presencia donde m\u00e1s se lo necesita<\/strong>\u201d, observ\u00f3.<\/p>\n<p>BR \/ FPT<\/p>\n<div class=\"article__tags\">\n<p>En esta Nota<\/p>\n<\/p><\/div>\n","protected":false},"excerpt":{"rendered":"<p>Marisa Graham, la recientemente desplazada extitular de la Defensor\u00eda de los Derechos de las Ni\u00f1as, Ni\u00f1os y Adolescentes, apunt\u00f3 sobre los riesgos que existen a partir de la acefal\u00eda del espacio: \u00abPienso que puede existir en alg\u00fan sector del oficialismo la idea de intervenir la Defensor\u00eda y de desguazarla de alguna manera, como hicieron con [&hellip;]<\/p>\n","protected":false},"author":1,"featured_media":156870,"comment_status":"closed","ping_status":"closed","sticky":false,"template":"","format":"standard","meta":[],"categories":[2],"tags":[],"_links":{"self":[{"href":"http:\/\/cordobainforma.info\/index.php\/wp-json\/wp\/v2\/posts\/156869"}],"collection":[{"href":"http:\/\/cordobainforma.info\/index.php\/wp-json\/wp\/v2\/posts"}],"about":[{"href":"http:\/\/cordobainforma.info\/index.php\/wp-json\/wp\/v2\/types\/post"}],"author":[{"embeddable":true,"href":"http:\/\/cordobainforma.info\/index.php\/wp-json\/wp\/v2\/users\/1"}],"replies":[{"embeddable":true,"href":"http:\/\/cordobainforma.info\/index.php\/wp-json\/wp\/v2\/comments?post=156869"}],"version-history":[{"count":0,"href":"http:\/\/cordobainforma.info\/index.php\/wp-json\/wp\/v2\/posts\/156869\/revisions"}],"wp:featuredmedia":[{"embeddable":true,"href":"http:\/\/cordobainforma.info\/index.php\/wp-json\/wp\/v2\/media\/156870"}],"wp:attachment":[{"href":"http:\/\/cordobainforma.info\/index.php\/wp-json\/wp\/v2\/media?parent=156869"}],"wp:term":[{"taxonomy":"category","embeddable":true,"href":"http:\/\/cordobainforma.info\/index.php\/wp-json\/wp\/v2\/categories?post=156869"},{"taxonomy":"post_tag","embeddable":true,"href":"http:\/\/cordobainforma.info\/index.php\/wp-json\/wp\/v2\/tags?post=156869"}],"curies":[{"name":"wp","href":"https:\/\/api.w.org\/{rel}","templated":true}]}}