{"id":156854,"date":"2025-06-02T23:50:06","date_gmt":"2025-06-02T23:50:06","guid":{"rendered":"http:\/\/cordobainforma.info\/index.php\/2025\/06\/02\/la-uia-reclamo-avanzar-en-reformas-estructurales-nuestra-industria-esta-30-mas-cara-la-voz\/"},"modified":"2025-06-02T23:50:06","modified_gmt":"2025-06-02T23:50:06","slug":"la-uia-reclamo-avanzar-en-reformas-estructurales-nuestra-industria-esta-30-mas-cara-la-voz","status":"publish","type":"post","link":"http:\/\/cordobainforma.info\/index.php\/2025\/06\/02\/la-uia-reclamo-avanzar-en-reformas-estructurales-nuestra-industria-esta-30-mas-cara-la-voz\/","title":{"rendered":"La UIA reclam\u00f3 avanzar en reformas estructurales: Nuestra industria est\u00e1 30% m\u00e1s cara &#8230; &#8211; La Voz"},"content":{"rendered":"<p>&#8230; <b>C\u00f3rdoba<\/b>; y otros miembros de la <b>nueva<\/b> conducci\u00f3n de la entidad nacional. &#8230; <b>nuevo<\/b> contexto de creciente apertura <b>econ\u00f3mica<\/b>. Mart\u00edn Rappallini en&nbsp;&#8230; <\/p>\n","protected":false},"excerpt":{"rendered":"<p>&#8230; C\u00f3rdoba; y otros miembros de la nueva conducci\u00f3n de la entidad nacional. &#8230; nuevo contexto de creciente apertura econ\u00f3mica. Mart\u00edn Rappallini en&nbsp;&#8230;<\/p>\n","protected":false},"author":1,"featured_media":0,"comment_status":"closed","ping_status":"closed","sticky":false,"template":"","format":"standard","meta":[],"categories":[23],"tags":[],"_links":{"self":[{"href":"http:\/\/cordobainforma.info\/index.php\/wp-json\/wp\/v2\/posts\/156854"}],"collection":[{"href":"http:\/\/cordobainforma.info\/index.php\/wp-json\/wp\/v2\/posts"}],"about":[{"href":"http:\/\/cordobainforma.info\/index.php\/wp-json\/wp\/v2\/types\/post"}],"author":[{"embeddable":true,"href":"http:\/\/cordobainforma.info\/index.php\/wp-json\/wp\/v2\/users\/1"}],"replies":[{"embeddable":true,"href":"http:\/\/cordobainforma.info\/index.php\/wp-json\/wp\/v2\/comments?post=156854"}],"version-history":[{"count":0,"href":"http:\/\/cordobainforma.info\/index.php\/wp-json\/wp\/v2\/posts\/156854\/revisions"}],"wp:attachment":[{"href":"http:\/\/cordobainforma.info\/index.php\/wp-json\/wp\/v2\/media?parent=156854"}],"wp:term":[{"taxonomy":"category","embeddable":true,"href":"http:\/\/cordobainforma.info\/index.php\/wp-json\/wp\/v2\/categories?post=156854"},{"taxonomy":"post_tag","embeddable":true,"href":"http:\/\/cordobainforma.info\/index.php\/wp-json\/wp\/v2\/tags?post=156854"}],"curies":[{"name":"wp","href":"https:\/\/api.w.org\/{rel}","templated":true}]}}