{"id":156847,"date":"2025-06-03T01:46:29","date_gmt":"2025-06-03T01:46:29","guid":{"rendered":"https:\/\/somoscordobeses.com\/2025\/06\/02\/el-coraje-no-se-apaga-5-mil-bomberos-cordobeses-que-eligen-ayudar-sin-esperar-nada\/"},"modified":"2025-06-03T01:46:29","modified_gmt":"2025-06-03T01:46:29","slug":"el-coraje-no-se-apaga-5-mil-bomberos-cordobeses-que-eligen-ayudar-sin-esperar-nada","status":"publish","type":"post","link":"http:\/\/cordobainforma.info\/index.php\/2025\/06\/03\/el-coraje-no-se-apaga-5-mil-bomberos-cordobeses-que-eligen-ayudar-sin-esperar-nada\/","title":{"rendered":"El coraje no se apaga: 5 mil bomberos cordobeses que eligen ayudar sin esperar nada"},"content":{"rendered":"<div><img src=\"http:\/\/cordobainforma.info\/wp-content\/uploads\/2025\/06\/el-coraje-no-se-apaga-5-mil-bomberos-cordobeses-que-eligen-ayudar-sin-esperar-nada.jpg\" class=\"ff-og-image-inserted\"><\/div>\n<p>Cada 2 de junio se celebra el D\u00eda del Bombero Voluntario en Argentina, una fecha que conmemora la creaci\u00f3n del primer cuerpo de bomberos del pa\u00eds hace 141 a\u00f1os: la Sociedad Italiana de Bomberos Voluntarios de La Boca, nacida en 1884 con el lema \u201cQuerer es poder\u201d.<\/p>\n<p>En C\u00f3rdoba, la historia de los bomberos voluntarios comenz\u00f3 en 1937, como respuesta a una necesidad creciente frente al avance urbano. Hoy, el territorio provincial cuenta con m\u00e1s de 5.000 voluntarios repartidos en 190 cuarteles, nucleados en dos grandes instituciones: la Agrupaci\u00f3n Serrana y la Federaci\u00f3n de Bomberos Voluntarios de C\u00f3rdoba.<\/p>\n<p>Su labor, muchas veces silenciosa, se vuelve visible en cada emergencia. Cuando el fuego arrasa, cuando hay que rescatar, contener o salvar, son ellos quienes llegan primero. Coordinan acciones junto al Ministerio de Seguridad a trav\u00e9s del Plan Provincial de Manejo del Fuego, una red que articula recursos, veh\u00edculos y tecnolog\u00eda con un \u00fanico objetivo: proteger la vida.<\/p>\n<p>En el Cuartel N\u00b0 69 de Villa del Dique, departamento Calamuchita, los testimonios reflejan una vocaci\u00f3n que trasciende edades, g\u00e9neros y profesiones. \u201cSabemos lo que puede pasar, pero tambi\u00e9n lo que tenemos que hacer. Ser bombero es toda una vida dedicada al pr\u00f3jimo\u201d, expres\u00f3 el cabo primero Eduardo Villafa\u00f1e, de 59 a\u00f1os.<\/p>\n<p>A su lado, la joven Constanza Olivares, de apenas 18, resumi\u00f3 en pocas palabras la ra\u00edz profunda de esa elecci\u00f3n: \u201cEs una chispa dif\u00edcil de explicar. Los que nos unimos al cuartel decidimos no esconderla\u201d.<\/p>\n<p>La familia tambi\u00e9n forma parte de esta red silenciosa. Apoya, teme, sostiene. \u201cCada vez que acudimos a una emergencia no hay certezas. Solo sabemos que salimos, pero nunca si volvemos. Igual mi familia me acompa\u00f1a siempre\u201d, comparti\u00f3 Yamil Acu\u00f1a, miembro de la \u00faltima camada incorporada.<\/p>\n<p>En algunos casos, esa pasi\u00f3n se transmite de generaci\u00f3n en generaci\u00f3n, como un legado. Y se fortalece con formaci\u00f3n continua. Las capacitaciones, impulsadas por la Polic\u00eda de C\u00f3rdoba y la Secretar\u00eda de Gesti\u00f3n de Riesgo Clim\u00e1tico, son permanentes y abarcan desde rescates en altura hasta procedimientos con aeronaves. Brenda Romero, tambi\u00e9n parte del cuartel de Villa del Dique, destac\u00f3: \u201cCapacitarse es una forma de mejorar el servicio que le damos a la sociedad\u201d.<\/p>\n<p>El D\u00eda del Bombero Voluntario es mucho m\u00e1s que una efem\u00e9ride. Es un recordatorio de que hay personas que, sin obligaci\u00f3n alguna, eligen estar donde nadie m\u00e1s quiere estar: al lado del riesgo, del otro, del deber. <\/p>\n<figure><figcaption><\/figcaption><\/figure>\n<figure><figcaption><\/figcaption><\/figure>\n<figure><figcaption><\/figcaption><\/figure>\n<figure><figcaption><\/figcaption><\/figure>\n<figure><figcaption><\/figcaption><\/figure>\n","protected":false},"excerpt":{"rendered":"<p>Cada 2 de junio se celebra el D\u00eda del Bombero Voluntario en Argentina, una fecha que conmemora la creaci\u00f3n del primer cuerpo de bomberos del pa\u00eds hace 141 a\u00f1os: la Sociedad Italiana de Bomberos Voluntarios de La Boca, nacida en 1884 con el lema \u201cQuerer es poder\u201d. En C\u00f3rdoba, la historia de los bomberos voluntarios [&hellip;]<\/p>\n","protected":false},"author":1,"featured_media":156848,"comment_status":"closed","ping_status":"closed","sticky":false,"template":"","format":"standard","meta":[],"categories":[2],"tags":[],"_links":{"self":[{"href":"http:\/\/cordobainforma.info\/index.php\/wp-json\/wp\/v2\/posts\/156847"}],"collection":[{"href":"http:\/\/cordobainforma.info\/index.php\/wp-json\/wp\/v2\/posts"}],"about":[{"href":"http:\/\/cordobainforma.info\/index.php\/wp-json\/wp\/v2\/types\/post"}],"author":[{"embeddable":true,"href":"http:\/\/cordobainforma.info\/index.php\/wp-json\/wp\/v2\/users\/1"}],"replies":[{"embeddable":true,"href":"http:\/\/cordobainforma.info\/index.php\/wp-json\/wp\/v2\/comments?post=156847"}],"version-history":[{"count":0,"href":"http:\/\/cordobainforma.info\/index.php\/wp-json\/wp\/v2\/posts\/156847\/revisions"}],"wp:featuredmedia":[{"embeddable":true,"href":"http:\/\/cordobainforma.info\/index.php\/wp-json\/wp\/v2\/media\/156848"}],"wp:attachment":[{"href":"http:\/\/cordobainforma.info\/index.php\/wp-json\/wp\/v2\/media?parent=156847"}],"wp:term":[{"taxonomy":"category","embeddable":true,"href":"http:\/\/cordobainforma.info\/index.php\/wp-json\/wp\/v2\/categories?post=156847"},{"taxonomy":"post_tag","embeddable":true,"href":"http:\/\/cordobainforma.info\/index.php\/wp-json\/wp\/v2\/tags?post=156847"}],"curies":[{"name":"wp","href":"https:\/\/api.w.org\/{rel}","templated":true}]}}