{"id":156811,"date":"2025-06-02T22:15:16","date_gmt":"2025-06-02T22:15:16","guid":{"rendered":"https:\/\/www.clarin.com\/deportes\/enigmatico-mensaje-iker-casillas-amenazo-fuerte-revelacion-luego-borro-pensado-hablar_0_CsAco1miMN.html"},"modified":"2025-06-02T22:15:16","modified_gmt":"2025-06-02T22:15:16","slug":"el-enigmatico-mensaje-de-iker-casillas-que-amenazo-con-una-fuerte-revelacion-y-luego-borro-nunca-habia-pensado-en-hablar-de-esto","status":"publish","type":"post","link":"http:\/\/cordobainforma.info\/index.php\/2025\/06\/02\/el-enigmatico-mensaje-de-iker-casillas-que-amenazo-con-una-fuerte-revelacion-y-luego-borro-nunca-habia-pensado-en-hablar-de-esto\/","title":{"rendered":"El enigm\u00e1tico mensaje de Iker Casillas que amenaz\u00f3 con una fuerte revelaci\u00f3n y luego borr\u00f3: \u00abNunca hab\u00eda pensado en hablar de esto\u00bb"},"content":{"rendered":"<p><img src=\"http:\/\/cordobainforma.info\/wp-content\/uploads\/2025\/06\/el-enigmatico-mensaje-de-iker-casillas-que-amenazo-con-una-fuerte-revelacion-y-luego-borro-nunca-habia-pensado-en-hablar-de-esto.jpg\"><\/p>\n<div><img src=\"http:\/\/cordobainforma.info\/wp-content\/uploads\/2025\/06\/el-enigmatico-mensaje-de-iker-casillas-que-amenazo-con-una-fuerte-revelacion-y-luego-borro-nunca-habia-pensado-en-hablar-de-esto-2.jpg\" class=\"ff-og-image-inserted\"><\/div>\n<div id=\"element-body-0\" readability=\"61\">\n<p><strong>Iker Casillas<\/strong>, ex arquero espa\u00f1ol, amenaz\u00f3 este lunes con sacar a la luz un tema del que ha<strong> \u00abhablado con muy pocos\u00bb <\/strong>a lo largo de su extensa carrera. No dio m\u00e1s detalles y <strong>decidi\u00f3 borrar el enigm\u00e1tico mensaje <\/strong>publicado en redes sociales.<\/p>\n<\/div>\n<div id=\"element-body-1\" readability=\"62\">\n<p>En una historia en su cuenta de Instagram, el multicampe\u00f3n con Real Madrid y su selecci\u00f3n hab\u00eda escrito: \u00abNunca hab\u00eda pensado en hablar de esto. <strong>En 30 a\u00f1os como futbolista, se lo he contado a muy pocos,<\/strong> pero creo es bonito compartirlo\u00bb.<\/p>\n<\/div>\n<div id=\"element-body-2\" readability=\"60\">\n<p>El mensaje, escrito en letras blancas, sobre fondo negro continu\u00f3: \u00abEs parte de mi carrera y <strong>creo que es el momento<\/strong>\u00ab.<\/p>\n<\/div>\n<div id=\"element-body-3\" readability=\"60\">\n<p>\u00abRealmente as\u00ed se entender\u00e1 el deportista que he llegado a ser. S\u00e9 que <strong>algunos me dir\u00e1n que no lo cuente<\/strong>, pero es una decisi\u00f3n que solo me afecta a m\u00ed\u00bb, complet\u00f3.<\/p>\n<\/div>\n<div id=\"element-body-4\" readability=\"62\">\n<p>Pero minutos despu\u00e9s, luego de, quiz\u00e1s, meditar un tiempo m\u00e1s su inminente destape, dio marcha atr\u00e1s con la idea.<\/p>\n<\/div>\n<div id=\"element-body-6\" readability=\"61\">\n<p>Casillas cuenta en Instagram con cerca de <strong>20 millones de seguidores<\/strong> y, por m\u00e1s que el mensaje haya estado online <strong>durante apenas instantes<\/strong>, se tejieron <strong>decenas de conjeturas<\/strong> sobre el tema a tratar por el campe\u00f3n del mundo en Sud\u00e1frica 2010.<\/p>\n<\/div>\n<div id=\"element-body-7\" readability=\"64\">\n<p>Relaciones amorosas, su vida privada, su salud, alg\u00fan hecho puntual durante su carrera deportiva, que debi\u00f3 interrumpir abruptamente en 2020 tras sufrir problemas card\u00edacos, fueron algunos de los temas que se estima podr\u00eda haber abordado el ex arquero.<\/p>\n<\/div>\n<div id=\"element-body-8\" readability=\"58\">\n<p>El periodista y estad\u00edgrafo espa\u00f1ol conocido como <strong>Mister Chip <\/strong>public\u00f3 en sus redes: \u00abAlucinando con esto de Iker\u00bb.<\/p>\n<\/div>\n<div id=\"element-body-9\" readability=\"26.317757009346\">\n<blockquote class=\"twitter-tweet\" readability=\"5.7570093457944\">\n<p lang=\"es\" dir=\"ltr\">Alucinando con esto de Iker. Si quiere contar lo que yo creo, puede ser un bombazo. Supongo que le habr\u00e1n aconsejado que lo borrase. <a href=\"https:\/\/t.co\/L4ZUv9dbeM\">pic.twitter.com\/L4ZUv9dbeM<\/a><\/p>\n<p>\u2014 MisterChip (Alexis) (@2010MisterChip) <a href=\"https:\/\/twitter.com\/2010MisterChip\/status\/1929608196932460908?ref_src=twsrc%5Etfw\">June 2, 2025<\/a><\/p><\/blockquote><\/div>\n<div id=\"element-body-10\" readability=\"58\">\n<p>Y agreg\u00f3 sumando suspenso: \u00abSi quiere contar lo que yo creo, <strong>puede ser un bombazo\u00bb<\/strong>.<\/p>\n<\/div>\n<div id=\"element-body-11\" readability=\"60\">\n<p>\u00abNo pens\u00e9 que Iker fuera dar este paso a estas alturas de la vida. Vaya bomba&#8230;\u00bb, lanz\u00f3 otro periodista como Julio Maldonado, de MOVISTAR + y COPE.<\/p>\n<\/div>\n<div id=\"element-body-12\" readability=\"24.246710526316\">\n<blockquote class=\"twitter-tweet\" readability=\"4.6184210526316\">\n<p lang=\"es\" dir=\"ltr\">No pens\u00e9 que Iker fuera dar este paso a estas alturas de la vida. Vaya bomba&#8230; <a href=\"https:\/\/t.co\/eZy61hx4iV\">https:\/\/t.co\/eZy61hx4iV<\/a><\/p>\n<p>\u2014 Julio Maldonado (@MundoMaldini) <a href=\"https:\/\/twitter.com\/MundoMaldini\/status\/1929614744710975968?ref_src=twsrc%5Etfw\">June 2, 2025<\/a><\/p><\/blockquote><\/div>\n<div id=\"element-body-13\" readability=\"60\">\n<p>Las \u00faltimas apariciones de Casillas en los medios se hab\u00edan dado por <strong>su estado de salud <\/strong>y por su separaci\u00f3n de la periodista<strong> Sara Carbonero,<\/strong> con quien qued\u00f3 en el recuerdo por el beso que se dieron en vivo tras la final contra Holanda.<\/p>\n<\/div>\n<div id=\"element-body-14\" readability=\"62\">\n<p>El surgido de la \u00abcantera\u00bb del Real Madrid, que tambi\u00e9n supo atajar en el Porto de Portugal, hab\u00eda participado de un video hecho para el seleccionado espa\u00f1ol en el que era el encargado de anunciar qu\u00e9 arqueros formar\u00e1n parte del plantel que disputar\u00e1 esta semana la fase final de la Liga de Naciones.<\/p>\n<\/div>\n<div id=\"element-body-15\" readability=\"60\">\n<p>Recuerdos de su carrera y acciones de su fundaci\u00f3n eran los temas predominantes en sus redes hasta el enigm\u00e1tico mensaje que, hasta el momento, no tuvo aclaraci\u00f3n alguna.<\/p>\n<\/div>\n","protected":false},"excerpt":{"rendered":"<p>Iker Casillas, ex arquero espa\u00f1ol, amenaz\u00f3 este lunes con sacar a la luz un tema del que ha \u00abhablado con muy pocos\u00bb a lo largo de su extensa carrera. No dio m\u00e1s detalles y decidi\u00f3 borrar el enigm\u00e1tico mensaje publicado en redes sociales. En una historia en su cuenta de Instagram, el multicampe\u00f3n con Real [&hellip;]<\/p>\n","protected":false},"author":1,"featured_media":156812,"comment_status":"closed","ping_status":"closed","sticky":false,"template":"","format":"standard","meta":[],"categories":[20],"tags":[],"_links":{"self":[{"href":"http:\/\/cordobainforma.info\/index.php\/wp-json\/wp\/v2\/posts\/156811"}],"collection":[{"href":"http:\/\/cordobainforma.info\/index.php\/wp-json\/wp\/v2\/posts"}],"about":[{"href":"http:\/\/cordobainforma.info\/index.php\/wp-json\/wp\/v2\/types\/post"}],"author":[{"embeddable":true,"href":"http:\/\/cordobainforma.info\/index.php\/wp-json\/wp\/v2\/users\/1"}],"replies":[{"embeddable":true,"href":"http:\/\/cordobainforma.info\/index.php\/wp-json\/wp\/v2\/comments?post=156811"}],"version-history":[{"count":0,"href":"http:\/\/cordobainforma.info\/index.php\/wp-json\/wp\/v2\/posts\/156811\/revisions"}],"wp:featuredmedia":[{"embeddable":true,"href":"http:\/\/cordobainforma.info\/index.php\/wp-json\/wp\/v2\/media\/156812"}],"wp:attachment":[{"href":"http:\/\/cordobainforma.info\/index.php\/wp-json\/wp\/v2\/media?parent=156811"}],"wp:term":[{"taxonomy":"category","embeddable":true,"href":"http:\/\/cordobainforma.info\/index.php\/wp-json\/wp\/v2\/categories?post=156811"},{"taxonomy":"post_tag","embeddable":true,"href":"http:\/\/cordobainforma.info\/index.php\/wp-json\/wp\/v2\/tags?post=156811"}],"curies":[{"name":"wp","href":"https:\/\/api.w.org\/{rel}","templated":true}]}}