{"id":156809,"date":"2025-06-02T23:20:07","date_gmt":"2025-06-02T23:20:07","guid":{"rendered":"https:\/\/www.clarin.com\/deportes\/detras-escena-firma-angel-di-maria-rosario-central-sonrisa-fideo-emocion-mujer-jorgelina_0_EDeG1pbK7b.html"},"modified":"2025-06-02T23:20:07","modified_gmt":"2025-06-02T23:20:07","slug":"el-detras-de-escena-de-la-firma-de-angel-di-maria-en-rosario-central-la-sonrisa-de-fideo-y-la-emocion-de-su-mujer-jorgelina","status":"publish","type":"post","link":"http:\/\/cordobainforma.info\/index.php\/2025\/06\/02\/el-detras-de-escena-de-la-firma-de-angel-di-maria-en-rosario-central-la-sonrisa-de-fideo-y-la-emocion-de-su-mujer-jorgelina\/","title":{"rendered":"El detr\u00e1s de escena de la firma de \u00c1ngel Di Mar\u00eda en Rosario Central: la sonrisa de Fideo y la emoci\u00f3n de su mujer Jorgelina"},"content":{"rendered":"<p><img src=\"http:\/\/cordobainforma.info\/wp-content\/uploads\/2025\/06\/el-detras-de-escena-de-la-firma-de-angel-di-maria-en-rosario-central-la-sonrisa-de-fideo-y-la-emocion-de-su-mujer-jorgelina.jpg\"><\/p>\n<div><img src=\"http:\/\/cordobainforma.info\/wp-content\/uploads\/2025\/06\/el-detras-de-escena-de-la-firma-de-angel-di-maria-en-rosario-central-la-sonrisa-de-fideo-y-la-emocion-de-su-mujer-jorgelina-2.jpg\" class=\"ff-og-image-inserted\"><\/div>\n<div id=\"element-body-0\" readability=\"62\">\n<p><strong>\u00c1ngel Di Mar\u00eda<\/strong> provoc\u00f3 una verdadera revoluci\u00f3n en Rosario con su regreso a Central. En horas, el Canalla lleg\u00f3 a los cien mil socios. Y la demanda de las camisetas de Fideo explotaron en la tienda oficial del club que reci\u00e9n podr\u00e1 cumplir con los pedidos en los pr\u00f3ximos d\u00edas. En medio de la alegr\u00eda, se conoci\u00f3 el detr\u00e1s de escena de la firma del crack campe\u00f3n del mundo con la Scaloneta.<\/p>\n<\/div>\n<div id=\"element-body-1\" readability=\"61\">\n<p>La vuelta de Fideo al f\u00fatbol argentino es cine. El viernes, Rosario Central comparti\u00f3 en sus redes un video donde anunciaba el regreso de uno de los hijos del club. All\u00ed se ve a Di Mar\u00eda coloc\u00e1ndose la camiseta que en la espalda tiene el emblem\u00e1tico n\u00famero 11. Esa remera ya gener\u00f3 furor entre los hinchas: durante la ma\u00f1ana del viernes se formaron largas filas en la tienda oficial que se encuentra en el Gigante de Arroyito.<\/p>\n<\/div>\n<div id=\"element-body-2\" readability=\"63\">\n<p>\u00abEstoy de vuelta ac\u00e1, cumpliendo el sue\u00f1o que tanto quer\u00eda\u00bb, fueron las palabras de Angelito para anunciar su regreso. Enseguida, los fans enloquecieron por tener la casaca de Fideo que tiene un costo de 155 mil pesos, pero ya genera ingresos extraordinarios en las arcas del Canalla.<\/p>\n<\/div>\n<div id=\"element-body-3\" readability=\"25.256704980843\">\n<blockquote class=\"twitter-tweet\" readability=\"5.5249042145594\">\n<p lang=\"es\" dir=\"ltr\">\ud835\udc7c\ud835\udc8f \ud835\udc82\ud835\udc83\ud835\udc93\ud835\udc82\ud835\udc9b\ud835\udc90 <br \/>\ud835\udc92\ud835\udc96\ud835\udc86 \ud835\udc8d\ud835\udc90 \ud835\udc85\ud835\udc8a\ud835\udc84\ud835\udc86 \ud835\udc95\ud835\udc90\ud835\udc85\ud835\udc90.<br \/>\ud835\udc6a\ud835\udc86\ud835\udc8f\ud835\udc95\ud835\udc93\ud835\udc82\ud835\udc8d \ud835\udc86\ud835\udc94 \ud835\udc87\ud835\udc82\ud835\udc8e\ud835\udc8a\ud835\udc8d\ud835\udc8a\ud835\udc82. <a href=\"https:\/\/twitter.com\/hashtag\/Bienvenido%C3%81ngel?src=hash&amp;ref_src=twsrc%5Etfw\">#Bienvenido\u00c1ngel<\/a> \ud83d\udc99\ud83d\udc9b <a href=\"https:\/\/t.co\/qfSNILL73d\">pic.twitter.com\/qfSNILL73d<\/a><\/p>\n<p>\u2014 Rosario Central (@RosarioCentral) <a href=\"https:\/\/twitter.com\/RosarioCentral\/status\/1928834294857769209?ref_src=twsrc%5Etfw\">May 31, 2025<\/a><\/p><\/blockquote><\/div>\n<div id=\"element-body-4\" readability=\"61\">\n<p>Y este lunes hubo otra sorpresa. Ahora, se conoci\u00f3 el momento de la firma. La sonrisa de Fideo y la emoci\u00f3n de su mujer, que cumple uno de los sue\u00f1os de toda la familia con el regreso del futbolista al club que lo vio nacer.<\/p>\n<\/div>\n<div id=\"element-body-5\" readability=\"63\">\n<p>Di Mar\u00eda lleg\u00f3 el mi\u00e9rcoles a Rosario en un jet privado y el jueves, luego de una negociaci\u00f3n que se mantuvo bajo siete llaves, Central anunci\u00f3 la contrataci\u00f3n del jugador que debut\u00f3 en la Primera del club con 17 a\u00f1os y de la mano de \u00c1ngel Tulio Zof: fue el 14 de diciembre de 2005, en un empate 2 a 2 con Independiente en Avellaneda (ingres\u00f3 a los 26 minutos del segundo tiempo por Emiliano Vecchio).<\/p>\n<\/div>\n<div id=\"element-body-6\" readability=\"18.90780141844\">\n<blockquote class=\"twitter-tweet\" readability=\"3.0496453900709\">\n<p lang=\"es\" dir=\"ltr\">Otra vez la auriazul.<br \/>Otra vez en casa.<a href=\"https:\/\/twitter.com\/hashtag\/Bienvenido%C3%81ngel?src=hash&amp;ref_src=twsrc%5Etfw\">#Bienvenido\u00c1ngel<\/a> \ud83d\udc99\ud83d\udc9b <a href=\"https:\/\/t.co\/wZO8SfMDPd\">pic.twitter.com\/wZO8SfMDPd<\/a><\/p>\n<p>\u2014 Rosario Central (@RosarioCentral) <a href=\"https:\/\/twitter.com\/RosarioCentral\/status\/1928468118495506469?ref_src=twsrc%5Etfw\">May 30, 2025<\/a><\/p><\/blockquote><\/div>\n<div id=\"element-body-7\" readability=\"65\">\n<p>Fideo, de 37 a\u00f1os, no se sumar\u00e1 inmediatamente al plantel que conduce Ariel Holan, puesto que todav\u00eda tiene un compromiso con Benfica: participar\u00e1 del Mundial de Clubes que se disputar\u00e1 en Estados Unidos entre el 15 de junio y el 13 de julio. El conjunto portugu\u00e9s competir\u00e1 en el grupo C con Boca, Bayern M\u00fanich y Auckland City. Tras ello y unas breves vacaciones, el futbolista volver\u00e1 al club de sus amores.<\/p>\n<\/div>\n<div id=\"element-body-9\" readability=\"58\">\n<p>Este lunes, tambi\u00e9n se conocieron detalles del arribo del futbolista a Central. Seg\u00fan <\/p>\n<\/div>\n","protected":false},"excerpt":{"rendered":"<p>\u00c1ngel Di Mar\u00eda provoc\u00f3 una verdadera revoluci\u00f3n en Rosario con su regreso a Central. En horas, el Canalla lleg\u00f3 a los cien mil socios. Y la demanda de las camisetas de Fideo explotaron en la tienda oficial del club que reci\u00e9n podr\u00e1 cumplir con los pedidos en los pr\u00f3ximos d\u00edas. En medio de la alegr\u00eda, [&hellip;]<\/p>\n","protected":false},"author":1,"featured_media":156810,"comment_status":"closed","ping_status":"closed","sticky":false,"template":"","format":"standard","meta":[],"categories":[20],"tags":[],"_links":{"self":[{"href":"http:\/\/cordobainforma.info\/index.php\/wp-json\/wp\/v2\/posts\/156809"}],"collection":[{"href":"http:\/\/cordobainforma.info\/index.php\/wp-json\/wp\/v2\/posts"}],"about":[{"href":"http:\/\/cordobainforma.info\/index.php\/wp-json\/wp\/v2\/types\/post"}],"author":[{"embeddable":true,"href":"http:\/\/cordobainforma.info\/index.php\/wp-json\/wp\/v2\/users\/1"}],"replies":[{"embeddable":true,"href":"http:\/\/cordobainforma.info\/index.php\/wp-json\/wp\/v2\/comments?post=156809"}],"version-history":[{"count":0,"href":"http:\/\/cordobainforma.info\/index.php\/wp-json\/wp\/v2\/posts\/156809\/revisions"}],"wp:featuredmedia":[{"embeddable":true,"href":"http:\/\/cordobainforma.info\/index.php\/wp-json\/wp\/v2\/media\/156810"}],"wp:attachment":[{"href":"http:\/\/cordobainforma.info\/index.php\/wp-json\/wp\/v2\/media?parent=156809"}],"wp:term":[{"taxonomy":"category","embeddable":true,"href":"http:\/\/cordobainforma.info\/index.php\/wp-json\/wp\/v2\/categories?post=156809"},{"taxonomy":"post_tag","embeddable":true,"href":"http:\/\/cordobainforma.info\/index.php\/wp-json\/wp\/v2\/tags?post=156809"}],"curies":[{"name":"wp","href":"https:\/\/api.w.org\/{rel}","templated":true}]}}