{"id":153553,"date":"2025-05-05T00:36:14","date_gmt":"2025-05-05T00:36:14","guid":{"rendered":"http:\/\/cordobainforma.info\/index.php\/2025\/05\/05\/revelan-el-futuro-del-papamovil\/"},"modified":"2025-05-05T00:36:14","modified_gmt":"2025-05-05T00:36:14","slug":"revelan-el-futuro-del-papamovil","status":"publish","type":"post","link":"http:\/\/cordobainforma.info\/index.php\/2025\/05\/05\/revelan-el-futuro-del-papamovil\/","title":{"rendered":"Revelan el futuro del papam\u00f3vil"},"content":{"rendered":"<div><img src=\"http:\/\/cordobainforma.info\/wp-content\/uploads\/2025\/05\/revelan-el-futuro-del-papamovil.jpg\" class=\"ff-og-image-inserted\"><\/div>\n<div readability=\"32\">\n<p><span>Publicado:<\/span><time class=\"Timestamp-root Timestamp-isBlackColor \" datetime=\"2025-05-05T00:36:14+00:00\"> 5 may 2025 00:36 GMT <\/time><\/p>\n<\/div>\n<div readability=\"44.68085106383\">\n<p>El veh\u00edculo del papa Francisco, popularmente conocido como &#8216;papam\u00f3vil&#8217;, ser\u00e1 convertido en un peque\u00f1o puesto de salud para los ni\u00f1os de la Franja de Gaza, cumpliendo con la voluntad expresada por el sumo pont\u00edfice antes de fallecer.<\/p>\n<p>Seg\u00fan reporta <a href=\"https:\/\/www.ansa.it\/sito\/notizie\/speciali\/dalladdio-a-francesco-al-nuovo-papa\/2025\/05\/04\/la-papamobile-di-francesco-per-i-bimbi-malati-di-gaza_f0fd6064-accc-4ae3-8eec-f2efbab88237.html\" target=\"_blank\" rel=\"noopener noreferrer\">ANSA<\/a>, el auto ya est\u00e1 en manos de C\u00e1ritas Jerusal\u00e9n, que con la ayuda de C\u00e1ritas Suecia lo est\u00e1 modificando para que cuente con equipos de diagn\u00f3stico, examen y tratamiento. Se estima que estar\u00e1 listo para proporcionar atenci\u00f3n sanitaria b\u00e1sica cuando se reabra el corredor humanitario para el enclave.<\/p>\n<\/div>\n","protected":false},"excerpt":{"rendered":"<p>Publicado: 5 may 2025 00:36 GMT El veh\u00edculo del papa Francisco, popularmente conocido como &#8216;papam\u00f3vil&#8217;, ser\u00e1 convertido en un peque\u00f1o puesto de salud para los ni\u00f1os de la Franja de Gaza, cumpliendo con la voluntad expresada por el sumo pont\u00edfice antes de fallecer. Seg\u00fan reporta ANSA, el auto ya est\u00e1 en manos de C\u00e1ritas Jerusal\u00e9n, [&hellip;]<\/p>\n","protected":false},"author":1,"featured_media":153554,"comment_status":"closed","ping_status":"closed","sticky":false,"template":"","format":"standard","meta":[],"categories":[22],"tags":[],"_links":{"self":[{"href":"http:\/\/cordobainforma.info\/index.php\/wp-json\/wp\/v2\/posts\/153553"}],"collection":[{"href":"http:\/\/cordobainforma.info\/index.php\/wp-json\/wp\/v2\/posts"}],"about":[{"href":"http:\/\/cordobainforma.info\/index.php\/wp-json\/wp\/v2\/types\/post"}],"author":[{"embeddable":true,"href":"http:\/\/cordobainforma.info\/index.php\/wp-json\/wp\/v2\/users\/1"}],"replies":[{"embeddable":true,"href":"http:\/\/cordobainforma.info\/index.php\/wp-json\/wp\/v2\/comments?post=153553"}],"version-history":[{"count":0,"href":"http:\/\/cordobainforma.info\/index.php\/wp-json\/wp\/v2\/posts\/153553\/revisions"}],"wp:featuredmedia":[{"embeddable":true,"href":"http:\/\/cordobainforma.info\/index.php\/wp-json\/wp\/v2\/media\/153554"}],"wp:attachment":[{"href":"http:\/\/cordobainforma.info\/index.php\/wp-json\/wp\/v2\/media?parent=153553"}],"wp:term":[{"taxonomy":"category","embeddable":true,"href":"http:\/\/cordobainforma.info\/index.php\/wp-json\/wp\/v2\/categories?post=153553"},{"taxonomy":"post_tag","embeddable":true,"href":"http:\/\/cordobainforma.info\/index.php\/wp-json\/wp\/v2\/tags?post=153553"}],"curies":[{"name":"wp","href":"https:\/\/api.w.org\/{rel}","templated":true}]}}