{"id":152220,"date":"2025-04-24T20:28:11","date_gmt":"2025-04-24T20:28:11","guid":{"rendered":"http:\/\/cordobainforma.info\/index.php\/2025\/04\/24\/conflicto-con-el-campo-el-productor-se-sienta-sobre-la-soja-para-pagar-alquileres\/"},"modified":"2025-04-24T20:28:11","modified_gmt":"2025-04-24T20:28:11","slug":"conflicto-con-el-campo-el-productor-se-sienta-sobre-la-soja-para-pagar-alquileres","status":"publish","type":"post","link":"http:\/\/cordobainforma.info\/index.php\/2025\/04\/24\/conflicto-con-el-campo-el-productor-se-sienta-sobre-la-soja-para-pagar-alquileres\/","title":{"rendered":"Conflicto con el campo: &quot;El productor se sienta sobre la soja para pagar alquileres&quot;"},"content":{"rendered":"<p>&#8230; <b>Econom\u00eda<\/b>. Conflicto con el campo: &quot;El productor se &#8230; Desarticulan una verdadera &quot;f\u00e1brica&quot; de celulares en barrio Alto Alberdi de <b>C\u00f3rdoba<\/b>. <b>C\u00f3rdoba<\/b>&nbsp;&#8230; <\/p>\n","protected":false},"excerpt":{"rendered":"<p>&#8230; Econom\u00eda. Conflicto con el campo: &quot;El productor se &#8230; Desarticulan una verdadera &quot;f\u00e1brica&quot; de celulares en barrio Alto Alberdi de C\u00f3rdoba. C\u00f3rdoba&nbsp;&#8230;<\/p>\n","protected":false},"author":1,"featured_media":0,"comment_status":"closed","ping_status":"closed","sticky":false,"template":"","format":"standard","meta":[],"categories":[23],"tags":[],"_links":{"self":[{"href":"http:\/\/cordobainforma.info\/index.php\/wp-json\/wp\/v2\/posts\/152220"}],"collection":[{"href":"http:\/\/cordobainforma.info\/index.php\/wp-json\/wp\/v2\/posts"}],"about":[{"href":"http:\/\/cordobainforma.info\/index.php\/wp-json\/wp\/v2\/types\/post"}],"author":[{"embeddable":true,"href":"http:\/\/cordobainforma.info\/index.php\/wp-json\/wp\/v2\/users\/1"}],"replies":[{"embeddable":true,"href":"http:\/\/cordobainforma.info\/index.php\/wp-json\/wp\/v2\/comments?post=152220"}],"version-history":[{"count":0,"href":"http:\/\/cordobainforma.info\/index.php\/wp-json\/wp\/v2\/posts\/152220\/revisions"}],"wp:attachment":[{"href":"http:\/\/cordobainforma.info\/index.php\/wp-json\/wp\/v2\/media?parent=152220"}],"wp:term":[{"taxonomy":"category","embeddable":true,"href":"http:\/\/cordobainforma.info\/index.php\/wp-json\/wp\/v2\/categories?post=152220"},{"taxonomy":"post_tag","embeddable":true,"href":"http:\/\/cordobainforma.info\/index.php\/wp-json\/wp\/v2\/tags?post=152220"}],"curies":[{"name":"wp","href":"https:\/\/api.w.org\/{rel}","templated":true}]}}