{"id":152120,"date":"2025-04-23T23:05:16","date_gmt":"2025-04-23T23:05:16","guid":{"rendered":"http:\/\/cordobainforma.info\/index.php\/2025\/04\/23\/trump-da-nuevos-detalles-sobre-cuando-podria-reunirse-con-putin\/"},"modified":"2025-04-23T23:05:16","modified_gmt":"2025-04-23T23:05:16","slug":"trump-da-nuevos-detalles-sobre-cuando-podria-reunirse-con-putin","status":"publish","type":"post","link":"http:\/\/cordobainforma.info\/index.php\/2025\/04\/23\/trump-da-nuevos-detalles-sobre-cuando-podria-reunirse-con-putin\/","title":{"rendered":"Trump da nuevos detalles sobre cu\u00e1ndo podr\u00eda reunirse con Putin"},"content":{"rendered":"<p><img src=\"http:\/\/cordobainforma.info\/wp-content\/uploads\/2025\/04\/trump-da-nuevos-detalles-sobre-cuando-podria-reunirse-con-putin.jpg\"><\/p>\n<div readability=\"32\">\n<p><span>Publicado:<\/span><time class=\"Timestamp-root Timestamp-isBlackColor \" datetime=\"2025-04-23T23:05:16+00:00\"> 23 abr 2025 23:05 GMT <\/time><\/p>\n<\/div>\n<div readability=\"34\">\n<p> La reuni\u00f3n marcar\u00eda un hito en los esfuerzos diplom\u00e1ticos para normalizar las relaciones entre Rusia y EE.UU., as\u00ed como tambi\u00e9n para resolver el conflicto ucraniano. <\/p>\n<\/div>\n<div readability=\"65.057142857143\">\n<p>La reuni\u00f3n entre el presidente ruso, Vlad\u00edmir Putin, y su par estadounidense, Donald Trump, podr\u00eda tener lugar poco despu\u00e9s del viaje del mandatario norteamericano a Arabia Saudita el pr\u00f3ximo mes, seg\u00fan <a href=\"https:\/\/www.youtube.com\/watch?v=jdvphMngqUQ\" target=\"_blank\" rel=\"noopener noreferrer\">sostuvo<\/a> el propio Trump.<\/p>\n<p>\u00ab<strong>Me reunir\u00e9 con \u00e9l<\/strong>\u00ab, respondi\u00f3 Trump a la pregunta de si esperaba encontrarse con Putin, hablando con periodistas en la Casa Blanca.<\/p>\n<div class=\"ReadMore-root Section-root Section-is1to3-xs_is1to1\" data-widgets=\"ReadMore\">\n<div class=\"Section-container Section-isRow-isTop-isWrap\">\n<article class=\"Card-root Card-is1to1 Card-default \">\n<div class=\"Card-imageWrap\">\n<div class=\"Card-picture\"> <picture class=\"Picture-root Picture-default\"><!--[if IE 9]><video style=\"display: none;\"><![endif]--><source media=\"(-webkit-min-device-pixel-ratio: 2) and (min-resolution: 120dpi)\" srcset=\"http:\/\/cordobainforma.info\/wp-content\/uploads\/2025\/04\/trump-da-nuevos-detalles-sobre-cuando-podria-reunirse-con-putin-2.jpg 850w, http:\/\/cordobainforma.info\/wp-content\/uploads\/2025\/04\/trump-da-nuevos-detalles-sobre-cuando-podria-reunirse-con-putin-3.jpg 1960w\"><source srcset=\"http:\/\/cordobainforma.info\/wp-content\/uploads\/2025\/04\/trump-da-nuevos-detalles-sobre-cuando-podria-reunirse-con-putin-2.jpg, https:\/\/actualidad.rt.com\/actualidad\/460, http:\/\/cordobainforma.info\/wp-content\/uploads\/2025\/04\/trump-da-nuevos-detalles-sobre-cuando-podria-reunirse-con-putin-3.jpg 980w\"><!--[if IE 9]><\/video><![endif]--><img data-sizes=\"auto\" src=\"http:\/\/cordobainforma.info\/wp-content\/uploads\/2025\/04\/trump-da-nuevos-detalles-sobre-cuando-podria-reunirse-con-putin-2.jpg\" class=\"Picture-root Picture-default lazyload\" alt=\"Kremlin: Los preparativos para una reuni\u00f3n entre Putin y Trump est\u00e1n en marcha\"><\/picture><!-- noscript pattern --><noscript><img src=\"http:\/\/cordobainforma.info\/wp-content\/uploads\/2025\/04\/trump-da-nuevos-detalles-sobre-cuando-podria-reunirse-con-putin-3.jpg\" alt=\"Kremlin: Los preparativos para una reuni\u00f3n entre Putin y Trump est\u00e1n en marcha\"><\/noscript> <\/div><\/div>\n<\/article><\/div><\/div>\n<p>Interpelado sobre si eso podr\u00eda suceder durante su visita de Arabia Saudita a mediados de mayo, precis\u00f3: \u00abEs posible, pero lo m\u00e1s probable es que no. Creo que nos reuniremos con \u00e9l <strong>un poco despu\u00e9s<\/strong>\u00ab.<\/p>\n<p>Por su parte, el portavoz del Kremlin, Dmitri Peskov, tambi\u00e9n se <a href=\"https:\/\/www.lepoint.fr\/monde\/exclusif-dmitri-peskov-porte-parole-de-poutine-la-russie-veut-atteindre-nos-buts-pacifiquement-ou-militairement-23-04-2025-2588063_24.php#11\" target=\"_blank\" rel=\"noopener noreferrer\">pronunci\u00f3<\/a>&nbsp;con respecto a la posibilidad de una reuni\u00f3n entre los l\u00edderes de ambos pa\u00edses, en el marco de los esfuerzos diplom\u00e1ticos para normalizar las relaciones bilaterales y resolver el <strong>conflicto ucraniano<\/strong>.<\/p>\n<p>\u00abEsta reuni\u00f3n debe ser productiva. Tanto Trump como Putin quieren resultados. Por eso se est\u00e1n llevando a cabo los <strong>trabajos preparatorios<\/strong>\u00ab, declar\u00f3 en una entrevista con Le Point.<\/p>\n<p>Seg\u00fan el vocero, el l\u00edder de EE.UU. no ha fijado una fecha l\u00edmite para el alto el fuego en Ucrania y Rusia tampoco cree conveniente establecer un plazo.<\/p>\n<\/div>\n","protected":false},"excerpt":{"rendered":"<p>Publicado: 23 abr 2025 23:05 GMT La reuni\u00f3n marcar\u00eda un hito en los esfuerzos diplom\u00e1ticos para normalizar las relaciones entre Rusia y EE.UU., as\u00ed como tambi\u00e9n para resolver el conflicto ucraniano. La reuni\u00f3n entre el presidente ruso, Vlad\u00edmir Putin, y su par estadounidense, Donald Trump, podr\u00eda tener lugar poco despu\u00e9s del viaje del mandatario norteamericano [&hellip;]<\/p>\n","protected":false},"author":1,"featured_media":152121,"comment_status":"closed","ping_status":"closed","sticky":false,"template":"","format":"standard","meta":[],"categories":[22],"tags":[],"_links":{"self":[{"href":"http:\/\/cordobainforma.info\/index.php\/wp-json\/wp\/v2\/posts\/152120"}],"collection":[{"href":"http:\/\/cordobainforma.info\/index.php\/wp-json\/wp\/v2\/posts"}],"about":[{"href":"http:\/\/cordobainforma.info\/index.php\/wp-json\/wp\/v2\/types\/post"}],"author":[{"embeddable":true,"href":"http:\/\/cordobainforma.info\/index.php\/wp-json\/wp\/v2\/users\/1"}],"replies":[{"embeddable":true,"href":"http:\/\/cordobainforma.info\/index.php\/wp-json\/wp\/v2\/comments?post=152120"}],"version-history":[{"count":0,"href":"http:\/\/cordobainforma.info\/index.php\/wp-json\/wp\/v2\/posts\/152120\/revisions"}],"wp:featuredmedia":[{"embeddable":true,"href":"http:\/\/cordobainforma.info\/index.php\/wp-json\/wp\/v2\/media\/152121"}],"wp:attachment":[{"href":"http:\/\/cordobainforma.info\/index.php\/wp-json\/wp\/v2\/media?parent=152120"}],"wp:term":[{"taxonomy":"category","embeddable":true,"href":"http:\/\/cordobainforma.info\/index.php\/wp-json\/wp\/v2\/categories?post=152120"},{"taxonomy":"post_tag","embeddable":true,"href":"http:\/\/cordobainforma.info\/index.php\/wp-json\/wp\/v2\/tags?post=152120"}],"curies":[{"name":"wp","href":"https:\/\/api.w.org\/{rel}","templated":true}]}}