{"id":152118,"date":"2025-04-23T23:28:12","date_gmt":"2025-04-23T23:28:12","guid":{"rendered":"http:\/\/cordobainforma.info\/index.php\/2025\/04\/23\/al-menos-20-candidatos-a-comicios-del-poder-judicial-en-mexico-tienen-nexos-con-la-defensa-de-narcos\/"},"modified":"2025-04-23T23:28:12","modified_gmt":"2025-04-23T23:28:12","slug":"al-menos-20-candidatos-a-comicios-del-poder-judicial-en-mexico-tienen-nexos-con-la-defensa-de-narcos","status":"publish","type":"post","link":"http:\/\/cordobainforma.info\/index.php\/2025\/04\/23\/al-menos-20-candidatos-a-comicios-del-poder-judicial-en-mexico-tienen-nexos-con-la-defensa-de-narcos\/","title":{"rendered":"Al menos 20 candidatos a comicios del Poder Judicial en M\u00e9xico tienen nexos con la defensa de narcos"},"content":{"rendered":"<div><img src=\"http:\/\/cordobainforma.info\/wp-content\/uploads\/2025\/04\/al-menos-20-candidatos-a-comicios-del-poder-judicial-en-mexico-tienen-nexos-con-la-defensa-de-narcos.jpg\" class=\"ff-og-image-inserted\"><\/div>\n<div readability=\"32\">\n<p><span>Publicado:<\/span><time class=\"Timestamp-root Timestamp-isBlackColor \" datetime=\"2025-04-23T23:28:12+00:00\"> 23 abr 2025 23:28 GMT <\/time><\/p>\n<\/div>\n<div readability=\"50.058823529412\">\n<p>Al menos 20 candidatos a las in\u00e9ditas <a href=\"https:\/\/actualidad.rt.com\/actualidad\/536537-shainbaum-reunion-autoridades-electorales-comicios-judiciales\" target=\"_blank\" rel=\"noopener noreferrer\">elecciones<\/a> del Poder Judicial en M\u00e9xico, previstas para el 1 de junio pr\u00f3ximo, est\u00e1n <a href=\"https:\/\/actualidad.rt.com\/actualidad\/545101-cargo-busca-abogada-chapo-mexico\" target=\"_blank\" rel=\"noopener noreferrer\">vinculados<\/a> con la defensa de narcotraficantes, dijo el presidente del Senado de ese pa\u00eds,&nbsp;Gerardo Fern\u00e1ndez Noro\u00f1a, quien&nbsp;anticip\u00f3 que impugnar\u00e1 ante el Tribunal Electoral del Poder Judicial de la Federaci\u00f3n (TEPJF) esas candidaturas.<\/p>\n<p>\u00abNosotros&nbsp;s\u00ed vamos a impugnar [a] las personas que tenemos ubicadas, que desde nuestro punto de vista no son id\u00f3neas, no es un asunto de capricho o de veto, sino que [si] fue defensor p\u00fablico de narcos, entonces no debe [participar en la contienda]. [De] igual manera, alguna&nbsp;persona juzgadora que haya actuado de forma sistem\u00e1tica liberando narcos con amparos\u00bb, expres\u00f3 en declaraciones a medios el senador por&nbsp;el partido oficialista Movimiento de Regeneraci\u00f3n Nacional (Morena), citado por <a href=\"https:\/\/www.elfinanciero.com.mx\/nacional\/2025\/04\/23\/senado-detecta-a-20-candidatos-que-liberaron-narcos-intentara-tumbarlos-antes-de-eleccion-judicial\/\" target=\"_blank\" rel=\"noopener noreferrer\">El Financiero<\/a>.<\/p>\n<\/div>\n","protected":false},"excerpt":{"rendered":"<p>Publicado: 23 abr 2025 23:28 GMT Al menos 20 candidatos a las in\u00e9ditas elecciones del Poder Judicial en M\u00e9xico, previstas para el 1 de junio pr\u00f3ximo, est\u00e1n vinculados con la defensa de narcotraficantes, dijo el presidente del Senado de ese pa\u00eds,&nbsp;Gerardo Fern\u00e1ndez Noro\u00f1a, quien&nbsp;anticip\u00f3 que impugnar\u00e1 ante el Tribunal Electoral del Poder Judicial de la [&hellip;]<\/p>\n","protected":false},"author":1,"featured_media":152119,"comment_status":"closed","ping_status":"closed","sticky":false,"template":"","format":"standard","meta":[],"categories":[22],"tags":[],"_links":{"self":[{"href":"http:\/\/cordobainforma.info\/index.php\/wp-json\/wp\/v2\/posts\/152118"}],"collection":[{"href":"http:\/\/cordobainforma.info\/index.php\/wp-json\/wp\/v2\/posts"}],"about":[{"href":"http:\/\/cordobainforma.info\/index.php\/wp-json\/wp\/v2\/types\/post"}],"author":[{"embeddable":true,"href":"http:\/\/cordobainforma.info\/index.php\/wp-json\/wp\/v2\/users\/1"}],"replies":[{"embeddable":true,"href":"http:\/\/cordobainforma.info\/index.php\/wp-json\/wp\/v2\/comments?post=152118"}],"version-history":[{"count":0,"href":"http:\/\/cordobainforma.info\/index.php\/wp-json\/wp\/v2\/posts\/152118\/revisions"}],"wp:featuredmedia":[{"embeddable":true,"href":"http:\/\/cordobainforma.info\/index.php\/wp-json\/wp\/v2\/media\/152119"}],"wp:attachment":[{"href":"http:\/\/cordobainforma.info\/index.php\/wp-json\/wp\/v2\/media?parent=152118"}],"wp:term":[{"taxonomy":"category","embeddable":true,"href":"http:\/\/cordobainforma.info\/index.php\/wp-json\/wp\/v2\/categories?post=152118"},{"taxonomy":"post_tag","embeddable":true,"href":"http:\/\/cordobainforma.info\/index.php\/wp-json\/wp\/v2\/tags?post=152118"}],"curies":[{"name":"wp","href":"https:\/\/api.w.org\/{rel}","templated":true}]}}