{"id":152100,"date":"2025-04-23T22:42:00","date_gmt":"2025-04-23T22:42:00","guid":{"rendered":"http:\/\/cordobainforma.info\/index.php\/2025\/04\/23\/a-un-ano-de-la-marcha-universitaria-la-uba-lanzo-un-spot-con-un-guino-a-milei-conan-tiene-alguien-en-quien-confiar\/"},"modified":"2025-04-23T22:42:00","modified_gmt":"2025-04-23T22:42:00","slug":"a-un-ano-de-la-marcha-universitaria-la-uba-lanzo-un-spot-con-un-guino-a-milei-conan-tiene-alguien-en-quien-confiar","status":"publish","type":"post","link":"http:\/\/cordobainforma.info\/index.php\/2025\/04\/23\/a-un-ano-de-la-marcha-universitaria-la-uba-lanzo-un-spot-con-un-guino-a-milei-conan-tiene-alguien-en-quien-confiar\/","title":{"rendered":"A un a\u00f1o de la marcha universitaria, la UBA lanz\u00f3 un spot con un gui\u00f1o a Milei: \u00abConan tiene alguien en quien confiar\u00bb"},"content":{"rendered":"<div class=\"media_block\"><\/div>\n<div><img src=\"http:\/\/cordobainforma.info\/wp-content\/uploads\/2025\/04\/a-un-ano-de-la-marcha-universitaria-la-uba-lanzo-un-spot-con-un-guino-a-milei-conan-tiene-alguien-en-quien-confiar.jpg\" class=\"ff-og-image-inserted\"><\/div>\n<p>En el marco del primer aniversario de la masiva marcha universitaria en defensa de la educaci\u00f3n p\u00fablica, la <strong>Universidad de Buenos Aires <\/strong>(UBA) public\u00f3 un spot en redes sociales bajo el lema \u00ab<em>Cuidemos lo que nos une, cuidemos lo que funciona<\/em>\u00ab. El video incluye adem\u00e1s un <strong>gui\u00f1o ir\u00f3nico al presidente <a target=\"_blank\" href=\"https:\/\/www.perfil.com\/noticias\/politica\/el-gobierno-apura-el-veto-a-la-ley-de-financiamiento-universitario.phtml\" rel=\"noopener noreferrer\">Javier Milei<\/a><\/strong> con la aparici\u00f3n de un mast\u00edn ingl\u00e9s llamado Conan.<\/p>\n<p>\u00ab<strong>\u00a1Hace un a\u00f1o hicimos historia! <\/strong>El 23 de abril de 2024 fuimos millones los y las que salimos a la calle a gritar con orgullo: &#8216;\u00a1Que viva la universidad p\u00fablica!&#8217;. Un a\u00f1o despu\u00e9s, somos millones los y las que queremos seguir cuidando lo que funciona\u00bb, expres\u00f3 la UBA en su cuenta oficial de Instagram al difundir la pieza.<\/p>\n<p class=\"destacadoNota\"><a target=\"_blank\" href=\"https:\/\/www.perfil.com\/noticias\/actualidad\/marcha-federal-universitaria-corte-de-calles-y-operativo-de-seguridad.phtml\" rel=\"noopener noreferrer\">Marcha universitaria: en una nueva movilizaci\u00f3n masiva, hubo reclamos por m\u00e1s fondos para las universidades p\u00fablicas<\/a><\/p>\n<div class=\"subscription\" readability=\"6.683257918552\">\n<p> Esto no les gusta a los autoritarios <\/p>\n<div class=\"subscription__container\" readability=\"6.1467391304348\">\n<div class=\"subscription__text-wrapper\" readability=\"31.20652173913\">\n<p> El ejercicio del periodismo profesional y cr\u00edtico es un pilar fundamental de la democracia. Por eso molesta a quienes creen ser los due\u00f1os de la verdad. <\/p>\n<\/p><\/div><\/div><\/div>\n<p>Narrado en off, el spot recorre historias de estudiantes y egresados de dicha casa estudios. Asimismo, se incluyen fragmentos de los discursos pronunciados por <a target=\"_blank\" href=\"https:\/\/www.perfil.com\/noticias\/politica\/con-memes-cinefilos-lula-levy-cuestiono-el-ajuste-en-cultura-e-ironizo-sobre-sus-oponentes-en-caba-volver-al-pasado-y-jurassic-pro.phtml\" rel=\"noopener noreferrer\"><strong>Lula Levy<\/strong><\/a> (actual candidata a primera legisladora porte\u00f1a de Evoluci\u00f3n Radical) y <strong>Piera Fern\u00e1ndez<\/strong> (presidenta de la Federaci\u00f3n Universitaria Argentina en ese entonces), referentes estudiantiles que tomaron la palabra durante el acto de la hist\u00f3rica marcha.<\/p>\n<p>\u00abAunque todav\u00eda queda mucho por resolver, hoy estamos orgullosos porque<strong> unidos logramos que la UBA siga funcionando<\/strong>\u00ab, menciona un locutor. Acto seguido, muestra a diferentes profesionales formados en el establecimiento educativo: un m\u00e9dico que atiende a una paciente, un arquitecto trabajando en su primer proyecto, y una veterinaria que cuida a un enorme mast\u00edn ingl\u00e9s.<\/p>\n<p>Es en ese momento donde aparece el gui\u00f1o al presidente. \u00abJulia [la veterinaria] tiene un mont\u00f3n de nuevos amigos&#8230; Y <strong>Conan alguien en qui\u00e9n confiar<\/strong>\u00ab, menciona el narrador, mientras se ve al perro recibiendo atenci\u00f3n veterinaria. Tanto la raza como el nombre del can coinciden con el del <a target=\"_blank\" href=\"https:\/\/www.perfil.com\/noticias\/bravotv\/conan-la-verdad-sobre-el-perro-fallecido-de-milei-y-por-que-es-un-mucho-mas-que-un-asunto-privado.phtml\" rel=\"noopener noreferrer\">primer perro de Milei<\/a>, clonado luego en Estados Unidos, cuyos descendientes hoy lo acompa\u00f1an en la residencia presidencial.<\/p>\n<p>\u00abGracias a vos, un a\u00f1o despu\u00e9s, hay miles de nuevos profesionales UBA, para millones de argentinos. Millones de razones para seguir defendiendo los salarios, la investigaci\u00f3n, la excelencia. <strong>Millones de razones para defender la universidad p\u00fablica. <\/strong>Cuidemos lo que nos une, cuidemos lo que funciona\u00bb, concluye el spot.<\/p>\n<p class=\"destacadoNota\"><a target=\"_blank\" href=\"https:\/\/www.perfil.com\/noticias\/politica\/quien-es-piera-fernandez-de-piccoli-la-lider-estudiantil-que-cerrara-la-marcha-universitaria.phtml\" rel=\"noopener noreferrer\">Qui\u00e9n es Piera Fern\u00e1ndez de Piccoli, la l\u00edder estudiantil que cerr\u00f3 la marcha universitaria<\/a><\/p>\n<p>El 23 de abril del a\u00f1o pasado, una multitud se moviliz\u00f3 en la Ciudad de Buenos Aires para reclamar por el financiamiento universitario, en un contexto de versiones sobre posibles recortes impulsados por el gobierno libertario. Mientras los organizadores estimaron una participaci\u00f3n de <strong>800 mil personas<\/strong>, la Polic\u00eda de la Ciudad report\u00f3 alrededor de 150 mil manifestantes que salieron a las calles en rechazo al ajuste sobre las universidades p\u00fablicas.<\/p>\n<p><a target=\"_blank\" href=\"https:\/\/www.perfil.com\/noticias\/actualidad\/los-jubilados-vuelven-a-marchar-con-el-apoyo-de-la-cgt.phtml\" rel=\"noopener noreferrer\">La concentraci\u00f3n<\/a> principal se llev\u00f3 a cabo en Plaza de Mayo, aunque tambi\u00e9n hubo protestas en al menos diez ciudades del interior del pa\u00eds. La jornada termin\u00f3 por convertirse en<strong> la marcha m\u00e1s masiva contra el oficialismo desde su llegada al poder<\/strong>.<\/p>\n<p>MB\/Gi<\/p>\n","protected":false},"excerpt":{"rendered":"<p>En el marco del primer aniversario de la masiva marcha universitaria en defensa de la educaci\u00f3n p\u00fablica, la Universidad de Buenos Aires (UBA) public\u00f3 un spot en redes sociales bajo el lema \u00abCuidemos lo que nos une, cuidemos lo que funciona\u00ab. El video incluye adem\u00e1s un gui\u00f1o ir\u00f3nico al presidente Javier Milei con la aparici\u00f3n [&hellip;]<\/p>\n","protected":false},"author":1,"featured_media":152101,"comment_status":"closed","ping_status":"closed","sticky":false,"template":"","format":"standard","meta":[],"categories":[2],"tags":[],"_links":{"self":[{"href":"http:\/\/cordobainforma.info\/index.php\/wp-json\/wp\/v2\/posts\/152100"}],"collection":[{"href":"http:\/\/cordobainforma.info\/index.php\/wp-json\/wp\/v2\/posts"}],"about":[{"href":"http:\/\/cordobainforma.info\/index.php\/wp-json\/wp\/v2\/types\/post"}],"author":[{"embeddable":true,"href":"http:\/\/cordobainforma.info\/index.php\/wp-json\/wp\/v2\/users\/1"}],"replies":[{"embeddable":true,"href":"http:\/\/cordobainforma.info\/index.php\/wp-json\/wp\/v2\/comments?post=152100"}],"version-history":[{"count":0,"href":"http:\/\/cordobainforma.info\/index.php\/wp-json\/wp\/v2\/posts\/152100\/revisions"}],"wp:featuredmedia":[{"embeddable":true,"href":"http:\/\/cordobainforma.info\/index.php\/wp-json\/wp\/v2\/media\/152101"}],"wp:attachment":[{"href":"http:\/\/cordobainforma.info\/index.php\/wp-json\/wp\/v2\/media?parent=152100"}],"wp:term":[{"taxonomy":"category","embeddable":true,"href":"http:\/\/cordobainforma.info\/index.php\/wp-json\/wp\/v2\/categories?post=152100"},{"taxonomy":"post_tag","embeddable":true,"href":"http:\/\/cordobainforma.info\/index.php\/wp-json\/wp\/v2\/tags?post=152100"}],"curies":[{"name":"wp","href":"https:\/\/api.w.org\/{rel}","templated":true}]}}