{"id":152090,"date":"2025-04-23T22:06:09","date_gmt":"2025-04-23T22:06:09","guid":{"rendered":"http:\/\/cordobainforma.info\/index.php\/2025\/04\/23\/cordoba-guardiana-la-provincia-presento-un-libro-para-conocer-las-areas-naturales-protegidas\/"},"modified":"2025-04-23T22:06:09","modified_gmt":"2025-04-23T22:06:09","slug":"cordoba-guardiana-la-provincia-presento-un-libro-para-conocer-las-areas-naturales-protegidas","status":"publish","type":"post","link":"http:\/\/cordobainforma.info\/index.php\/2025\/04\/23\/cordoba-guardiana-la-provincia-presento-un-libro-para-conocer-las-areas-naturales-protegidas\/","title":{"rendered":"<b>C\u00f3rdoba<\/b> guardiana: La Provincia present\u00f3 un libro para conocer las \u00c1reas Naturales Protegidas"},"content":{"rendered":"<p>El Gobierno de <b>C\u00f3rdoba<\/b>, a trav\u00e9s del Ministerio de Ambiente y <b>Econom\u00eda<\/b> Circular, present\u00f3 un libro que invita a recorrer las 30 \u00c1reas Naturales&nbsp;&#8230; <\/p>\n","protected":false},"excerpt":{"rendered":"<p>El Gobierno de C\u00f3rdoba, a trav\u00e9s del Ministerio de Ambiente y Econom\u00eda Circular, present\u00f3 un libro que invita a recorrer las 30 \u00c1reas Naturales&nbsp;&#8230;<\/p>\n","protected":false},"author":1,"featured_media":0,"comment_status":"closed","ping_status":"closed","sticky":false,"template":"","format":"standard","meta":[],"categories":[23],"tags":[],"_links":{"self":[{"href":"http:\/\/cordobainforma.info\/index.php\/wp-json\/wp\/v2\/posts\/152090"}],"collection":[{"href":"http:\/\/cordobainforma.info\/index.php\/wp-json\/wp\/v2\/posts"}],"about":[{"href":"http:\/\/cordobainforma.info\/index.php\/wp-json\/wp\/v2\/types\/post"}],"author":[{"embeddable":true,"href":"http:\/\/cordobainforma.info\/index.php\/wp-json\/wp\/v2\/users\/1"}],"replies":[{"embeddable":true,"href":"http:\/\/cordobainforma.info\/index.php\/wp-json\/wp\/v2\/comments?post=152090"}],"version-history":[{"count":0,"href":"http:\/\/cordobainforma.info\/index.php\/wp-json\/wp\/v2\/posts\/152090\/revisions"}],"wp:attachment":[{"href":"http:\/\/cordobainforma.info\/index.php\/wp-json\/wp\/v2\/media?parent=152090"}],"wp:term":[{"taxonomy":"category","embeddable":true,"href":"http:\/\/cordobainforma.info\/index.php\/wp-json\/wp\/v2\/categories?post=152090"},{"taxonomy":"post_tag","embeddable":true,"href":"http:\/\/cordobainforma.info\/index.php\/wp-json\/wp\/v2\/tags?post=152090"}],"curies":[{"name":"wp","href":"https:\/\/api.w.org\/{rel}","templated":true}]}}