{"id":152089,"date":"2025-04-23T22:13:16","date_gmt":"2025-04-23T22:13:16","guid":{"rendered":"http:\/\/cordobainforma.info\/index.php\/2025\/04\/23\/cordoba-y-el-cfi-acordaron-lineas-de-creditos-por-10-000-millones-para-fortalecer-el\/"},"modified":"2025-04-23T22:13:16","modified_gmt":"2025-04-23T22:13:16","slug":"cordoba-y-el-cfi-acordaron-lineas-de-creditos-por-10-000-millones-para-fortalecer-el","status":"publish","type":"post","link":"http:\/\/cordobainforma.info\/index.php\/2025\/04\/23\/cordoba-y-el-cfi-acordaron-lineas-de-creditos-por-10-000-millones-para-fortalecer-el\/","title":{"rendered":"<b>C\u00f3rdoba<\/b> y el CFI acordaron l\u00edneas de cr\u00e9ditos por $10.000 millones para fortalecer el &#8230;"},"content":{"rendered":"<p>&#8230; <b>Econom\u00eda<\/b> y Gesti\u00f3n P\u00fablica- destinadas a fomentar el desarrollo de &#8230; Esta <b>nueva<\/b> acci\u00f3n conjunta profundiza las asistencias financieras&nbsp;&#8230; <\/p>\n","protected":false},"excerpt":{"rendered":"<p>&#8230; Econom\u00eda y Gesti\u00f3n P\u00fablica- destinadas a fomentar el desarrollo de &#8230; Esta nueva acci\u00f3n conjunta profundiza las asistencias financieras&nbsp;&#8230;<\/p>\n","protected":false},"author":1,"featured_media":0,"comment_status":"closed","ping_status":"closed","sticky":false,"template":"","format":"standard","meta":[],"categories":[23],"tags":[],"_links":{"self":[{"href":"http:\/\/cordobainforma.info\/index.php\/wp-json\/wp\/v2\/posts\/152089"}],"collection":[{"href":"http:\/\/cordobainforma.info\/index.php\/wp-json\/wp\/v2\/posts"}],"about":[{"href":"http:\/\/cordobainforma.info\/index.php\/wp-json\/wp\/v2\/types\/post"}],"author":[{"embeddable":true,"href":"http:\/\/cordobainforma.info\/index.php\/wp-json\/wp\/v2\/users\/1"}],"replies":[{"embeddable":true,"href":"http:\/\/cordobainforma.info\/index.php\/wp-json\/wp\/v2\/comments?post=152089"}],"version-history":[{"count":0,"href":"http:\/\/cordobainforma.info\/index.php\/wp-json\/wp\/v2\/posts\/152089\/revisions"}],"wp:attachment":[{"href":"http:\/\/cordobainforma.info\/index.php\/wp-json\/wp\/v2\/media?parent=152089"}],"wp:term":[{"taxonomy":"category","embeddable":true,"href":"http:\/\/cordobainforma.info\/index.php\/wp-json\/wp\/v2\/categories?post=152089"},{"taxonomy":"post_tag","embeddable":true,"href":"http:\/\/cordobainforma.info\/index.php\/wp-json\/wp\/v2\/tags?post=152089"}],"curies":[{"name":"wp","href":"https:\/\/api.w.org\/{rel}","templated":true}]}}