{"id":148668,"date":"2025-03-27T14:16:29","date_gmt":"2025-03-27T14:16:29","guid":{"rendered":"https:\/\/www.clarin.com\/deportes\/franco-merece-lugar-pierre-gasly-elogio-colapinto-europa-ponen-fecha-debut_0_nKaTquQtOL.html"},"modified":"2025-03-27T14:16:29","modified_gmt":"2025-03-27T14:16:29","slug":"franco-merece-su-lugar-pierre-gasly-elogio-a-colapinto-y-en-europa-ya-le-ponen-fecha-a-su-debut","status":"publish","type":"post","link":"http:\/\/cordobainforma.info\/index.php\/2025\/03\/27\/franco-merece-su-lugar-pierre-gasly-elogio-a-colapinto-y-en-europa-ya-le-ponen-fecha-a-su-debut\/","title":{"rendered":"\u00abFranco merece su lugar\u00bb: Pierre Gasly elogi\u00f3 a Colapinto y en Europa ya le ponen fecha a su debut"},"content":{"rendered":"<p><img src=\"http:\/\/cordobainforma.info\/wp-content\/uploads\/2025\/03\/franco-merece-su-lugar-pierre-gasly-elogio-a-colapinto-y-en-europa-ya-le-ponen-fecha-a-su-debut.jpg\"><\/p>\n<div><img src=\"http:\/\/cordobainforma.info\/wp-content\/uploads\/2025\/03\/franco-merece-su-lugar-pierre-gasly-elogio-a-colapinto-y-en-europa-ya-le-ponen-fecha-a-su-debut-2.jpg\" class=\"ff-og-image-inserted\"><\/div>\n<div id=\"element-body-0\" readability=\"62\">\n<p><strong>Franco Colapinto<\/strong> espera con ansias su momento para volver a correr en la<strong> F\u00f3rmula 1<\/strong> mientras se desempe\u00f1a como piloto de reserva de <strong>Alpine<\/strong>. En los \u00faltimos meses dej\u00f3 una buena impresi\u00f3n formando parte de la escuder\u00eda francesa y se gan\u00f3 los elogios de <strong>Pierre Gasly<\/strong>, uno de los pilotos titulares, quien admiti\u00f3 que espera \u00abverlo pronto en la grilla\u00bb al argentino.<\/p>\n<\/div>\n<div id=\"element-body-1\" readability=\"66\">\n<p>En una entrevista con <em>Beyond The Grid<\/em>, el podcast oficial de la F1, el piloto franc\u00e9s habl\u00f3 sobre la situaci\u00f3n de Colapinto en el equipo y sobre la posibilidad de verlo correr en un futuro. \u00ab<strong>Me encanta Franco, ha hecho un trabajo excepcional y creo que tiene su lugar en la grilla<\/strong>, pero no hay que olvidar que todos los equipos tiene su piloto de reserva\u00bb, destac\u00f3 Gasly, que sabe muy bien lo que se siente estar como piloto de reserva esperando la oportunidad para subirse a un auto de F\u00f3rmula 1.<\/p>\n<\/div>\n<div id=\"element-body-2\" readability=\"65\">\n<p>\u00abFui piloto de reserva de Red Bull y de Toro Rosso. Quer\u00eda el asiento de los pilotos principales\u00bb, admiti\u00f3. \u00abMe gustan los pilotos principales, pero no estoy aqu\u00ed solo para ver. Estoy aqu\u00ed para competir\u00bb. Y no se olvid\u00f3 de mencionar a <strong>Jack Doohan<\/strong>, su compa\u00f1ero de equipo, que se encuentra bajo presi\u00f3n para rendir al m\u00e1ximo sabiendo que tiene no solo a Colapinto, si no a otros tres pilotos de reserva detr\u00e1s de \u00e9l.<\/p>\n<\/div>\n<div id=\"element-body-3\" readability=\"27.38566552901\">\n<blockquote class=\"twitter-tweet\" readability=\"8.8600682593857\">\n<p lang=\"es\" dir=\"ltr\">\u00a1Atenci\u00f3n a las palabras de Gasly! El franc\u00e9s de Alpine elogi\u00f3 a Franco Colapinto, su compa\u00f1ero y piloto reserva de la escuder\u00eda. <\/p>\n<p>\ud83d\udcf9 Beyond The Grid Podcast | <a href=\"https:\/\/twitter.com\/F1?ref_src=twsrc%5Etfw\">@F1<\/a> <\/p>\n<p>\ud83d\udcfa Toda la temporada de <a href=\"https:\/\/twitter.com\/hashtag\/F1?src=hash&amp;ref_src=twsrc%5Etfw\">#F1<\/a> por <a href=\"https:\/\/twitter.com\/hashtag\/DisneyPlus?src=hash&amp;ref_src=twsrc%5Etfw\">#DisneyPlus<\/a> Premium <a href=\"https:\/\/t.co\/vuDaKNrBwJ\">pic.twitter.com\/vuDaKNrBwJ<\/a><\/p>\n<p>\u2014 SportsCenter (@SC_ESPN) <a href=\"https:\/\/twitter.com\/SC_ESPN\/status\/1905019222519931186?ref_src=twsrc%5Etfw\">March 26, 2025<\/a><\/p><\/blockquote><\/div>\n<div id=\"element-body-4\" readability=\"62\">\n<p>\u00ab<strong>Cualquier piloto de reserva desea el asiento del equipo al que pertenecen<\/strong>. Independientemente de qui\u00e9n seas\u00bb, respondi\u00f3 el franc\u00e9s al ser preguntado sobre la situaci\u00f3n del australiano. \u00abCuando Jack fue piloto de reserva el a\u00f1o pasado, Esteban (Ocon) y yo est\u00e1bamos ah\u00ed y sab\u00edamos que quer\u00eda competir por uno de nuestros coches. Esa es la din\u00e1mica normal de un equipo de carreras\u00bb.<\/p>\n<\/div>\n<div id=\"element-body-6\" readability=\"63\">\n<p>\u00abY Franco est\u00e1 ah\u00ed, obviamente quiere correr\u00bb, agreg\u00f3. \u00ab<strong>Espero que lo veamos en la parrilla muy pronto porque ha demostrado ser un piloto muy fuerte<\/strong>, pero es la din\u00e1mica natural, no hay que extrapolar\u00bb. <\/p>\n<\/div>\n<div id=\"element-body-7\" readability=\"58\">\n<p>Estos elogios no tardaron en comenzar a circular entre los fan\u00e1ticos del piloto argentino que est\u00e1n igual de ansiosos por verlo correr en un futuro cercano.<\/p>\n<\/div>\n<div id=\"element-body-8\" readability=\"61\">\n<p>Gasly tambi\u00e9n es consciente de todo el ruido que se genera en redes sociales por la relaci\u00f3n entre Colapinto y Doohan, especialmente despu\u00e9s de que el australiano no haya demostrado el mejor rendimiento en las primeras carreras del a\u00f1o. Por eso el franc\u00e9s tambi\u00e9n destac\u00f3 que Doohan \u00abes un piloto muy r\u00e1pido\u00bb y que \u00bb no est\u00e1 teniendo el camino m\u00e1s f\u00e1cil\u00bb.<\/p>\n<\/div>\n<div id=\"element-body-9\" readability=\"67\">\n<p>Tom Clarkson, el conductor del programa, quiso indagar m\u00e1s en este aspecto, a lo que Gasly respondi\u00f3: \u00abEl tipo estaba en todos los medios antes de empezar a correr en F\u00f3rmula 1\u00bb, principalmente por ser el hijo de Mick Doohan, cinco veces campe\u00f3n mundial de motociclismo. \u00abNecesitas darle tiempo&#8230; Lo que es injusto es que no se habla sobre toda la gente de la misma forma, y no me gusta\u00bb, cerr\u00f3.<\/p>\n<\/div>\n<div id=\"element-body-10\" readability=\"62\">\n<p>En las \u00faltimas horas, la F\u00f3rmula 1 vivi\u00f3 un verdadero sismo con la decisi\u00f3n de Red Bull de mover a Lawson de su asiento para que lo reemplace Yuki Tsunoda. Finalmente, la escuder\u00eda madre realiz\u00f3 un enroque con su matriz, Racing Bulls y el neozeland\u00e9s cambiar\u00e1 de asiento con el japon\u00e9s.<\/p>\n<\/div>\n<div id=\"element-body-12\" readability=\"62\">\n<p>Muchos especulaban con que esa butaca pod\u00eda ser para Colapinto, aunque desde Alpine descartaron cualquier tipo de negociaci\u00f3n: \u00abFranco es nuestro\u00bb, le dijeron al diario Ol\u00e9 desde la escuder\u00eda francesa, dejando en claro que no lo ceder\u00edan.<\/p>\n<\/div>\n<div id=\"element-body-13\" readability=\"61\">\n<p>Ahora, desde la ESPN brit\u00e1nica aseguran que la fecha de debut para franco ser\u00eda el 18 de mayo, en la s\u00e9ptima fecha de la temporada, en el Gran Premio de Emilia Roma\u00f1a.<\/p>\n<\/div>\n","protected":false},"excerpt":{"rendered":"<p>Franco Colapinto espera con ansias su momento para volver a correr en la F\u00f3rmula 1 mientras se desempe\u00f1a como piloto de reserva de Alpine. En los \u00faltimos meses dej\u00f3 una buena impresi\u00f3n formando parte de la escuder\u00eda francesa y se gan\u00f3 los elogios de Pierre Gasly, uno de los pilotos titulares, quien admiti\u00f3 que espera [&hellip;]<\/p>\n","protected":false},"author":1,"featured_media":148669,"comment_status":"closed","ping_status":"closed","sticky":false,"template":"","format":"standard","meta":[],"categories":[20],"tags":[],"_links":{"self":[{"href":"http:\/\/cordobainforma.info\/index.php\/wp-json\/wp\/v2\/posts\/148668"}],"collection":[{"href":"http:\/\/cordobainforma.info\/index.php\/wp-json\/wp\/v2\/posts"}],"about":[{"href":"http:\/\/cordobainforma.info\/index.php\/wp-json\/wp\/v2\/types\/post"}],"author":[{"embeddable":true,"href":"http:\/\/cordobainforma.info\/index.php\/wp-json\/wp\/v2\/users\/1"}],"replies":[{"embeddable":true,"href":"http:\/\/cordobainforma.info\/index.php\/wp-json\/wp\/v2\/comments?post=148668"}],"version-history":[{"count":0,"href":"http:\/\/cordobainforma.info\/index.php\/wp-json\/wp\/v2\/posts\/148668\/revisions"}],"wp:featuredmedia":[{"embeddable":true,"href":"http:\/\/cordobainforma.info\/index.php\/wp-json\/wp\/v2\/media\/148669"}],"wp:attachment":[{"href":"http:\/\/cordobainforma.info\/index.php\/wp-json\/wp\/v2\/media?parent=148668"}],"wp:term":[{"taxonomy":"category","embeddable":true,"href":"http:\/\/cordobainforma.info\/index.php\/wp-json\/wp\/v2\/categories?post=148668"},{"taxonomy":"post_tag","embeddable":true,"href":"http:\/\/cordobainforma.info\/index.php\/wp-json\/wp\/v2\/tags?post=148668"}],"curies":[{"name":"wp","href":"https:\/\/api.w.org\/{rel}","templated":true}]}}