{"id":146824,"date":"2025-03-11T18:05:39","date_gmt":"2025-03-11T18:05:39","guid":{"rendered":"http:\/\/cordobainforma.info\/index.php\/2025\/03\/11\/milei-aprueba-por-decreto-un-nuevo-prestamo-del-fmi-por-que-hay-polemica\/"},"modified":"2025-03-11T18:05:39","modified_gmt":"2025-03-11T18:05:39","slug":"milei-aprueba-por-decreto-un-nuevo-prestamo-del-fmi-por-que-hay-polemica","status":"publish","type":"post","link":"http:\/\/cordobainforma.info\/index.php\/2025\/03\/11\/milei-aprueba-por-decreto-un-nuevo-prestamo-del-fmi-por-que-hay-polemica\/","title":{"rendered":"Milei aprueba por decreto un nuevo pr\u00e9stamo del FMI: \u00bfpor qu\u00e9 hay pol\u00e9mica?"},"content":{"rendered":"<p><img src=\"http:\/\/cordobainforma.info\/wp-content\/uploads\/2025\/03\/milei-aprueba-por-decreto-un-nuevo-prestamo-del-fmi-por-que-hay-polemica.jpg\"><\/p>\n<div readability=\"32\">\n<p><span>Publicado:<\/span><time class=\"Timestamp-root Timestamp-isBlackColor \" datetime=\"2025-03-11T18:05:39+00:00\"> 11 mar 2025 18:05 GMT <\/time><\/p>\n<\/div>\n<div readability=\"32\">\n<p> El presidente no revel\u00f3 el monto que le pedir\u00e1 al organismo internacional. <\/p>\n<\/div>\n<div readability=\"112.70074169623\">\n<p>El presidente de Argentina, Javier Milei, provoc\u00f3 una nueva pol\u00e9mica al aprobar,&nbsp;a trav\u00e9s de un decreto de necesidad y urgencia, un nuevo pr\u00e9stamo con el Fondo Monetario Internacional (<a href=\"https:\/\/actualidad-rt.com\/actualidad\/542034-bukele-reta-fmi-salvador-comprar-bitcoin\" target=\"_blank\" rel=\"noopener noreferrer\">FMI<\/a>), organismo al que ese pa\u00eds ya le debe m\u00e1s de 40.000 millones de d\u00f3lares.<\/p>\n<p>\u00abApru\u00e9banse las operaciones de cr\u00e9dito p\u00fablico contenidas en el Programa de Facilidades Extendidas a celebrarse entre el Poder Ejecutivo Nacional y el Fondo Monetario Internacional que tendr\u00e1n <strong>un plazo de amortizaci\u00f3n de diez a\u00f1os<\/strong>\u00ab, <a href=\"https:\/\/www.boletinoficial.gob.ar\/detalleAviso\/primera\/322325\/20250311\" target=\"_blank\" rel=\"noopener noreferrer\">se\u00f1ala<\/a>&nbsp;el decreto que fue publicado en el Bolet\u00edn Oficial.<\/p>\n<p>La medida, que ya hab\u00eda sido anticipada por <a href=\"https:\/\/actualidad-rt.com\/actualidad\/541550-milei-abre-sesiones-congreso-ausencias-oposicion\" target=\"_blank\" rel=\"noopener noreferrer\">Milei<\/a>&nbsp;la semana pasada, desat\u00f3 una&nbsp;fuerte controversia porque la legislaci\u00f3n argentina establece que <strong>los acuerdos financieros internacionales deben autorizados&nbsp;por el Congreso<\/strong>.<\/p>\n<figure class=\"RTImage-root\">\n<div class=\"RTImage-image RTImage-original\"><picture class=\"Picture-root Picture-original\"><!--[if IE 9]><video style=\"display: none;\"><![endif]--><source media=\"(-webkit-min-device-pixel-ratio: 2) and (min-resolution: 120dpi)\" srcset=\"http:\/\/cordobainforma.info\/wp-content\/uploads\/2025\/03\/milei-aprueba-por-decreto-un-nuevo-prestamo-del-fmi-por-que-hay-polemica-2.jpg 850w, http:\/\/cordobainforma.info\/wp-content\/uploads\/2025\/03\/milei-aprueba-por-decreto-un-nuevo-prestamo-del-fmi-por-que-hay-polemica-2.jpg 1960w\"><source srcset=\"http:\/\/cordobainforma.info\/wp-content\/uploads\/2025\/03\/milei-aprueba-por-decreto-un-nuevo-prestamo-del-fmi-por-que-hay-polemica-2.jpg 460w, http:\/\/cordobainforma.info\/wp-content\/uploads\/2025\/03\/milei-aprueba-por-decreto-un-nuevo-prestamo-del-fmi-por-que-hay-polemica-2.jpg 980w\"><!--[if IE 9]><\/video><![endif]--><img data-sizes=\"auto\" src=\"http:\/\/cordobainforma.info\/wp-content\/uploads\/2025\/03\/milei-aprueba-por-decreto-un-nuevo-prestamo-del-fmi-por-que-hay-polemica-2.jpg\" class=\"Picture-root Picture-original lazyload\" alt><\/picture><!-- noscript pattern --><noscript><img src=\"http:\/\/cordobainforma.info\/wp-content\/uploads\/2025\/03\/milei-aprueba-por-decreto-un-nuevo-prestamo-del-fmi-por-que-hay-polemica-2.jpg\" alt><\/noscript><\/div>\n<\/figure>\n<p>Sin embargo, los decretos presidenciales tienen car\u00e1cter de ley hasta que no sean rechazados en la C\u00e1mara de Diputados y en el Senado, lo que ahora obliga a la oposici\u00f3n a sesionar con car\u00e1cter de urgencia, en caso de que decida bloquear esa operaci\u00f3n.<\/p>\n<p>El decreto&nbsp;<strong>no&nbsp;aclara cu\u00e1nto se le pedir\u00e1 al FMI<\/strong>, ni las condiciones, plazos de pago e intereses de la nueva deuda. No obstante, autoriza al&nbsp;<a href=\"https:\/\/actualidad-rt.com\/actualidad\/540768-milei-financiero-clave-argentina-fmi\" target=\"_blank\" rel=\"noopener noreferrer\">presidente<\/a>&nbsp;a firmar un acuerdo con el organismo y asegura que usar\u00e1 este pr\u00e9stamo para cancelar la deuda del Estado con el Banco Central, con el objetivo de&nbsp;mejorar la posici\u00f3n financiera y la liquidez de sus reservas internacionales.<\/p>\n<p>Entre los motivos para tomar esta nueva deuda, el Gobierno explica&nbsp;que en diciembre de 2023, cuando <a href=\"https:\/\/actualidad-rt.com\/actualidad\/539924-noto-nervioso-cristina-fernandez-critica-milei\" target=\"_blank\" rel=\"noopener noreferrer\">Milei<\/a>&nbsp;asumi\u00f3 como presidente, la econom\u00eda argentina se encontraba en una situaci\u00f3n cr\u00edtica, con inestabilidad y estanflaci\u00f3n, control de capitales, sin acceso a financiamiento externo, baja intermediaci\u00f3n financiera, reservas internacionales netas negativas, marcadas distorsiones de precios relativos, inflaci\u00f3n del 211 % y brecha del 180 % en el tipo de cambio.<\/p>\n<div class=\"ReadMore-root Section-root Section-is1to3-xs_is1to1\" data-widgets=\"ReadMore\">\n<div class=\"Section-container Section-isRow-isTop-isWrap\">\n<article class=\"Card-root Card-is1to1 Card-default \">\n<div class=\"Card-imageWrap\">\n<div class=\"Card-picture\"> <picture class=\"Picture-root Picture-default\"><!--[if IE 9]><video style=\"display: none;\"><![endif]--><source media=\"(-webkit-min-device-pixel-ratio: 2) and (min-resolution: 120dpi)\" srcset=\"http:\/\/cordobainforma.info\/wp-content\/uploads\/2025\/03\/milei-aprueba-por-decreto-un-nuevo-prestamo-del-fmi-por-que-hay-polemica-3.jpg 850w, http:\/\/cordobainforma.info\/wp-content\/uploads\/2025\/03\/milei-aprueba-por-decreto-un-nuevo-prestamo-del-fmi-por-que-hay-polemica-4.jpg 1960w\"><source srcset=\"http:\/\/cordobainforma.info\/wp-content\/uploads\/2025\/03\/milei-aprueba-por-decreto-un-nuevo-prestamo-del-fmi-por-que-hay-polemica-3.jpg, https:\/\/actualidad.rt.com\/actualidad\/460, http:\/\/cordobainforma.info\/wp-content\/uploads\/2025\/03\/milei-aprueba-por-decreto-un-nuevo-prestamo-del-fmi-por-que-hay-polemica-4.jpg 980w\"><!--[if IE 9]><\/video><![endif]--><img data-sizes=\"auto\" src=\"http:\/\/cordobainforma.info\/wp-content\/uploads\/2025\/03\/milei-aprueba-por-decreto-un-nuevo-prestamo-del-fmi-por-que-hay-polemica-3.jpg\" class=\"Picture-root Picture-default lazyload\" alt=\"\u00bfEl dec\u00e1logo libertario? Estos son los 'diez mandamientos' de la era Milei\"><\/picture><!-- noscript pattern --><noscript><img src=\"http:\/\/cordobainforma.info\/wp-content\/uploads\/2025\/03\/milei-aprueba-por-decreto-un-nuevo-prestamo-del-fmi-por-que-hay-polemica-4.jpg\" alt=\"\u00bfEl dec\u00e1logo libertario? Estos son los 'diez mandamientos' de la era Milei\"><\/noscript> <\/div><\/div>\n<\/article><\/div><\/div>\n<p>En esa l\u00ednea, destaca&nbsp;que, en solo un a\u00f1o,&nbsp;<a href=\"https:\/\/actualidad-rt.com\/actualidad\/539887-milei-descartar-devaluacion-afirmar-precio-dolar-caer-piano\" target=\"_blank\" rel=\"noopener noreferrer\">Milei<\/a>&nbsp;logr\u00f3 estabilizar la macroeconom\u00eda pero recalca que para&nbsp;consolidar la recuperaci\u00f3n econ\u00f3mica es necesario el pr\u00e9stamo del FMI.<\/p>\n<h3>Reacciones<\/h3>\n<p>El senador opositor Mart\u00edn Do\u00f1ate <a href=\"https:\/\/x.com\/martindonate\/status\/1899270282482991399\" target=\"_blank\" rel=\"noopener noreferrer\">asegur\u00f3<\/a>&nbsp;que, con su decreto, Milei viol\u00f3 la Constituci\u00f3n y usurp\u00f3 funciones del Congreso. \u00ab<strong>No vamos a reconocer esta deuda canalla:<\/strong> el golpe financiero que destruye la Rep\u00fablica\u00bb, advirti\u00f3.<\/p>\n<p>Por su parte, la bancada del bloque peronista Uni\u00f3n por la Patria <a href=\"https:\/\/x.com\/diagonalesweb\/status\/1899184648246489466\" target=\"_blank\" rel=\"noopener noreferrer\">denunci\u00f3<\/a>&nbsp;penalmente al presidente, a quien acusan de querer &#8216;autoaprobarse&#8217; un pr\u00e9stamo que primero debe ser validado por el Congreso.<\/p>\n<p>La expresidenta Cristina Fern\u00e1ndez de Kirchner <a href=\"https:\/\/x.com\/CFKArgentina\/status\/1898705394190459244\" target=\"_blank\" rel=\"noopener noreferrer\">cuestion\u00f3<\/a>&nbsp;el pr\u00e9stamo desde el pasado domingo, a trav\u00e9s de un largo mensaje en redes sociales, en el que atribuy\u00f3&nbsp;la decisi\u00f3n de Milei al &#8216;fracaso&#8217; de su programa econ\u00f3mico.<\/p>\n<p>\u00abTe fall\u00f3 el experimento de la Escuela Austr\u00edaca, <strong>est\u00e1s con el agua al cuello porque te faltan d\u00f3lares y tir\u00e1s la toalla pidi\u00e9ndole un pr\u00e9stamo al FMI<\/strong> (&#8230;) dej\u00e1 de mentirle a la gente, est\u00e1s tan desesperado porque te faltan d\u00f3lares&nbsp;que vas a terminar haciendo el p\u00e9simo negocio para los intereses del pa\u00eds\u00bb, acus\u00f3.<\/p>\n<\/div>\n","protected":false},"excerpt":{"rendered":"<p>Publicado: 11 mar 2025 18:05 GMT El presidente no revel\u00f3 el monto que le pedir\u00e1 al organismo internacional. El presidente de Argentina, Javier Milei, provoc\u00f3 una nueva pol\u00e9mica al aprobar,&nbsp;a trav\u00e9s de un decreto de necesidad y urgencia, un nuevo pr\u00e9stamo con el Fondo Monetario Internacional (FMI), organismo al que ese pa\u00eds ya le debe [&hellip;]<\/p>\n","protected":false},"author":1,"featured_media":146825,"comment_status":"closed","ping_status":"closed","sticky":false,"template":"","format":"standard","meta":[],"categories":[22],"tags":[],"_links":{"self":[{"href":"http:\/\/cordobainforma.info\/index.php\/wp-json\/wp\/v2\/posts\/146824"}],"collection":[{"href":"http:\/\/cordobainforma.info\/index.php\/wp-json\/wp\/v2\/posts"}],"about":[{"href":"http:\/\/cordobainforma.info\/index.php\/wp-json\/wp\/v2\/types\/post"}],"author":[{"embeddable":true,"href":"http:\/\/cordobainforma.info\/index.php\/wp-json\/wp\/v2\/users\/1"}],"replies":[{"embeddable":true,"href":"http:\/\/cordobainforma.info\/index.php\/wp-json\/wp\/v2\/comments?post=146824"}],"version-history":[{"count":0,"href":"http:\/\/cordobainforma.info\/index.php\/wp-json\/wp\/v2\/posts\/146824\/revisions"}],"wp:featuredmedia":[{"embeddable":true,"href":"http:\/\/cordobainforma.info\/index.php\/wp-json\/wp\/v2\/media\/146825"}],"wp:attachment":[{"href":"http:\/\/cordobainforma.info\/index.php\/wp-json\/wp\/v2\/media?parent=146824"}],"wp:term":[{"taxonomy":"category","embeddable":true,"href":"http:\/\/cordobainforma.info\/index.php\/wp-json\/wp\/v2\/categories?post=146824"},{"taxonomy":"post_tag","embeddable":true,"href":"http:\/\/cordobainforma.info\/index.php\/wp-json\/wp\/v2\/tags?post=146824"}],"curies":[{"name":"wp","href":"https:\/\/api.w.org\/{rel}","templated":true}]}}