{"id":146683,"date":"2025-03-10T17:58:12","date_gmt":"2025-03-10T17:58:12","guid":{"rendered":"http:\/\/cordobainforma.info\/index.php\/2025\/03\/10\/designacion-de-jueces-en-la-csjn-la-clave-esta-en-el-senado-y-la-llave-la-tienen-los-senadores-de-la-ucr\/"},"modified":"2025-03-10T17:58:12","modified_gmt":"2025-03-10T17:58:12","slug":"designacion-de-jueces-en-la-csjn-la-clave-esta-en-el-senado-y-la-llave-la-tienen-los-senadores-de-la-ucr","status":"publish","type":"post","link":"http:\/\/cordobainforma.info\/index.php\/2025\/03\/10\/designacion-de-jueces-en-la-csjn-la-clave-esta-en-el-senado-y-la-llave-la-tienen-los-senadores-de-la-ucr\/","title":{"rendered":"Designaci\u00f3n de jueces en la CSJN: \u00abLa clave est\u00e1 en el Senado y la llave la tienen los senadores de la UCR\u00bb"},"content":{"rendered":"<div class=\"media_block\"><\/div>\n<div><img src=\"http:\/\/cordobainforma.info\/wp-content\/uploads\/2025\/03\/designacion-de-jueces-en-la-csjn-la-clave-esta-en-el-senado-y-la-llave-la-tienen-los-senadores-de-la-ucr-1.jpg\" class=\"ff-og-image-inserted\"><\/div>\n<p>La agenda pol\u00edtica en Argentina atraviesa un panorama delicado debido a las designaciones de Ariel Lijo y Manuel Garc\u00eda Mansilla que deben tratarse en el <a target=\"_blank\" href=\"https:\/\/perfil.com\/noticias\/politica\/senado-semana-clave-sobre-el-tratamiento-de-los-pliegos-de-lijo-y-garcia-mansilla.phtml\" rel=\"noopener noreferrer\">Congreso<\/a>, adem\u00e1s de la situaci\u00f3n tan complicada que padece Bah\u00eda Blanca. Ante este panorama, este medio dialog\u00f3 con el polit\u00f3logo, <strong>Gustavo Dami\u00e1n Gonz\u00e1lez<\/strong>.<\/p>\n<h2><strong>Tensi\u00f3n en el Senado por la designaci\u00f3n de los jueces en la Corte Suprema<\/strong><\/h2>\n<p>Uno de los temas centrales es la situaci\u00f3n en el Senado respecto a la designaci\u00f3n en la Corte Suprema. \u00abLa clave est\u00e1 en el Senado, y <strong>la llave la tienen los senadores de la Uni\u00f3n C\u00edvica Radical<\/strong>\u00ab, se\u00f1al\u00f3 Gustavo Gonz\u00e1lez, quien destac\u00f3 la divisi\u00f3n interna dentro del bloque radical. Mientras algunos sectores responden a gobernadores con necesidades econ\u00f3micas, otros buscan mantener autonom\u00eda en sus decisiones.<\/p>\n<p>El desaf\u00edo es lograr los dos tercios necesarios en ambas c\u00e1maras para rechazar la designaci\u00f3n. \u00abHoy nadie puede asegurar <strong>el rechazo o la aprobaci\u00f3n del decreto<\/strong>\u00ab, explic\u00f3 Gonz\u00e1lez, que luego enfatiz\u00f3 que la incertidumbre domina las negociaciones pol\u00edticas. El rechazo parece m\u00e1s probable en el caso del Lijo que de Garc\u00eda Mansilla, debido a la oposici\u00f3n tanto del oficialismo como de sectores del PRO.<\/p>\n<h2><strong>El costo pol\u00edtico de la tragedia en Bah\u00eda Blanca<\/strong><\/h2>\n<p>Las inundaciones en Bah\u00eda Blanca reavivaron el debate sobre la responsabilidad del Estado. \u00abEs indignante ver que la misma tragedia <strong>ocurre nuevamente en apenas un a\u00f1o y tres meses<\/strong>\u00ab, expres\u00f3 el entrevistado. Tambi\u00e9n se\u00f1al\u00f3 la falta de infraestructura adecuada para prevenir estos desastres.<\/p>\n<p>Desde el Gobierno Nacional, la postura es clara: mantener el d\u00e9ficit cero. \u00abEl Gobierno <strong>no se mover\u00e1 de su idea central<\/strong>\u00ab, afirm\u00f3 Gonz\u00e1lez. Sin embargo, las cr\u00edticas apuntan a la falta de inversi\u00f3n en obras que podr\u00edan haber mitigado el impacto de la tormenta. \u00ab<strong>Lo que llovi\u00f3 en Bah\u00eda Blanca en cuatro horas es lo que llueve en siete meses<\/strong>, pero en otras ciudades se han hecho obras que evitan este nivel de desastre\u00bb, argument\u00f3.<\/p>\n<h2><strong>La responsabilidad recae sobre todas las gestiones que pasaron por la provincia de Buenos Aires<\/strong><\/h2>\n<p>El polit\u00f3logo subray\u00f3 que la responsabilidad no recae en un solo sector pol\u00edtico: \u00abHan gobernado en la provincia de Buenos Aires dos signos pol\u00edticos y en la Naci\u00f3n, tres. <strong>Las obras no se hicieron a pesar de las advertencias del clima<\/strong>\u00ab. Ante esta realidad, critic\u00f3 la actitud de algunos dirigentes que buscan sacar r\u00e9dito pol\u00edtico de la tragedia en lugar de asumir responsabilidades.<\/p>\n<p>Gonz\u00e1lez insisti\u00f3 en la necesidad de un Estado presente. \u00abLa reconstrucci\u00f3n de Bah\u00eda Blanca <strong>requiere recursos humanos y econ\u00f3micos enormes<\/strong>. Esto es una responsabilidad indelegable del Estado\u00bb, concluy\u00f3.<\/p>\n<div class=\"article__tags\">\n<p>En esta Nota<\/p>\n<\/p><\/div>\n","protected":false},"excerpt":{"rendered":"<p>La agenda pol\u00edtica en Argentina atraviesa un panorama delicado debido a las designaciones de Ariel Lijo y Manuel Garc\u00eda Mansilla que deben tratarse en el Congreso, adem\u00e1s de la situaci\u00f3n tan complicada que padece Bah\u00eda Blanca. Ante este panorama, este medio dialog\u00f3 con el polit\u00f3logo, Gustavo Dami\u00e1n Gonz\u00e1lez. Tensi\u00f3n en el Senado por la designaci\u00f3n [&hellip;]<\/p>\n","protected":false},"author":1,"featured_media":146684,"comment_status":"closed","ping_status":"closed","sticky":false,"template":"","format":"standard","meta":[],"categories":[2],"tags":[],"_links":{"self":[{"href":"http:\/\/cordobainforma.info\/index.php\/wp-json\/wp\/v2\/posts\/146683"}],"collection":[{"href":"http:\/\/cordobainforma.info\/index.php\/wp-json\/wp\/v2\/posts"}],"about":[{"href":"http:\/\/cordobainforma.info\/index.php\/wp-json\/wp\/v2\/types\/post"}],"author":[{"embeddable":true,"href":"http:\/\/cordobainforma.info\/index.php\/wp-json\/wp\/v2\/users\/1"}],"replies":[{"embeddable":true,"href":"http:\/\/cordobainforma.info\/index.php\/wp-json\/wp\/v2\/comments?post=146683"}],"version-history":[{"count":0,"href":"http:\/\/cordobainforma.info\/index.php\/wp-json\/wp\/v2\/posts\/146683\/revisions"}],"wp:featuredmedia":[{"embeddable":true,"href":"http:\/\/cordobainforma.info\/index.php\/wp-json\/wp\/v2\/media\/146684"}],"wp:attachment":[{"href":"http:\/\/cordobainforma.info\/index.php\/wp-json\/wp\/v2\/media?parent=146683"}],"wp:term":[{"taxonomy":"category","embeddable":true,"href":"http:\/\/cordobainforma.info\/index.php\/wp-json\/wp\/v2\/categories?post=146683"},{"taxonomy":"post_tag","embeddable":true,"href":"http:\/\/cordobainforma.info\/index.php\/wp-json\/wp\/v2\/tags?post=146683"}],"curies":[{"name":"wp","href":"https:\/\/api.w.org\/{rel}","templated":true}]}}