{"id":146582,"date":"2025-03-09T18:25:00","date_gmt":"2025-03-09T18:25:00","guid":{"rendered":"http:\/\/cordobainforma.info\/index.php\/2025\/03\/09\/prohiben-al-candidato-lider-participar-en-las-elecciones-en-rumania-y-se-desatan-protestas\/"},"modified":"2025-03-09T18:25:00","modified_gmt":"2025-03-09T18:25:00","slug":"prohiben-al-candidato-lider-participar-en-las-elecciones-en-rumania-y-se-desatan-protestas","status":"publish","type":"post","link":"http:\/\/cordobainforma.info\/index.php\/2025\/03\/09\/prohiben-al-candidato-lider-participar-en-las-elecciones-en-rumania-y-se-desatan-protestas\/","title":{"rendered":"Proh\u00edben al candidato l\u00edder participar en las elecciones en Ruman\u00eda y se desatan protestas"},"content":{"rendered":"<p><img src=\"http:\/\/cordobainforma.info\/wp-content\/uploads\/2025\/03\/prohiben-al-candidato-lider-participar-en-las-elecciones-en-rumania-y-se-desatan-protestas.jpg\"><\/p>\n<div class=\"ArticleView-timestamp-and-authors\" readability=\"32\">\n<p><span>Publicado:<\/span><time class=\"Timestamp-root Timestamp-isBlackColor \" datetime=\"2025-03-09T18:25:00+00:00\"> 9 mar 2025 18:25 GMT <\/time><\/p>\n<\/div>\n<div class=\"ArticleView-summary\" readability=\"33\">\n<p> Calin Georgescu gan\u00f3 la primera ronda de las presidenciales, cuyos resultados fueron anulados. <\/p>\n<\/div>\n<div class=\"ArticleView-coverWrap\">\n<figure class=\"Cover-root\">\n<div class=\"Cover-image\"><picture class=\"Picture-root Picture-default\"><!--[if IE 9]><video style=\"display: none;\"><![endif]--><source media=\"(-webkit-min-device-pixel-ratio: 2) and (min-resolution: 120dpi)\" srcset=\"http:\/\/cordobainforma.info\/wp-content\/uploads\/2025\/03\/prohiben-al-candidato-lider-participar-en-las-elecciones-en-rumania-y-se-desatan-protestas.jpg 850w, http:\/\/cordobainforma.info\/wp-content\/uploads\/2025\/03\/prohiben-al-candidato-lider-participar-en-las-elecciones-en-rumania-y-se-desatan-protestas-1.jpg 1960w\"><source srcset=\"http:\/\/cordobainforma.info\/wp-content\/uploads\/2025\/03\/prohiben-al-candidato-lider-participar-en-las-elecciones-en-rumania-y-se-desatan-protestas.jpg 460w, http:\/\/cordobainforma.info\/wp-content\/uploads\/2025\/03\/prohiben-al-candidato-lider-participar-en-las-elecciones-en-rumania-y-se-desatan-protestas-1.jpg 980w\"><!--[if IE 9]><\/video><![endif]--><img data-sizes=\"auto\" src=\"http:\/\/cordobainforma.info\/wp-content\/uploads\/2025\/03\/prohiben-al-candidato-lider-participar-en-las-elecciones-en-rumania-y-se-desatan-protestas.jpg\" class=\"Picture-root Picture-default lazyload\" alt=\"Proh\u00edben al candidato l\u00edder participar en las elecciones en Ruman\u00eda y se desatan protestas\"><\/picture><!-- noscript pattern --><noscript><img src=\"http:\/\/cordobainforma.info\/wp-content\/uploads\/2025\/03\/prohiben-al-candidato-lider-participar-en-las-elecciones-en-rumania-y-se-desatan-protestas-1.jpg\" alt=\"Proh\u00edben al candidato l\u00edder participar en las elecciones en Ruman\u00eda y se desatan protestas\"><\/noscript><\/div>\n<\/figure>\n<\/div>\n<div class=\"Text-root Text-type_5 ArticleView-text ViewText-root \" readability=\"29.192307692308\">\n<div class=\"EmbedBlock-root EmbedBlock-twitter\">\n<div class=\"TwitterEmbed\" readability=\"6.5564516129032\">\n<blockquote class=\"twitter-tweet\" data-twitter=\"twitter-tweet\" data-media-max-width=\"560\" readability=\"6.9935483870968\">\n<p lang=\"es\" dir=\"ltr\">\ud83d\udea8\u26a1\ufe0f AHORA: Suspenden la candidatura del l\u00edder en las elecciones de RumaniaCalin Georgescu hab\u00eda ganado la primera vuelta de las presidenciales en noviembre, pero sus resultados fueron anulados por una supuesta injerencia rusa. <a href=\"https:\/\/t.co\/JhcmaRYFNo\">pic.twitter.com\/JhcmaRYFNo<\/a><\/p>\n<p>\u2014 RT en Espa\u00f1ol (@ActualidadRT) <a href=\"https:\/\/twitter.com\/ActualidadRT\/status\/1898802059219992995?ref_src=twsrc%5Etfw\">March 9, 2025<\/a><\/p><\/blockquote>\n<\/div>\n<\/div>\n<p><strong><em>M\u00e1s informaci\u00f3n, en breve.<\/em><\/strong><\/p>\n<\/div>\n<div class=\"ArticleView-comments\">\n<p><span> comentarios<\/span><\/p>\n<p><noscript>You use your browser with disabled JavaScript. Please enable JavaScript for comments.<\/noscript><\/div>\n","protected":false},"excerpt":{"rendered":"<p>Publicado: 9 mar 2025 18:25 GMT Calin Georgescu gan\u00f3 la primera ronda de las presidenciales, cuyos resultados fueron anulados. \ud83d\udea8\u26a1\ufe0f AHORA: Suspenden la candidatura del l\u00edder en las elecciones de RumaniaCalin Georgescu hab\u00eda ganado la primera vuelta de las presidenciales en noviembre, pero sus resultados fueron anulados por una supuesta injerencia rusa. pic.twitter.com\/JhcmaRYFNo \u2014 RT [&hellip;]<\/p>\n","protected":false},"author":1,"featured_media":146583,"comment_status":"closed","ping_status":"closed","sticky":false,"template":"","format":"standard","meta":[],"categories":[22],"tags":[],"_links":{"self":[{"href":"http:\/\/cordobainforma.info\/index.php\/wp-json\/wp\/v2\/posts\/146582"}],"collection":[{"href":"http:\/\/cordobainforma.info\/index.php\/wp-json\/wp\/v2\/posts"}],"about":[{"href":"http:\/\/cordobainforma.info\/index.php\/wp-json\/wp\/v2\/types\/post"}],"author":[{"embeddable":true,"href":"http:\/\/cordobainforma.info\/index.php\/wp-json\/wp\/v2\/users\/1"}],"replies":[{"embeddable":true,"href":"http:\/\/cordobainforma.info\/index.php\/wp-json\/wp\/v2\/comments?post=146582"}],"version-history":[{"count":0,"href":"http:\/\/cordobainforma.info\/index.php\/wp-json\/wp\/v2\/posts\/146582\/revisions"}],"wp:featuredmedia":[{"embeddable":true,"href":"http:\/\/cordobainforma.info\/index.php\/wp-json\/wp\/v2\/media\/146583"}],"wp:attachment":[{"href":"http:\/\/cordobainforma.info\/index.php\/wp-json\/wp\/v2\/media?parent=146582"}],"wp:term":[{"taxonomy":"category","embeddable":true,"href":"http:\/\/cordobainforma.info\/index.php\/wp-json\/wp\/v2\/categories?post=146582"},{"taxonomy":"post_tag","embeddable":true,"href":"http:\/\/cordobainforma.info\/index.php\/wp-json\/wp\/v2\/tags?post=146582"}],"curies":[{"name":"wp","href":"https:\/\/api.w.org\/{rel}","templated":true}]}}