{"id":14208,"date":"2021-06-05T13:00:00","date_gmt":"2021-06-05T13:00:00","guid":{"rendered":"https:\/\/ahora.com.ar\/\/patronato-y-otros-clubes-primera-saludaron-colon-n4237205"},"modified":"2021-06-05T13:00:00","modified_gmt":"2021-06-05T13:00:00","slug":"patronato-y-otros-clubes-de-primera-saludaron-a-colon","status":"publish","type":"post","link":"http:\/\/cordobainforma.info\/index.php\/2021\/06\/05\/patronato-y-otros-clubes-de-primera-saludaron-a-colon\/","title":{"rendered":"Patronato y otros clubes de Primera saludaron a Col\u00f3n"},"content":{"rendered":"<div><img src=\"http:\/\/cordobainforma.info\/wp-content\/uploads\/2021\/06\/patronato-y-otros-clubes-de-primera-saludaron-a-colon.jpg\" class=\"ff-og-image-inserted\"><\/div>\n<div id=\"article-post\">\n<header class=\"article-info-wrapper\" readability=\"24.585365853659\">\n<p><span class=\"fecha-detallenota\">05 de junio de 2021 &#8211; 10:06<\/span><\/p>\n<p class=\"interiorCopete\"> Mir\u00e1 todos los mensajes<\/p>\n<\/header>\n<\/div>\n<div id=\"article-post\">\n<div class=\"cuerpo\" data-twitter-link=\"https:\/\/twitter.com\/intent\/tweet?url=https:\/\/ahora.com.ar\/c4237205&amp;via=PlataformaAhora&amp;related=Ahora&amp;text=\" readability=\"9\">\n<p><strong>Col\u00f3n de Santa Fe<\/strong> es el nuevo campe\u00f3n del f\u00fatbol argentino. Este viernes derrot\u00f3 3 a 0 a Racing y se consagr\u00f3 con la Copa de la Liga Profesional, el primer t\u00edtulo de su historia.<\/p>\n<\/div>\n<\/div>\n<div id=\"article-post\">\n<div class=\"cuerpo\" data-twitter-link=\"https:\/\/twitter.com\/intent\/tweet?url=https:\/\/ahora.com.ar\/c4237205&amp;via=PlataformaAhora&amp;related=Ahora&amp;text=\" readability=\"5.5648788927336\">\n<p><strong>Mir\u00e1 el saludo de los equipos de Primera para el \u00abSabalero\u00bb.<\/strong><\/p>\n<div id=\"embed29_wrap\" class=\"embed_cont type_freetext\">\n<p><span onclick=\"parent.parent.TinyMCETdcuerpo.preview_embed('embed29')\" class=\"embed_colapse less\" id=\"embed29_colapse\"><\/span> Embed<\/p>\n<div id=\"embed29_content\" class=\"embed_content\">\n<div id=\"embed29_embed\" readability=\"8.75\">\n<blockquote class=\"twitter-tweet\" readability=\"11.666666666667\">\n<p dir=\"ltr\" lang=\"es\">\u00a1Salud, campe\u00f3n, <a href=\"https:\/\/twitter.com\/ColonOficial?ref_src=twsrc%5Etfw\">@ColonOficial<\/a>! <\/p>\n<p>El Club Atl\u00e9tico Tucum\u00e1n saluda al Sabalero por la obtenci\u00f3n del t\u00edtulo de la Copa de la Liga Profesional, y de una manera particular a Rodrigo, Bruno y el Pulga, tres hombres de nuestra casa. <a href=\"https:\/\/t.co\/f0AzVUo33D\">pic.twitter.com\/f0AzVUo33D<\/a><\/p>\n<p> \u2014 Atl\u00e9tico Tucum\u00e1n (@ATOficial) <a href=\"https:\/\/twitter.com\/ATOficial\/status\/1400977216775897090?ref_src=twsrc%5Etfw\">June 5, 2021<\/a><\/p><\/blockquote><\/div><\/div><\/div>\n<div id=\"embed0_wrap\" class=\"embed_cont type_freetext\">\n<p><span onclick=\"parent.parent.TinyMCETdcuerpo.preview_embed('embed0')\" class=\"embed_colapse less\" id=\"embed0_colapse\"><\/span> Embed<\/p>\n<div id=\"embed0_content\" class=\"embed_content\">\n<div id=\"embed0_embed\" readability=\"7.279702970297\">\n<blockquote class=\"twitter-tweet\" readability=\"8.5643564356436\">\n<p dir=\"ltr\" lang=\"es\">\u26bd\ufe0fUno m\u00e1s que se suma a los campeones de Copas Nacionales.<\/p>\n<p>El campe\u00f3n de la Copa Centenario de <a href=\"https:\/\/twitter.com\/afa?ref_src=twsrc%5Etfw\">@afa<\/a> te saluda.<\/p>\n<p>\u00a1Felicitaciones Sabalero, <a href=\"https:\/\/twitter.com\/ColonOficial?ref_src=twsrc%5Etfw\">@ColonOficial<\/a>!<\/p>\n<p> \u2014 #Gimnasia (@gimnasiaoficial) <a href=\"https:\/\/twitter.com\/gimnasiaoficial\/status\/1400974090874261505?ref_src=twsrc%5Etfw\">June 5, 2021<\/a><\/p><\/blockquote><\/div><\/div><\/div>\n<div id=\"embed40_wrap\" class=\"embed_cont type_freetext\">\n<p><span onclick=\"parent.parent.TinyMCETdcuerpo.preview_embed('embed40')\" class=\"embed_colapse less\" id=\"embed40_colapse\"><\/span> Embed<\/p>\n<div id=\"embed40_content\" class=\"embed_content\">\n<div id=\"embed40_embed\" readability=\"7.0193548387097\">\n<blockquote class=\"twitter-tweet\" readability=\"7.8967741935484\">\n<p dir=\"ltr\" lang=\"es\">El Club Defensa y Justicia Felicita al Club <a href=\"https:\/\/twitter.com\/ColonOficial?ref_src=twsrc%5Etfw\">@ColonOficial<\/a> por la obtenci\u00f3n de la <a href=\"https:\/\/twitter.com\/hashtag\/CopaDeLaLiga?src=hash&amp;ref_src=twsrc%5Etfw\">#CopaDeLaLiga<\/a> <br \/>\u00a1Felicitaciones Sabaleros!<br \/>Felicitamos especialmente a los ex Halcones Rafael Delgado, Nicol\u00e1s Leguizam\u00f3n, Gonzalo Piovi y Alexis Castro<\/p>\n<p> \u2014 Defensa y Justicia (Segu\u00ed cuid\u00e1ndote) (@ClubDefensayJus) <a href=\"https:\/\/twitter.com\/ClubDefensayJus\/status\/1401005621038702599?ref_src=twsrc%5Etfw\">June 5, 2021<\/a><\/p><\/blockquote><\/div><\/div><\/div>\n<div id=\"embed39_wrap\" class=\"embed_cont type_freetext\">\n<p><span onclick=\"parent.parent.TinyMCETdcuerpo.preview_embed('embed39')\" class=\"embed_colapse less\" id=\"embed39_colapse\"><\/span> Embed<\/p>\n<div id=\"embed39_content\" class=\"embed_content\">\n<div id=\"embed39_embed\" readability=\"5.8214285714286\">\n<blockquote class=\"twitter-tweet\" readability=\"5.8214285714286\">\n<p dir=\"ltr\" lang=\"es\">\u2b50 La A. A. Argentinos Juniors saluda y felicita al <a href=\"https:\/\/twitter.com\/ColonOficial?ref_src=twsrc%5Etfw\">@ColonOficial<\/a> por la obtenci\u00f3n de la Copa <a href=\"https:\/\/twitter.com\/LigaAFA?ref_src=twsrc%5Etfw\">@LigaAFA<\/a>, su primer t\u00edtulo en primera divisi\u00f3n.<\/p>\n<p> \u2014 Argentinos Juniors (@AAAJoficial) <a href=\"https:\/\/twitter.com\/AAAJoficial\/status\/1400966829846282249?ref_src=twsrc%5Etfw\">June 5, 2021<\/a><\/p><\/blockquote><\/div><\/div><\/div>\n<div id=\"embed86_wrap\" class=\"embed_cont type_freetext\">\n<p><span onclick=\"parent.parent.TinyMCETdcuerpo.preview_embed('embed86')\" class=\"embed_colapse less\" id=\"embed86_colapse\"><\/span> Embed<\/p>\n<div id=\"embed86_content\" class=\"embed_content\">\n<div id=\"embed86_embed\" readability=\"4.9208633093525\">\n<blockquote class=\"twitter-tweet\" readability=\"4.1007194244604\">\n<p dir=\"ltr\" lang=\"es\">Felicitamos a <a href=\"https:\/\/twitter.com\/ColonOficial?ref_src=twsrc%5Etfw\">@ColonOficial<\/a> por la obtenci\u00f3n de la Copa de la Liga Profesional de F\u00fatbol 2021.<\/p>\n<p> \u2014 River Plate (@RiverPlate) <a href=\"https:\/\/twitter.com\/RiverPlate\/status\/1400973152008740865?ref_src=twsrc%5Etfw\">June 5, 2021<\/a><\/p><\/blockquote><\/div><\/div><\/div>\n<div id=\"embed49_wrap\" class=\"embed_cont type_freetext\">\n<p><span onclick=\"parent.parent.TinyMCETdcuerpo.preview_embed('embed49')\" class=\"embed_colapse less\" id=\"embed49_colapse\"><\/span> Embed<\/p>\n<div id=\"embed49_content\" class=\"embed_content\">\n<div id=\"embed49_embed\" readability=\"5.71875\">\n<blockquote class=\"twitter-tweet\" readability=\"5.2788461538462\">\n<p dir=\"ltr\" lang=\"es\">\u00a1Felicitaciones al nuevo campe\u00f3n del f\u00fatbol argentino! Felicidades <a href=\"https:\/\/twitter.com\/ColonOficial?ref_src=twsrc%5Etfw\">@ColonOficial<\/a> por esa primera estrella que ya brilla para siempre en la historia del club.<\/p>\n<p> \u2014 Boca Juniors (@BocaJrsOficial) <a href=\"https:\/\/twitter.com\/BocaJrsOficial\/status\/1401219052257878021?ref_src=twsrc%5Etfw\">June 5, 2021<\/a><\/p><\/blockquote><\/div><\/div><\/div><\/div>\n<\/div>\n","protected":false},"excerpt":{"rendered":"<p>05 de junio de 2021 &#8211; 10:06 Mir\u00e1 todos los mensajes Col\u00f3n de Santa Fe es el nuevo campe\u00f3n del f\u00fatbol argentino. Este viernes derrot\u00f3 3 a 0 a Racing y se consagr\u00f3 con la Copa de la Liga Profesional, el primer t\u00edtulo de su historia. Mir\u00e1 el saludo de los equipos de Primera para [&hellip;]<\/p>\n","protected":false},"author":1,"featured_media":14209,"comment_status":"closed","ping_status":"closed","sticky":false,"template":"","format":"standard","meta":[],"categories":[20],"tags":[],"_links":{"self":[{"href":"http:\/\/cordobainforma.info\/index.php\/wp-json\/wp\/v2\/posts\/14208"}],"collection":[{"href":"http:\/\/cordobainforma.info\/index.php\/wp-json\/wp\/v2\/posts"}],"about":[{"href":"http:\/\/cordobainforma.info\/index.php\/wp-json\/wp\/v2\/types\/post"}],"author":[{"embeddable":true,"href":"http:\/\/cordobainforma.info\/index.php\/wp-json\/wp\/v2\/users\/1"}],"replies":[{"embeddable":true,"href":"http:\/\/cordobainforma.info\/index.php\/wp-json\/wp\/v2\/comments?post=14208"}],"version-history":[{"count":0,"href":"http:\/\/cordobainforma.info\/index.php\/wp-json\/wp\/v2\/posts\/14208\/revisions"}],"wp:featuredmedia":[{"embeddable":true,"href":"http:\/\/cordobainforma.info\/index.php\/wp-json\/wp\/v2\/media\/14209"}],"wp:attachment":[{"href":"http:\/\/cordobainforma.info\/index.php\/wp-json\/wp\/v2\/media?parent=14208"}],"wp:term":[{"taxonomy":"category","embeddable":true,"href":"http:\/\/cordobainforma.info\/index.php\/wp-json\/wp\/v2\/categories?post=14208"},{"taxonomy":"post_tag","embeddable":true,"href":"http:\/\/cordobainforma.info\/index.php\/wp-json\/wp\/v2\/tags?post=14208"}],"curies":[{"name":"wp","href":"https:\/\/api.w.org\/{rel}","templated":true}]}}