{"id":141998,"date":"2025-02-01T10:18:45","date_gmt":"2025-02-01T10:18:45","guid":{"rendered":"http:\/\/cordobainforma.info\/index.php\/2025\/02\/01\/transporte-tamse-suma-una-linea-que-conecta-el-barrio-valle-escondido-con-la-unc\/"},"modified":"2025-02-01T10:18:45","modified_gmt":"2025-02-01T10:18:45","slug":"transporte-tamse-suma-una-linea-que-conecta-el-barrio-valle-escondido-con-la-unc","status":"publish","type":"post","link":"http:\/\/cordobainforma.info\/index.php\/2025\/02\/01\/transporte-tamse-suma-una-linea-que-conecta-el-barrio-valle-escondido-con-la-unc\/","title":{"rendered":"Transporte: Tamse suma una l\u00ednea que conecta el barrio Valle Escondido con la UNC"},"content":{"rendered":"<p>El recorrido de la l\u00ednea 76 conectar\u00e1 los barrios Don Bosco, Valle Escondido y <b>Nuevo<\/b> Urca con la Universidad Nacional de <b>C\u00f3rdoba<\/b> (UNC). <\/p>\n","protected":false},"excerpt":{"rendered":"<p>El recorrido de la l\u00ednea 76 conectar\u00e1 los barrios Don Bosco, Valle Escondido y Nuevo Urca con la Universidad Nacional de C\u00f3rdoba (UNC).<\/p>\n","protected":false},"author":1,"featured_media":0,"comment_status":"closed","ping_status":"closed","sticky":false,"template":"","format":"standard","meta":[],"categories":[23],"tags":[],"_links":{"self":[{"href":"http:\/\/cordobainforma.info\/index.php\/wp-json\/wp\/v2\/posts\/141998"}],"collection":[{"href":"http:\/\/cordobainforma.info\/index.php\/wp-json\/wp\/v2\/posts"}],"about":[{"href":"http:\/\/cordobainforma.info\/index.php\/wp-json\/wp\/v2\/types\/post"}],"author":[{"embeddable":true,"href":"http:\/\/cordobainforma.info\/index.php\/wp-json\/wp\/v2\/users\/1"}],"replies":[{"embeddable":true,"href":"http:\/\/cordobainforma.info\/index.php\/wp-json\/wp\/v2\/comments?post=141998"}],"version-history":[{"count":0,"href":"http:\/\/cordobainforma.info\/index.php\/wp-json\/wp\/v2\/posts\/141998\/revisions"}],"wp:attachment":[{"href":"http:\/\/cordobainforma.info\/index.php\/wp-json\/wp\/v2\/media?parent=141998"}],"wp:term":[{"taxonomy":"category","embeddable":true,"href":"http:\/\/cordobainforma.info\/index.php\/wp-json\/wp\/v2\/categories?post=141998"},{"taxonomy":"post_tag","embeddable":true,"href":"http:\/\/cordobainforma.info\/index.php\/wp-json\/wp\/v2\/tags?post=141998"}],"curies":[{"name":"wp","href":"https:\/\/api.w.org\/{rel}","templated":true}]}}