{"id":141997,"date":"2025-02-01T10:59:13","date_gmt":"2025-02-01T10:59:13","guid":{"rendered":"http:\/\/cordobainforma.info\/index.php\/2025\/02\/01\/arc-energy-pidio-una-prorroga-y-se-dilata-la-privatizacion-de-impsa-sitio-andino\/"},"modified":"2025-02-01T10:59:13","modified_gmt":"2025-02-01T10:59:13","slug":"arc-energy-pidio-una-prorroga-y-se-dilata-la-privatizacion-de-impsa-sitio-andino","status":"publish","type":"post","link":"http:\/\/cordobainforma.info\/index.php\/2025\/02\/01\/arc-energy-pidio-una-prorroga-y-se-dilata-la-privatizacion-de-impsa-sitio-andino\/","title":{"rendered":"ARC Energy pidi\u00f3 una pr\u00f3rroga y se dilata la privatizaci\u00f3n de IMPSA &#8211; Sitio Andino"},"content":{"rendered":"<p>Estaba previsto que este viernes se cerrara definitivamente el proceso de privatizaci\u00f3n. Qu\u00e9 pasar\u00e1. <\/p>\n","protected":false},"excerpt":{"rendered":"<p>Estaba previsto que este viernes se cerrara definitivamente el proceso de privatizaci\u00f3n. Qu\u00e9 pasar\u00e1.<\/p>\n","protected":false},"author":1,"featured_media":0,"comment_status":"closed","ping_status":"closed","sticky":false,"template":"","format":"standard","meta":[],"categories":[23],"tags":[],"_links":{"self":[{"href":"http:\/\/cordobainforma.info\/index.php\/wp-json\/wp\/v2\/posts\/141997"}],"collection":[{"href":"http:\/\/cordobainforma.info\/index.php\/wp-json\/wp\/v2\/posts"}],"about":[{"href":"http:\/\/cordobainforma.info\/index.php\/wp-json\/wp\/v2\/types\/post"}],"author":[{"embeddable":true,"href":"http:\/\/cordobainforma.info\/index.php\/wp-json\/wp\/v2\/users\/1"}],"replies":[{"embeddable":true,"href":"http:\/\/cordobainforma.info\/index.php\/wp-json\/wp\/v2\/comments?post=141997"}],"version-history":[{"count":0,"href":"http:\/\/cordobainforma.info\/index.php\/wp-json\/wp\/v2\/posts\/141997\/revisions"}],"wp:attachment":[{"href":"http:\/\/cordobainforma.info\/index.php\/wp-json\/wp\/v2\/media?parent=141997"}],"wp:term":[{"taxonomy":"category","embeddable":true,"href":"http:\/\/cordobainforma.info\/index.php\/wp-json\/wp\/v2\/categories?post=141997"},{"taxonomy":"post_tag","embeddable":true,"href":"http:\/\/cordobainforma.info\/index.php\/wp-json\/wp\/v2\/tags?post=141997"}],"curies":[{"name":"wp","href":"https:\/\/api.w.org\/{rel}","templated":true}]}}