{"id":14162,"date":"2021-06-04T10:20:00","date_gmt":"2021-06-04T10:20:00","guid":{"rendered":"https:\/\/elobjetivo.com.ar\/contenido\/34884\/delbonis-vencio-a-fognini-y-avanzo-por-primera-vez-a-octavos-de-rolnd-garros"},"modified":"2021-06-04T10:20:00","modified_gmt":"2021-06-04T10:20:00","slug":"delbonis-vencio-a-fognini-y-avanzo-por-primera-vez-a-octavos-de-roland-garros","status":"publish","type":"post","link":"http:\/\/cordobainforma.info\/index.php\/2021\/06\/04\/delbonis-vencio-a-fognini-y-avanzo-por-primera-vez-a-octavos-de-roland-garros\/","title":{"rendered":"Delbonis venci\u00f3 a Fognini y avanz\u00f3 por primera vez a octavos de Roland Garros"},"content":{"rendered":"<p><img src=\"http:\/\/cordobainforma.info\/wp-content\/uploads\/2021\/06\/delbonis-vencio-a-fognini-y-avanzo-por-primera-vez-a-octavos-de-roland-garros.jpg\"><\/p>\n<div readability=\"32\"> <img alt=\"Delbonis\" class=\"img-responsive\" height=\"800\" loading=\"lazy\" sizes=\"auto\" src=\"http:\/\/cordobainforma.info\/wp-content\/uploads\/2021\/06\/delbonis-vencio-a-fognini-y-avanzo-por-primera-vez-a-octavos-de-roland-garros.jpg\" srcset=\"http:\/\/cordobainforma.info\/wp-content\/uploads\/2021\/06\/delbonis-vencio-a-fognini-y-avanzo-por-primera-vez-a-octavos-de-roland-garros.jpg 1200w, http:\/\/cordobainforma.info\/wp-content\/uploads\/2021\/06\/delbonis-vencio-a-fognini-y-avanzo-por-primera-vez-a-octavos-de-roland-garros-1.jpg 400w\" width=\"1200\"> <\/p>\n<p> <span>Delbonis venci\u00f3 a Fognini y avanz\u00f3 por primera vez a octavos de Rolnd Garros<\/span> <\/p>\n<\/p><\/div>\n<div readability=\"51\">\n<p>Federico Delbonis est\u00e1 viviendo la mejor semana de su carrera ten\u00edstica en el circuito, y as\u00ed lo demostr\u00f3 tras derrotar al italiano Fabio Fognini por 6-4, 6-1 y 6-3 en la tercera ronda de Roland Garros.<\/p>\n<p>As\u00ed el azule\u00f1o sac\u00f3 pasaje para octavos de final, lo que significa para \u00e9l alcanzar la segunda semana de un grand slam por primera vez en su carrera.<\/p>\n<p>Lo incre\u00edble es que pas\u00f3 de ganar tres partidos de Majors en los \u00faltimos cinco a\u00f1os a ganar tres en la misma semana.<\/p>\n<p>Este presente ratifica el gran a\u00f1o de Federico Delbonis, en el que lleg\u00f3 tambi\u00e9n por primera vez a los cuartos de final de un Masters 1000 en Roma.<\/p>\n<p>En la siguiente ronda del grand slam parisino, argentino enfrentar\u00e1 al ganador del partido que se est\u00e1 disputando entre el noruego Casper Ruud y el espa\u00f1ol Davidovich Fokina.<\/p>\n<\/p><\/div>\n","protected":false},"excerpt":{"rendered":"<p>Delbonis venci\u00f3 a Fognini y avanz\u00f3 por primera vez a octavos de Rolnd Garros Federico Delbonis est\u00e1 viviendo la mejor semana de su carrera ten\u00edstica en el circuito, y as\u00ed lo demostr\u00f3 tras derrotar al italiano Fabio Fognini por 6-4, 6-1 y 6-3 en la tercera ronda de Roland Garros. As\u00ed el azule\u00f1o sac\u00f3 pasaje [&hellip;]<\/p>\n","protected":false},"author":1,"featured_media":14163,"comment_status":"open","ping_status":"closed","sticky":false,"template":"","format":"standard","meta":[],"categories":[20],"tags":[],"_links":{"self":[{"href":"http:\/\/cordobainforma.info\/index.php\/wp-json\/wp\/v2\/posts\/14162"}],"collection":[{"href":"http:\/\/cordobainforma.info\/index.php\/wp-json\/wp\/v2\/posts"}],"about":[{"href":"http:\/\/cordobainforma.info\/index.php\/wp-json\/wp\/v2\/types\/post"}],"author":[{"embeddable":true,"href":"http:\/\/cordobainforma.info\/index.php\/wp-json\/wp\/v2\/users\/1"}],"replies":[{"embeddable":true,"href":"http:\/\/cordobainforma.info\/index.php\/wp-json\/wp\/v2\/comments?post=14162"}],"version-history":[{"count":0,"href":"http:\/\/cordobainforma.info\/index.php\/wp-json\/wp\/v2\/posts\/14162\/revisions"}],"wp:featuredmedia":[{"embeddable":true,"href":"http:\/\/cordobainforma.info\/index.php\/wp-json\/wp\/v2\/media\/14163"}],"wp:attachment":[{"href":"http:\/\/cordobainforma.info\/index.php\/wp-json\/wp\/v2\/media?parent=14162"}],"wp:term":[{"taxonomy":"category","embeddable":true,"href":"http:\/\/cordobainforma.info\/index.php\/wp-json\/wp\/v2\/categories?post=14162"},{"taxonomy":"post_tag","embeddable":true,"href":"http:\/\/cordobainforma.info\/index.php\/wp-json\/wp\/v2\/tags?post=14162"}],"curies":[{"name":"wp","href":"https:\/\/api.w.org\/{rel}","templated":true}]}}