{"id":14160,"date":"2021-06-04T15:17:10","date_gmt":"2021-06-04T15:17:10","guid":{"rendered":"https:\/\/www.clarin.com\/deportes\/salud-carlos-reutemann-paso-noche-estable-luego-complicacion-sigue-pronostico-reservado_0_i92nUDAFU.html"},"modified":"2021-06-04T15:17:10","modified_gmt":"2021-06-04T15:17:10","slug":"la-salud-de-carlos-reutemann-paso-la-noche-estable-luego-de-una-complicacion-y-sigue-con-pronostico-reservado","status":"publish","type":"post","link":"http:\/\/cordobainforma.info\/index.php\/2021\/06\/04\/la-salud-de-carlos-reutemann-paso-la-noche-estable-luego-de-una-complicacion-y-sigue-con-pronostico-reservado\/","title":{"rendered":"La salud de Carlos Reutemann: pas\u00f3 la noche estable luego de una complicaci\u00f3n y sigue con pron\u00f3stico reservado"},"content":{"rendered":"<p><img src=\"http:\/\/cordobainforma.info\/wp-content\/uploads\/2021\/06\/la-salud-de-carlos-reutemann-paso-la-noche-estable-luego-de-una-complicacion-y-sigue-con-pronostico-reservado.jpg\"><\/p>\n<div><img src=\"http:\/\/cordobainforma.info\/wp-content\/uploads\/2021\/06\/la-salud-de-carlos-reutemann-paso-la-noche-estable-luego-de-una-complicacion-y-sigue-con-pronostico-reservado-2.jpg\" class=\"ff-og-image-inserted\"><\/div>\n<p>Todos los fan\u00e1ticos del automovilismo siguen atentos el estado de salud de <a alt=\"carlos-reutemann\" class=\"slug\" href=\"https:\/\/www.clarin.com\/tema\/carlos-reutemann.html\" target=\"_blank\" title=\"carlos-reutemann\" rel=\"noopener noreferrer\">Carlos Reutemann<\/a> (79). El Sanatorio Santa Fe, donde volvi\u00f3 a quedar internado esta semana luego de presentar un cuadro de <a alt=\"anemia\" class=\"slug automatic\" href=\"https:\/\/www.clarin.com\/tema\/anemia.html\" target=\"_blank\" title=\"anemia\" rel=\"noopener noreferrer\">anemia<\/a> y deshidrataci\u00f3n, dio a conocer este viernes un nuevo parte m\u00e9dico donde expresa que el ex piloto de <a alt=\"formula-1\" class=\"slug automatic\" href=\"https:\/\/www.clarin.com\/tema\/formula-1.html\" target=\"_blank\" title=\"formula-1\" rel=\"noopener noreferrer\">F\u00f3rmula 1<\/a> pas\u00f3 una noche estable.<\/p>\n<p>El jueves por la noche, el sanatorio hab\u00eda advertido a trav\u00e9s de otro parte m\u00e9dico que \u201cen horas de la tarde el senador Carlos Reutemann repiti\u00f3 episodio de hemorragia digestiva con la consecuente descompensaci\u00f3n hemodin\u00e1mica\u00bb. Y detallaba que por esas horas se estaban realizando \u00abestudios de urgencia\u201d.<\/p>\n<p>Luego, el viernes por la ma\u00f1ana, el sanatorio comparti\u00f3 un nuevo comunicado en el que llev\u00f3 un poco m\u00e1s de tranquilidad al expresar que el senador pas\u00f3 la noche de manera estable, pero segu\u00eda con \u00abpron\u00f3stico reservado\u00bb.<\/p>\n<p>\u201cEl senador Carlos Reutemann pas\u00f3 la noche estable. Mantiene par\u00e1metros hemodin\u00e1micos compensados con pron\u00f3stico reservado\u201d, detallaron en forma muy escueta.<\/p>\n<p>Es la segunda internaci\u00f3n de Reutemann en el \u00faltimo mes. Hab\u00eda recibido el alta hace una semana y hasta vio el Gran Premio de Montecarlo de F\u00f3rmula 1, ese que gan\u00f3 hace 41 a\u00f1os, desde su casa. Sin embargo, el pasado 30 de mayo su salud volvi\u00f3 a deteriorarse y tuvo que volver ser controlado de cerca en un centro m\u00e9dico.<\/p>\n<div class=\"entry-tags\">\n<h2>TEMAS QUE APARECEN EN ESTA NOTA<\/h2>\n<\/p><\/div>\n","protected":false},"excerpt":{"rendered":"<p>Todos los fan\u00e1ticos del automovilismo siguen atentos el estado de salud de Carlos Reutemann (79). El Sanatorio Santa Fe, donde volvi\u00f3 a quedar internado esta semana luego de presentar un cuadro de anemia y deshidrataci\u00f3n, dio a conocer este viernes un nuevo parte m\u00e9dico donde expresa que el ex piloto de F\u00f3rmula 1 pas\u00f3 una [&hellip;]<\/p>\n","protected":false},"author":1,"featured_media":14161,"comment_status":"closed","ping_status":"closed","sticky":false,"template":"","format":"standard","meta":[],"categories":[20],"tags":[],"_links":{"self":[{"href":"http:\/\/cordobainforma.info\/index.php\/wp-json\/wp\/v2\/posts\/14160"}],"collection":[{"href":"http:\/\/cordobainforma.info\/index.php\/wp-json\/wp\/v2\/posts"}],"about":[{"href":"http:\/\/cordobainforma.info\/index.php\/wp-json\/wp\/v2\/types\/post"}],"author":[{"embeddable":true,"href":"http:\/\/cordobainforma.info\/index.php\/wp-json\/wp\/v2\/users\/1"}],"replies":[{"embeddable":true,"href":"http:\/\/cordobainforma.info\/index.php\/wp-json\/wp\/v2\/comments?post=14160"}],"version-history":[{"count":0,"href":"http:\/\/cordobainforma.info\/index.php\/wp-json\/wp\/v2\/posts\/14160\/revisions"}],"wp:featuredmedia":[{"embeddable":true,"href":"http:\/\/cordobainforma.info\/index.php\/wp-json\/wp\/v2\/media\/14161"}],"wp:attachment":[{"href":"http:\/\/cordobainforma.info\/index.php\/wp-json\/wp\/v2\/media?parent=14160"}],"wp:term":[{"taxonomy":"category","embeddable":true,"href":"http:\/\/cordobainforma.info\/index.php\/wp-json\/wp\/v2\/categories?post=14160"},{"taxonomy":"post_tag","embeddable":true,"href":"http:\/\/cordobainforma.info\/index.php\/wp-json\/wp\/v2\/tags?post=14160"}],"curies":[{"name":"wp","href":"https:\/\/api.w.org\/{rel}","templated":true}]}}