{"id":14154,"date":"2021-06-04T17:06:22","date_gmt":"2021-06-04T17:06:22","guid":{"rendered":"https:\/\/www.clarin.com\/deportes\/formula-1-suma-nueva-baja-disputara-gp-singapur_0_6_V2NElLi.html"},"modified":"2021-06-04T17:06:22","modified_gmt":"2021-06-04T17:06:22","slug":"la-formula-1-suma-una-nueva-baja-no-se-disputara-el-gp-de-singapur","status":"publish","type":"post","link":"http:\/\/cordobainforma.info\/index.php\/2021\/06\/04\/la-formula-1-suma-una-nueva-baja-no-se-disputara-el-gp-de-singapur\/","title":{"rendered":"La F\u00f3rmula 1 suma una nueva baja: no se disputar\u00e1 el GP de Singapur"},"content":{"rendered":"<p><img src=\"http:\/\/cordobainforma.info\/wp-content\/uploads\/2021\/06\/la-formula-1-suma-una-nueva-baja-no-se-disputara-el-gp-de-singapur.jpg\"><\/p>\n<div><img src=\"http:\/\/cordobainforma.info\/wp-content\/uploads\/2021\/06\/la-formula-1-suma-una-nueva-baja-no-se-disputara-el-gp-de-singapur-2.jpg\" class=\"ff-og-image-inserted\"><\/div>\n<p>La <a href=\"https:\/\/www.clarin.com\/tema\/formula-1.html\" class=\"slug automatic\" alt=\"formula-1\" title=\"formula-1\" target=\"_blank\" rel=\"noopener noreferrer\">F\u00f3rmula 1<\/a> sum\u00f3 una nueva baja en su calendario r\u00e9cord de 23 carreras.&nbsp;<strong>El Gran Premio de Singapur de F\u00f3rmula 1, previsto para el 3 de octubre, fue cancelado<\/strong> \u00abpor problemas de seguridad y de log\u00edstica generados por la pandemia del covid-19\u00bb, seg\u00fan&nbsp;anunci\u00f3 el promotor de la prueba este viernes.<\/p>\n<p>\u00abCancelar el evento<strong> por segundo a\u00f1o consecutivo <\/strong>es una decisi\u00f3n incre\u00edblemente dif\u00edcil pero necesaria teniendo en cuenta las restricciones que hay sobre los eventos organizados en Singapur\u00bb, explic\u00f3 Colin Syn, presidente adjunto del promotor del Gran Premio, en un comunicado.<\/p>\n<p>\u00abNo estar\u00edamos con la capacidad de<strong> brindar a los espectadores la experiencia que esperan<\/strong> respecto a los \u00faltimos a\u00f1os preservando su salud y su seguridad\u00bb, a\u00f1adi\u00f3 Syn.<\/p>\n<p>Poco antes de ese anuncio, un portavoz del promotor del Mundial de F1, Formula One, hab\u00eda indicado a la agencia AFP que continuaban \u00abtrabajando con todos los promotores (de Gran Premios) durante este periodo incierto\u00bb con la intenci\u00f3n de \u00abadaptarse si fuera necesario\u00bb.<\/p>\n<p>Sin embargo, la idea es no perder la fecha y continuar con ese cronograma r\u00e9cord de 23 pruebas. Turqu\u00eda (Estambul) y China (Shanghai), que han visto aplazados &#8216;sine die&#8217; sus Grandes Premios de esta temporada, podr\u00edan reemplazar a Singapur. Tambi\u00e9n Estados Unidos podr\u00eda acoger una segunda carrera para ocupar ese hueco del calendario.<\/p>\n<p>No es la \u00fanica incertidumbre en torno al cronograma de la segunda parte de la temporada de la F\u00f3rmula 1. Seg\u00fan las normas actuales, viajar a Brasil (7 noviembre), Turqu\u00eda o Abu Dabi (12 diciembre) impondr\u00eda una cuarentena a su regreso a la mayor\u00eda del personal de la F\u00f3rmula 1. Australia (21 noviembre) tambi\u00e9n se muestra prudente en lo referente a la apertura de fronteras.<\/p>\n<p>Con informaci\u00f3n de AFP<\/p>\n<div class=\"entry-tags\">\n<h2>TEMAS QUE APARECEN EN ESTA NOTA<\/h2>\n<\/p><\/div>\n","protected":false},"excerpt":{"rendered":"<p>La F\u00f3rmula 1 sum\u00f3 una nueva baja en su calendario r\u00e9cord de 23 carreras.&nbsp;El Gran Premio de Singapur de F\u00f3rmula 1, previsto para el 3 de octubre, fue cancelado \u00abpor problemas de seguridad y de log\u00edstica generados por la pandemia del covid-19\u00bb, seg\u00fan&nbsp;anunci\u00f3 el promotor de la prueba este viernes. \u00abCancelar el evento por segundo [&hellip;]<\/p>\n","protected":false},"author":1,"featured_media":14155,"comment_status":"closed","ping_status":"closed","sticky":false,"template":"","format":"standard","meta":[],"categories":[20],"tags":[],"_links":{"self":[{"href":"http:\/\/cordobainforma.info\/index.php\/wp-json\/wp\/v2\/posts\/14154"}],"collection":[{"href":"http:\/\/cordobainforma.info\/index.php\/wp-json\/wp\/v2\/posts"}],"about":[{"href":"http:\/\/cordobainforma.info\/index.php\/wp-json\/wp\/v2\/types\/post"}],"author":[{"embeddable":true,"href":"http:\/\/cordobainforma.info\/index.php\/wp-json\/wp\/v2\/users\/1"}],"replies":[{"embeddable":true,"href":"http:\/\/cordobainforma.info\/index.php\/wp-json\/wp\/v2\/comments?post=14154"}],"version-history":[{"count":0,"href":"http:\/\/cordobainforma.info\/index.php\/wp-json\/wp\/v2\/posts\/14154\/revisions"}],"wp:featuredmedia":[{"embeddable":true,"href":"http:\/\/cordobainforma.info\/index.php\/wp-json\/wp\/v2\/media\/14155"}],"wp:attachment":[{"href":"http:\/\/cordobainforma.info\/index.php\/wp-json\/wp\/v2\/media?parent=14154"}],"wp:term":[{"taxonomy":"category","embeddable":true,"href":"http:\/\/cordobainforma.info\/index.php\/wp-json\/wp\/v2\/categories?post=14154"},{"taxonomy":"post_tag","embeddable":true,"href":"http:\/\/cordobainforma.info\/index.php\/wp-json\/wp\/v2\/tags?post=14154"}],"curies":[{"name":"wp","href":"https:\/\/api.w.org\/{rel}","templated":true}]}}