{"id":14147,"date":"2021-06-04T14:10:00","date_gmt":"2021-06-04T14:10:00","guid":{"rendered":"https:\/\/ahora.com.ar\/\/tevez-dara-hoy-una-conferencia-los-hinchas-boca-n4237133"},"modified":"2021-06-04T14:10:00","modified_gmt":"2021-06-04T14:10:00","slug":"tevez-dara-hoy-una-conferencia-para-los-hinchas-de-boca","status":"publish","type":"post","link":"http:\/\/cordobainforma.info\/index.php\/2021\/06\/04\/tevez-dara-hoy-una-conferencia-para-los-hinchas-de-boca\/","title":{"rendered":"Tevez dar\u00e1 hoy una conferencia para los hinchas de Boca"},"content":{"rendered":"<div><img src=\"http:\/\/cordobainforma.info\/wp-content\/uploads\/2021\/06\/tevez-dara-hoy-una-conferencia-para-los-hinchas-de-boca.jpg\" class=\"ff-og-image-inserted\"><\/div>\n<div id=\"article-post\">\n<header class=\"article-info-wrapper\" readability=\"27.785953177258\">\n<p><span class=\"fecha-detallenota\">04 de junio de 2021 &#8211; 11:06<\/span><\/p>\n<p class=\"interiorCopete\"> El \u00eddolo \u00abXeneize\u00bb posterg\u00f3 sus vacaciones para dar una conferencia de prensa en la que har\u00e1 un anuncio en el marco de las especulaciones que hablan de su alejamiento del club<\/p>\n<\/header>\n<\/div>\n<div id=\"article-post\">\n<div class=\"cuerpo\" data-twitter-link=\"https:\/\/twitter.com\/intent\/tweet?url=https:\/\/ahora.com.ar\/c4237133&amp;via=PlataformaAhora&amp;related=Ahora&amp;text=\" readability=\"10.818181818182\">\n<p>Carlos Tevez, el \u00faltimo gran \u00eddolo de <a href=\"http:\/\/ahora.com.ar\/boca-a8152\" class=\"agrupador\" rel=\"8152\">Boca<\/a>, pospuso su viaje a Estados Unidos para el fin de semana y <strong>dar\u00e1 una conferencia de prensa esta tarde en la que har\u00e1 un anuncio a los hinchas \u00abXeneizes\u00bb<\/strong>. Las versiones indican que<strong> se ir\u00e1 de Boca<\/strong>.<\/p>\n<\/div>\n<\/div>\n<div id=\"article-post\">\n<div class=\"cuerpo\" data-twitter-link=\"https:\/\/twitter.com\/intent\/tweet?url=https:\/\/ahora.com.ar\/c4237133&amp;via=PlataformaAhora&amp;related=Ahora&amp;text=\" readability=\"24\">\n<p>Tevez, de 37 a\u00f1os y con contrato vigente con Boca hasta el 31 de diciembre aunque con una cl\u00e1usula de salida estipulada para el 30 de junio pr\u00f3ximo, planeaba irse de vacaciones a Miami con su familia pero las pospuso y atender\u00e1 a los medios a las 18.<\/p>\n<p>El \u00eddolo boquense tiene previsto efectuar sus declaraciones en uno de lo salones de \u00abLa Bombonera\u00bb, seg\u00fan confi\u00f3 alguien de su entorno, y por estas horas se est\u00e1 definiendo si ser\u00e1 con acceso a los medios de prensa o bien en forma virtual.<\/p>\n<p>Tevez, capit\u00e1n de Boca, tomar\u00e1 una decisi\u00f3n respecto de su futuro y entre las posibilidades que se barajan como opciones aparecen <strong>el retiro de la actividad profesional<\/strong> o continuar su carrera en el exterior, ya que tiene dos ofertas importantes de clubes de la MLS de Estados Unidos.<\/p>\n<\/div>\n<\/div>\n","protected":false},"excerpt":{"rendered":"<p>04 de junio de 2021 &#8211; 11:06 El \u00eddolo \u00abXeneize\u00bb posterg\u00f3 sus vacaciones para dar una conferencia de prensa en la que har\u00e1 un anuncio en el marco de las especulaciones que hablan de su alejamiento del club Carlos Tevez, el \u00faltimo gran \u00eddolo de Boca, pospuso su viaje a Estados Unidos para el fin [&hellip;]<\/p>\n","protected":false},"author":1,"featured_media":14148,"comment_status":"closed","ping_status":"closed","sticky":false,"template":"","format":"standard","meta":[],"categories":[20],"tags":[],"_links":{"self":[{"href":"http:\/\/cordobainforma.info\/index.php\/wp-json\/wp\/v2\/posts\/14147"}],"collection":[{"href":"http:\/\/cordobainforma.info\/index.php\/wp-json\/wp\/v2\/posts"}],"about":[{"href":"http:\/\/cordobainforma.info\/index.php\/wp-json\/wp\/v2\/types\/post"}],"author":[{"embeddable":true,"href":"http:\/\/cordobainforma.info\/index.php\/wp-json\/wp\/v2\/users\/1"}],"replies":[{"embeddable":true,"href":"http:\/\/cordobainforma.info\/index.php\/wp-json\/wp\/v2\/comments?post=14147"}],"version-history":[{"count":0,"href":"http:\/\/cordobainforma.info\/index.php\/wp-json\/wp\/v2\/posts\/14147\/revisions"}],"wp:featuredmedia":[{"embeddable":true,"href":"http:\/\/cordobainforma.info\/index.php\/wp-json\/wp\/v2\/media\/14148"}],"wp:attachment":[{"href":"http:\/\/cordobainforma.info\/index.php\/wp-json\/wp\/v2\/media?parent=14147"}],"wp:term":[{"taxonomy":"category","embeddable":true,"href":"http:\/\/cordobainforma.info\/index.php\/wp-json\/wp\/v2\/categories?post=14147"},{"taxonomy":"post_tag","embeddable":true,"href":"http:\/\/cordobainforma.info\/index.php\/wp-json\/wp\/v2\/tags?post=14147"}],"curies":[{"name":"wp","href":"https:\/\/api.w.org\/{rel}","templated":true}]}}