{"id":141402,"date":"2025-01-27T13:09:53","date_gmt":"2025-01-27T13:09:53","guid":{"rendered":"https:\/\/www.mujerhoy.com\/moda\/tendencias\/pendientes-perlas-joyas-tendencia-elevan-cualquier-look-invierno-20250127121958-nt.html"},"modified":"2025-01-27T13:09:53","modified_gmt":"2025-01-27T13:09:53","slug":"pendientes-de-perlas-la-joya-favorita-de-nuestras-abuelas-vuelve-este-invierno-para-elevar-cualquier-look","status":"publish","type":"post","link":"http:\/\/cordobainforma.info\/index.php\/2025\/01\/27\/pendientes-de-perlas-la-joya-favorita-de-nuestras-abuelas-vuelve-este-invierno-para-elevar-cualquier-look\/","title":{"rendered":"Pendientes de perlas, la joya favorita de nuestras abuelas vuelve este invierno para elevar cualquier look"},"content":{"rendered":"<p><!-- AUTHOR --> <\/p>\n<div class=\"voc-author-timesocial \"> <!-- AUTHOR --> <\/p>\n<div class=\"voc-author-timesocial__signature \">\n<div class=\"voc-author-timesocial__img-c\"> <!-- IMAGE AUTHOR --> <picture class=\"voc-image-signature\"> <img class=\"voc-image-signature__img\" src=\"http:\/\/cordobainforma.info\/wp-content\/uploads\/2025\/01\/pendientes-de-perlas-la-joya-favorita-de-nuestras-abuelas-vuelve-este-invierno-para-elevar-cualquier-look.jpg\" alt=\"Carla Dom\u00ednguez\"> <\/picture> <\/div>\n<p> <!-- INFO AUTHOR --> <\/p>\n<div class=\"voc-author-timesocial__info\" data-mrf-recirculation=\"Autor\">\n<div class=\"voc-author-info\"> <author> <a class=\"voc-author\" href=\"https:\/\/www.mujerhoy.com\/autor\/carla-dominguez-4445.html\" data-mrf-link=\"https:\/\/www.mujerhoy.com\/autor\/carla-dominguez-4445.html\">Carla Dom\u00ednguez<\/a> <\/author> <time data-voc-date-modified class=\"mdamp-article-time\" itemprop=\"dateModified\" datetime=\"2025-01-27T13:09:53Z\" data-timestamp>Actualizado \u00b7 <span data-voc-date-modified-short>27 de enero de 2025, 14:09 h<\/span><\/time> <\/div><\/div><\/div>\n<div class=\"voc-author-timesocial__social\"> <span class=\"voc-comments\"> <a href=\"https:\/\/www.mujerhoy.com\/moda\/tendencias\/pendientes-perlas-joyas-tendencia-elevan-cualquier-look-invierno-20250127121958-nt.html#comments\" data-voc-vtm-id=\"btncomentar\" data-voc-vtm-info=\"fixed\" data-voc-anchor-displacement><i class=\"voc-icons comment\"><\/i><\/a> <span class=\"voc-number\" data-voc-comments-count data-voc-comments-count-zero-text><\/span> <\/span> <a title=\"facebook\" data-voc-vtm-id=\"compartirrrss\" data-voc-vtm-info=\"fixed-facebook\" class=\"voc-social-btn voc-facebook-share\" data-voc-social-sharer=\"facebook\" data-voc-type-button=\"fixed-btn\"> <span class=\"icon icon--facebook-cb3 voc-icons facebook\"><\/span> <\/a> <a title=\"x\" data-voc-vtm-id=\"compartirrrss\" data-voc-vtm-info=\"fixed-twitter\" class=\"voc-social-btn voc-twitter-share\" data-voc-social-sharer=\"twitter\" data-voc-type-button=\"fixed-btn\"> <span class=\"icon icon--twitter-cb3 voc-icons twitter\"><\/span> <\/a> <a title=\"whatsapp\" data-voc-vtm-id=\"compartirrrss\" data-voc-vtm-info=\"fixed-whatsapp\" class=\"voc-social-btn voc-whatsapp-share\" data-voc-social-sharer=\"whatsapp\" data-voc-type-button=\"fixed-btn\"> <span class=\"icon icon--whatsapp-cb3 voc-icons whatsapp\"><\/span> <\/a> <a title=\"telegram\" data-voc-vtm-id=\"compartirrrss\" data-voc-vtm-info=\"fixed-telegram\" class=\"voc-social-btn voc-telegram-share\" data-voc-social-sharer=\"telegram\"> <span class=\"icon icon--telegram-cb3 voc-icon-telegram\"><\/span> <\/a> <a data-voc-vtm-id=\"compartirrrss\" data-voc-vtm-info=\"fixed-linkedin\" class=\"voc-social-btn voc-linkedin-share\" data-voc-social-sharer=\"linkedin\" data-voc-type-button=\"fixed-btn\"> <span class=\"icon icon--linkedin-cb3 voc-icons linkedin\"><\/span> <\/a> <a class=\"voc-social-btn voc-more-share\" data-voc-seahorse=\"barraAutor\"> <span class=\"icon icon--more-cb3 voc-icons dots\"><\/span> <\/a> <a title=\"Favorito\" data-voc-vtm-id=\"btnleerdespues\" data-voc-vtm-info=\"fixed\" class=\"voc-social-btn voc-bookmarks\" data-voc-starred> <span class=\"icon icon--bookmarks-cb3 voc-icons bookmark\"><\/span> <\/a> <\/div><\/div>\n<p> <!-- COMPONENTS --> <\/p>\n<p class=\"voc-paragraph\" data-mrf-recirculation=\"Link art\u00edculo\">De peque\u00f1a recuerdo como siempre mi abuela llevaba <a data-voc-vtm-id=\"in-text-traffic\" href=\"https:\/\/www.mujerhoy.com\/celebrities\/realeza\/kate-middleton-pendientes-perlas-favoritos-elegantes-marca-espanola-20241202073014-nt.html\" data-mrf-link=\"https:\/\/www.mujerhoy.com\/celebrities\/realeza\/kate-middleton-pendientes-perlas-favoritos-elegantes-marca-espanola-20241202073014-nt.html\">unos pendientes de perlas<\/a> en su oreja para el d\u00eda a d\u00eda. Eran sus pendientes favoritas y tambi\u00e9n el de muchas de sus amigas. Sin embargo, con el paso del tiempo este tipo de joyas se comenz\u00f3 se dej\u00f3 de utilizar.\n<\/p>\n<p class=\"voc-paragraph\" data-mrf-recirculation=\"Link art\u00edculo\">La buena noticia es que estos pendientes \u00abde abuela\u00bb regresan al <i>street style.<\/i> Las perlas est\u00e1n en su mejor momento y en esta ocasi\u00f3n no ser\u00e1n las encargadas de darle un toque cl\u00e1sico al <i>look.<\/i> Al contrario; los nuevos dise\u00f1os vienen m\u00e1s actuales, con <a data-voc-vtm-id=\"in-text-traffic\" href=\"https:\/\/www.mujerhoy.com\/moda\/tendencias\/mezclar-joyas-doradas-tendencia-accesorios-otono-20241108130237-nt.html\" data-mrf-link=\"https:\/\/www.mujerhoy.com\/moda\/tendencias\/mezclar-joyas-doradas-tendencia-accesorios-otono-20241108130237-nt.html\">m\u00e1s toques de dorado<\/a> e incluso piedras preciosas.\n<\/p>\n<div class=\"voc-advertising voc-advertising--c \">\n<div id=\"layer_inpage\" class=\"voc-advertising__item\"> <\/div><\/div>\n<div class=\"voc-detail__cmp\">\n<div class=\"voc-grouper-related__wrapper\">\n<section class=\"voc-grouper-related voc-detail-section voc-detail-section--bdr-bottom\">\n<h4 class=\"voc-grouper-related-title voc-title-section voc-title-section--underline\"> TAMBI\u00c9N TE INTERESA <\/h4>\n<div class=\"voc-grouper-related__grid voc-grid voc-grid--2-cols\">\n<div class=\"voc-article-container\">\n<article class=\"voc-article voc-article--cmp-related voc-article--cmp-related--2-cols voc-article--photo-left voc-home-tit-st \">\n<div class=\"voc-img-container \"> <picture> <a href=\"https:\/\/www.mujerhoy.com\/moda\/tendencias\/anillos-rebajas-bonitos-originales-20250121124738-nt.html#vca=modulos&amp;vso=mujerhoy&amp;vmc=noticias-rel-cmp&amp;vli=tendencias\" class=\"voc-horizontal voc-img-icon-link\"> <img alt=\"Estos son los anillos que voy a comprar de rebajas: los modelos m\u00e1s bonitos que ser\u00e1n protagonistas en mis looks\" loading=\"lazy\" src=\"http:\/\/cordobainforma.info\/wp-content\/uploads\/2025\/01\/pendientes-de-perlas-la-joya-favorita-de-nuestras-abuelas-vuelve-este-invierno-para-elevar-cualquier-look-1.jpg\"> <\/a> <\/picture> <\/div>\n<div class=\"voc-info-container\">\n<h3 class=\"voc-title\"> <a href=\"https:\/\/www.mujerhoy.com\/moda\/tendencias\/anillos-rebajas-bonitos-originales-20250121124738-nt.html#vca=modulos&amp;vso=mujerhoy&amp;vmc=noticias-rel-cmp&amp;vli=tendencias\" title=\"Estos son los anillos que voy a comprar de rebajas: los modelos m\u00e1s bonitos que ser\u00e1n protagonistas en mis looks\"> Estos son los anillos que voy a comprar de rebajas: los modelos m\u00e1s bonitos que ser\u00e1n protagonistas en mis looks <\/a> <\/h3>\n<div class=\"voc-author-onplus-container\"> <span class=\"voc-article-author\"> <author> <a href=\"https:\/\/www.mujerhoy.com\/autor\/raquel-rodriguez-2893.html\" title=\"Raquel Rodr\u00edguez\" class=\"voc-author\"><span> Raquel Rodr\u00edguez <\/span><\/a> <\/author> <\/span> <\/div><\/div>\n<\/article><\/div>\n<div class=\"voc-article-container\">\n<article class=\"voc-article voc-article--cmp-related voc-article--cmp-related--2-cols voc-article--photo-left voc-home-tit-st \">\n<div class=\"voc-img-container \"> <picture> <a href=\"https:\/\/www.mujerhoy.com\/moda\/tendencias\/pendientes-flecos-tendencia-joyas-elevar-looks-temporada-20250119131728-nt.html#vca=modulos&amp;vso=mujerhoy&amp;vmc=noticias-rel-cmp&amp;vli=tendencias\" class=\"voc-horizontal voc-img-icon-link\"> <img alt=\"Pendientes de flecos, la \u00fanica joya que necesitas para elevar tus looks de la temporada\" loading=\"lazy\" src=\"http:\/\/cordobainforma.info\/wp-content\/uploads\/2025\/01\/pendientes-de-perlas-la-joya-favorita-de-nuestras-abuelas-vuelve-este-invierno-para-elevar-cualquier-look-2.jpg\"> <\/a> <\/picture> <\/div>\n<div class=\"voc-info-container\">\n<h3 class=\"voc-title\"> <a href=\"https:\/\/www.mujerhoy.com\/moda\/tendencias\/pendientes-flecos-tendencia-joyas-elevar-looks-temporada-20250119131728-nt.html#vca=modulos&amp;vso=mujerhoy&amp;vmc=noticias-rel-cmp&amp;vli=tendencias\" title=\"Pendientes de flecos, la \u00fanica joya que necesitas para elevar tus looks de la temporada\"> Pendientes de flecos, la \u00fanica joya que necesitas para elevar tus looks de la temporada <\/a> <\/h3>\n<div class=\"voc-author-onplus-container\"> <span class=\"voc-article-author\"> <author> <a href=\"https:\/\/www.mujerhoy.com\/autor\/elena-romero-vargas-5479.html\" title=\"Elena Romero Vargas\" class=\"voc-author\"><span> Elena Romero Vargas <\/span><\/a> <\/author> <\/span> <\/div><\/div>\n<\/article><\/div><\/div>\n<\/section><\/div>\n<\/div>\n<p class=\"voc-paragraph\" data-mrf-recirculation=\"Link art\u00edculo\">Est\u00e1 claro que <strong>los pendientes de perlas viven en su mejor momento.<\/strong> Atr\u00e1s quedan esa idea de que este tipo de joyas solo se pueden lucir con <i>looks<\/i> cl\u00e1sicos. As\u00ed lo hemos visto con royals como <a data-voc-vtm-id=\"in-text-traffic\" href=\"https:\/\/www.mujerhoy.com\/celebrities\/realeza\/joyas-perlas-odio-reina-sofia-joyero-letizia-broches-tiaras-malditas-borbones-20241019084942-nt.html\" data-mrf-link=\"https:\/\/www.mujerhoy.com\/celebrities\/realeza\/joyas-perlas-odio-reina-sofia-joyero-letizia-broches-tiaras-malditas-borbones-20241019084942-nt.html\">la reina Letizia<\/a> quien se ha vuelto muy aficionada a lucir en su d\u00eda a d\u00eda estos <strong>pendientes de perlas.<\/strong><\/p>\n<p class=\"voc-paragraph\" data-mrf-recirculation=\"Link art\u00edculo\">Si no te hab\u00edas animado a <strong>lucir unos pendientes de perlas en tu d\u00eda a d\u00eda<\/strong>, es hora de que encuentres unos. Hemos elaborado una selecci\u00f3n con <strong>algunos de nuestros dise\u00f1os favoritos.<\/strong> Desde pendientes cl\u00e1sicos de perlas hasta otros con detalle de circonitas o en forma de aro.\n<\/p>\n<p><h3 class=\"voc-detail__title\"> Pendientes de perlas que elevar\u00e1n tus looks de invierno<br \/>\n<\/h3>\n<\/p>\n<div class=\"voc-detail-photo-zoom\"> <picture data-toggle=\"modal\" data-target=\"#photoZoomModal-545\" target=\"modal\">\n<div class=\"voc-img-icon-link\"> <img loading=\"lazy\" src=\"http:\/\/cordobainforma.info\/wp-content\/uploads\/2025\/01\/pendientes-de-perlas-la-joya-favorita-de-nuestras-abuelas-vuelve-este-invierno-para-elevar-cualquier-look-3.jpg\" width=\"650\" height=\"900\" alt=\"Pendientes de perlas con diamantes de Mumit.\"> <noscript> <img src=\"http:\/\/cordobainforma.info\/wp-content\/uploads\/2025\/01\/pendientes-de-perlas-la-joya-favorita-de-nuestras-abuelas-vuelve-este-invierno-para-elevar-cualquier-look-3.jpg\" alt=\"Pendientes de perlas con diamantes de Mumit.\"> <\/noscript> <i class=\"voc-icons zoom voc-multimedia-box voc-ico-l\"><\/i> <\/div><figcaption class=\"figure-caption\">Pendientes de perlas con diamantes de Mumit.<\/figcaption><\/picture>\n<\/div>\n<div id=\"photoZoomModal-545\" class=\"voc-lightbox modal fade voc-lightbox--photo-zoom\" role=\"dialog\" data-voc-photozoom-lightbox>\n<div class=\"voc-lightbox__dialog\" role=\"document\">\n<div class=\"voc-lightbox__content\"> <!-- Modal header --> <\/p>\n<header class=\"voc-lightbox__header\"> <span class=\"voc-lightbox__title\">Pendientes de perlas con diamantes de Mumit.<\/span> <\/header>\n<p> <!-- Modal content --> <\/p>\n<div class=\"voc-lightbox__photo-container\"> <picture class> <img loading=\"lazy\" src=\"http:\/\/cordobainforma.info\/wp-content\/uploads\/2025\/01\/pendientes-de-perlas-la-joya-favorita-de-nuestras-abuelas-vuelve-este-invierno-para-elevar-cualquier-look-3.jpg\" alt=\"Pendientes de perlas con diamantes de Mumit.\"> <noscript> <img src=\"http:\/\/cordobainforma.info\/wp-content\/uploads\/2025\/01\/pendientes-de-perlas-la-joya-favorita-de-nuestras-abuelas-vuelve-este-invierno-para-elevar-cualquier-look-3.jpg\" alt=\"Pendientes de perlas con diamantes de Mumit.\"> <\/noscript> <\/picture> <\/div><\/div><\/div>\n<\/div>\n<p class=\"voc-paragraph\" data-mrf-recirculation=\"Link art\u00edculo\"><strong>Pendientes de perlas con diamantes de Mumit.<\/strong> Una de nuestras primeras propuestas son estos pendientes de perlas con detalle de diamantes en oro amarillo de 18 quilates. Son unos pendientes con perlas naturales que cuestan 679 euros. <\/p>\n<div class=\"voc-detail-photo-zoom\"> <picture data-toggle=\"modal\" data-target=\"#photoZoomModal-530\" target=\"modal\">\n<div class=\"voc-img-icon-link\"> <img loading=\"lazy\" src=\"http:\/\/cordobainforma.info\/wp-content\/uploads\/2025\/01\/pendientes-de-perlas-la-joya-favorita-de-nuestras-abuelas-vuelve-este-invierno-para-elevar-cualquier-look-4.jpg\" width=\"650\" height=\"900\" alt=\"Pendientes de perlas de Vidal &amp; Vidal.\"> <noscript> <img src=\"http:\/\/cordobainforma.info\/wp-content\/uploads\/2025\/01\/pendientes-de-perlas-la-joya-favorita-de-nuestras-abuelas-vuelve-este-invierno-para-elevar-cualquier-look-4.jpg\" alt=\"Pendientes de perlas de Vidal &amp; Vidal.\"> <\/noscript> <i class=\"voc-icons zoom voc-multimedia-box voc-ico-l\"><\/i> <\/div><figcaption class=\"figure-caption\">Pendientes de perlas de Vidal &amp; Vidal.<\/figcaption><\/picture>\n<\/div>\n<div id=\"photoZoomModal-530\" class=\"voc-lightbox modal fade voc-lightbox--photo-zoom\" role=\"dialog\" data-voc-photozoom-lightbox>\n<div class=\"voc-lightbox__dialog\" role=\"document\">\n<div class=\"voc-lightbox__content\"> <!-- Modal header --> <\/p>\n<header class=\"voc-lightbox__header\"> <span class=\"voc-lightbox__title\">Pendientes de perlas de Vidal &amp; Vidal.<\/span> <\/header>\n<p> <!-- Modal content --> <\/p>\n<div class=\"voc-lightbox__photo-container\"> <picture class> <img loading=\"lazy\" src=\"http:\/\/cordobainforma.info\/wp-content\/uploads\/2025\/01\/pendientes-de-perlas-la-joya-favorita-de-nuestras-abuelas-vuelve-este-invierno-para-elevar-cualquier-look-4.jpg\" alt=\"Pendientes de perlas de Vidal &amp; Vidal.\"> <noscript> <img src=\"http:\/\/cordobainforma.info\/wp-content\/uploads\/2025\/01\/pendientes-de-perlas-la-joya-favorita-de-nuestras-abuelas-vuelve-este-invierno-para-elevar-cualquier-look-4.jpg\" alt=\"Pendientes de perlas de Vidal &amp; Vidal.\"> <\/noscript> <\/picture> <\/div><\/div><\/div>\n<\/div>\n<p class=\"voc-paragraph\" data-mrf-recirculation=\"Link art\u00edculo\"><strong>Pendientes de perlas de Vidal &amp; Vidal.<\/strong>Si prefieres unos pendientes de perlas algo m\u00e1s sencillos, puedes apostar por este dise\u00f1o de la firma Vidal &amp; Vidal. Son unos pendientes de perlas con detalle de dorado de 18 quilates. Una joya ideal para el d\u00eda a d\u00eda. Precio: 45 euros.\n<\/p>\n<div class=\"voc-detail-photo-zoom\"> <picture data-toggle=\"modal\" data-target=\"#photoZoomModal-157\" target=\"modal\">\n<div class=\"voc-img-icon-link\"> <img loading=\"lazy\" src=\"http:\/\/cordobainforma.info\/wp-content\/uploads\/2025\/01\/pendientes-de-perlas-la-joya-favorita-de-nuestras-abuelas-vuelve-este-invierno-para-elevar-cualquier-look-5.jpg\" width=\"650\" height=\"900\" alt=\"Pendientes de perlas con cristales blancos de Swarovski\"> <noscript> <img src=\"http:\/\/cordobainforma.info\/wp-content\/uploads\/2025\/01\/pendientes-de-perlas-la-joya-favorita-de-nuestras-abuelas-vuelve-este-invierno-para-elevar-cualquier-look-5.jpg\" alt=\"Pendientes de perlas con cristales blancos de Swarovski\"> <\/noscript> <i class=\"voc-icons zoom voc-multimedia-box voc-ico-l\"><\/i> <\/div><figcaption class=\"figure-caption\">Pendientes de perlas con cristales blancos de Swarovski<\/figcaption><\/picture>\n<\/div>\n<div id=\"photoZoomModal-157\" class=\"voc-lightbox modal fade voc-lightbox--photo-zoom\" role=\"dialog\" data-voc-photozoom-lightbox>\n<div class=\"voc-lightbox__dialog\" role=\"document\">\n<div class=\"voc-lightbox__content\"> <!-- Modal header --> <\/p>\n<header class=\"voc-lightbox__header\"> <span class=\"voc-lightbox__title\">Pendientes de perlas con cristales blancos de Swarovski<\/span> <\/header>\n<p> <!-- Modal content --> <\/p>\n<div class=\"voc-lightbox__photo-container\"> <picture class> <img loading=\"lazy\" src=\"http:\/\/cordobainforma.info\/wp-content\/uploads\/2025\/01\/pendientes-de-perlas-la-joya-favorita-de-nuestras-abuelas-vuelve-este-invierno-para-elevar-cualquier-look-5.jpg\" alt=\"Pendientes de perlas con cristales blancos de Swarovski\"> <noscript> <img src=\"http:\/\/cordobainforma.info\/wp-content\/uploads\/2025\/01\/pendientes-de-perlas-la-joya-favorita-de-nuestras-abuelas-vuelve-este-invierno-para-elevar-cualquier-look-5.jpg\" alt=\"Pendientes de perlas con cristales blancos de Swarovski\"> <\/noscript> <\/picture> <\/div><\/div><\/div>\n<\/div>\n<p class=\"voc-paragraph\" data-mrf-recirculation=\"Link art\u00edculo\"><strong>Pendientes de perlas con cristales blancos de Swarovski.<\/strong> Otros pendientes espectaculares gracias a su dise\u00f1o de piedras son estos. Es el modelo Originally y est\u00e1 compuesto de perlas con cristales blancos y oro rosa. Precio: 103 euros (antes 129 euros).\n<\/p>\n<div class=\"voc-detail-photo-zoom\"> <picture data-toggle=\"modal\" data-target=\"#photoZoomModal-684\" target=\"modal\">\n<div class=\"voc-img-icon-link\"> <img loading=\"lazy\" src=\"http:\/\/cordobainforma.info\/wp-content\/uploads\/2025\/01\/pendientes-de-perlas-la-joya-favorita-de-nuestras-abuelas-vuelve-este-invierno-para-elevar-cualquier-look-6.jpg\" width=\"650\" height=\"900\" alt=\"Pendientes de perlas de Agatha Paris.\"> <noscript> <img src=\"http:\/\/cordobainforma.info\/wp-content\/uploads\/2025\/01\/pendientes-de-perlas-la-joya-favorita-de-nuestras-abuelas-vuelve-este-invierno-para-elevar-cualquier-look-6.jpg\" alt=\"Pendientes de perlas de Agatha Paris.\"> <\/noscript> <i class=\"voc-icons zoom voc-multimedia-box voc-ico-l\"><\/i> <\/div><figcaption class=\"figure-caption\">Pendientes de perlas de Agatha Paris.<\/figcaption><\/picture>\n<\/div>\n<div id=\"photoZoomModal-684\" class=\"voc-lightbox modal fade voc-lightbox--photo-zoom\" role=\"dialog\" data-voc-photozoom-lightbox>\n<div class=\"voc-lightbox__dialog\" role=\"document\">\n<div class=\"voc-lightbox__content\"> <!-- Modal header --> <\/p>\n<header class=\"voc-lightbox__header\"> <span class=\"voc-lightbox__title\">Pendientes de perlas de Agatha Paris.<\/span> <\/header>\n<p> <!-- Modal content --> <\/p>\n<div class=\"voc-lightbox__photo-container\"> <picture class> <img loading=\"lazy\" src=\"http:\/\/cordobainforma.info\/wp-content\/uploads\/2025\/01\/pendientes-de-perlas-la-joya-favorita-de-nuestras-abuelas-vuelve-este-invierno-para-elevar-cualquier-look-6.jpg\" alt=\"Pendientes de perlas de Agatha Paris.\"> <noscript> <img src=\"http:\/\/cordobainforma.info\/wp-content\/uploads\/2025\/01\/pendientes-de-perlas-la-joya-favorita-de-nuestras-abuelas-vuelve-este-invierno-para-elevar-cualquier-look-6.jpg\" alt=\"Pendientes de perlas de Agatha Paris.\"> <\/noscript> <\/picture> <\/div><\/div><\/div>\n<\/div>\n<p class=\"voc-paragraph\" data-mrf-recirculation=\"Link art\u00edculo\"><strong>Pendientes de perlas de Agatha Paris.<\/strong> Unos pendientes muy sencillos e ideales para todo el invierno que puedes encontrar en Agatha. Son unos pendientes con detalle de aros en dorado y perla blanca. Es el modelo Margaux disponible por 79 euros.\n<\/p>\n<div class=\"voc-detail-photo-zoom\"> <picture data-toggle=\"modal\" data-target=\"#photoZoomModal-915\" target=\"modal\">\n<div class=\"voc-img-icon-link\"> <img loading=\"lazy\" src=\"http:\/\/cordobainforma.info\/wp-content\/uploads\/2025\/01\/pendientes-de-perlas-la-joya-favorita-de-nuestras-abuelas-vuelve-este-invierno-para-elevar-cualquier-look-7.jpg\" width=\"650\" height=\"900\" alt=\"Pendientes de perlas con forma de flor de Majorica.\"> <noscript> <img src=\"http:\/\/cordobainforma.info\/wp-content\/uploads\/2025\/01\/pendientes-de-perlas-la-joya-favorita-de-nuestras-abuelas-vuelve-este-invierno-para-elevar-cualquier-look-7.jpg\" alt=\"Pendientes de perlas con forma de flor de Majorica.\"> <\/noscript> <i class=\"voc-icons zoom voc-multimedia-box voc-ico-l\"><\/i> <\/div><figcaption class=\"figure-caption\">Pendientes de perlas con forma de flor de Majorica.<\/figcaption><\/picture>\n<\/div>\n<div id=\"photoZoomModal-915\" class=\"voc-lightbox modal fade voc-lightbox--photo-zoom\" role=\"dialog\" data-voc-photozoom-lightbox>\n<div class=\"voc-lightbox__dialog\" role=\"document\">\n<div class=\"voc-lightbox__content\"> <!-- Modal header --> <\/p>\n<header class=\"voc-lightbox__header\"> <span class=\"voc-lightbox__title\">Pendientes de perlas con forma de flor de Majorica.<\/span> <\/header>\n<p> <!-- Modal content --> <\/p>\n<div class=\"voc-lightbox__photo-container\"> <picture class> <img loading=\"lazy\" src=\"http:\/\/cordobainforma.info\/wp-content\/uploads\/2025\/01\/pendientes-de-perlas-la-joya-favorita-de-nuestras-abuelas-vuelve-este-invierno-para-elevar-cualquier-look-7.jpg\" alt=\"Pendientes de perlas con forma de flor de Majorica.\"> <noscript> <img src=\"http:\/\/cordobainforma.info\/wp-content\/uploads\/2025\/01\/pendientes-de-perlas-la-joya-favorita-de-nuestras-abuelas-vuelve-este-invierno-para-elevar-cualquier-look-7.jpg\" alt=\"Pendientes de perlas con forma de flor de Majorica.\"> <\/noscript> <\/picture> <\/div><\/div><\/div>\n<\/div>\n<p class=\"voc-paragraph\" data-mrf-recirculation=\"Link art\u00edculo\"><strong>Pendientes de perlas con forma de flor de Majorica.<\/strong> Unos pendientes s\u00faper originales para darle ese toque c\u00e1lido a tus looks son estos con forma de flor de la firma Majorica. Son unos pendientes inspirados en los a\u00f1os 40 con perlas en blanco y detalles en dorado. Precio: 149 euros.\n<\/p>\n<div class=\"voc-detail__cmp\">\n<div class=\"voc-grouper-related__wrapper\">\n<section class=\"voc-grouper-related voc-detail-section voc-detail-section--bdr-bottom\">\n<h4 class=\"voc-grouper-related-title voc-title-section voc-title-section--underline\"> TE RECOMENDAMOS <\/h4>\n<div class=\"voc-grouper-related__grid voc-grid voc-grid--2-cols\">\n<div class=\"voc-article-container\">\n<article class=\"voc-article voc-article--cmp-related voc-article--cmp-related--2-cols voc-article--photo-left voc-home-tit-st \">\n<div class=\"voc-img-container \"> <picture> <a href=\"https:\/\/www.mujerhoy.com\/moda\/no-te-pierdas\/pendientes-largos-arreglados-perfectos-looks-nochevieja-20241230132430-nt.html#vca=modulos&amp;vso=mujerhoy&amp;vmc=noticias-rel-cmp&amp;vli=tendencias\" class=\"voc-horizontal voc-img-icon-link\"> <img alt=\"Pendientes largos y arreglados para lucir en Nochevieja si optas por un look b\u00e1sico en negro\" loading=\"lazy\" src=\"http:\/\/cordobainforma.info\/wp-content\/uploads\/2025\/01\/pendientes-de-perlas-la-joya-favorita-de-nuestras-abuelas-vuelve-este-invierno-para-elevar-cualquier-look-8.jpg\"> <\/a> <\/picture> <\/div>\n<div class=\"voc-info-container\">\n<h3 class=\"voc-title\"> <a href=\"https:\/\/www.mujerhoy.com\/moda\/no-te-pierdas\/pendientes-largos-arreglados-perfectos-looks-nochevieja-20241230132430-nt.html#vca=modulos&amp;vso=mujerhoy&amp;vmc=noticias-rel-cmp&amp;vli=tendencias\" title=\"Pendientes largos y arreglados para lucir en Nochevieja si optas por un look b\u00e1sico en negro\"> Pendientes largos y arreglados para lucir en Nochevieja si optas por un look b\u00e1sico en negro <\/a> <\/h3>\n<div class=\"voc-author-onplus-container\"> <span class=\"voc-article-author\"> <author> <a href=\"https:\/\/www.mujerhoy.com\/autor\/carla-dominguez-4445.html\" title=\"Carla Dom\u00ednguez\" class=\"voc-author\"><span> Carla Dom\u00ednguez <\/span><\/a> <\/author> <\/span> <\/div><\/div>\n<\/article><\/div>\n<div class=\"voc-article-container\">\n<article class=\"voc-article voc-article--cmp-related voc-article--cmp-related--2-cols voc-article--photo-left voc-home-tit-st \">\n<div class=\"voc-img-container \"> <picture> <a href=\"https:\/\/www.mujerhoy.com\/celebrities\/realeza\/reina-letizia-joyas-espectaculares-tiara-2024-20241227133150-nt.html#vca=modulos&amp;vso=mujerhoy&amp;vmc=noticias-rel-cmp&amp;vli=tendencias\" class=\"voc-horizontal voc-img-icon-link\"> <img alt=\"Las joyas m\u00e1s espectaculares que ha lucido la reina Letizia en 2024: de la tiara Rusa a las del retrato de Annie Leibovitz\" loading=\"lazy\" src=\"http:\/\/cordobainforma.info\/wp-content\/uploads\/2025\/01\/pendientes-de-perlas-la-joya-favorita-de-nuestras-abuelas-vuelve-este-invierno-para-elevar-cualquier-look-9.jpg\"> <\/a> <\/picture> <\/div>\n<div class=\"voc-info-container\">\n<h3 class=\"voc-title\"> <a href=\"https:\/\/www.mujerhoy.com\/celebrities\/realeza\/reina-letizia-joyas-espectaculares-tiara-2024-20241227133150-nt.html#vca=modulos&amp;vso=mujerhoy&amp;vmc=noticias-rel-cmp&amp;vli=tendencias\" title=\"Las joyas m\u00e1s espectaculares que ha lucido la reina Letizia en 2024: de la tiara Rusa a las del retrato de Annie Leibovitz\"> Las joyas m\u00e1s espectaculares que ha lucido la reina Letizia en 2024: de la tiara Rusa a las del retrato de Annie Leibovitz <\/a> <\/h3>\n<div class=\"voc-author-onplus-container\"> <span class=\"voc-article-author\"> <author> <a href=\"https:\/\/www.mujerhoy.com\/autor\/jorge-c-parcero--6697.html\" title=\"Jorge C. Parcero \" class=\"voc-author\"><span> Jorge C. Parcero <\/span><\/a> <\/author> <\/span> <\/div><\/div>\n<\/article><\/div><\/div>\n<\/section><\/div>\n<\/div>\n<p> <!-- TOPICS --> <\/p>\n<div class=\"voc-topics voc-detail-grid\" data-mrf-recirculation=\"Topics\">\n<h3>Temas<\/h3>\n<p> <a href=\"https:\/\/www.mujerhoy.com\/temas\/generales\/joyas.html\" title=\"Joyas\" data-mrf-link=\"https:\/\/www.mujerhoy.com\/temas\/generales\/joyas.html\">Joyas<\/a> <a href=\"https:\/\/www.mujerhoy.com\/temas\/generales\/moda-mujerhoy.html\" title=\"Moda Mujerhoy\" data-mrf-link=\"https:\/\/www.mujerhoy.com\/temas\/generales\/moda-mujerhoy.html\">Moda Mujerhoy<\/a> <\/div>\n<div class=\"links-interest accordion\" data-voc-seahorse=\"accordion\">\n<div class=\"accordion-card\">\n<div class=\"links-interest__header-item accordion-header\"> <a href=\"https:\/\/www.mujerhoy.com\/moda\/tendencias\/pendientes-perlas-joyas-tendencia-elevan-cualquier-look-invierno-20250127121958-nt.html#\" class=\"links-interest__header-link accordion-link\"> Enlaces de inter\u00e9s <span class=\"links-interest__icon accordion-icon\"><\/span> <\/a> <\/div>\n<div class=\"links-interest__collapse accordion-collapse\">\n<nav class=\"links-interest__collapse-nav\">\n<ul class=\"links-interest__collapse-list\">\n<li class=\"links-interest__collapse-item accordion-subitem\"> <a href=\"https:\/\/www.mujerhoy.com\/moda\/no-te-pierdas\/camisa-blanca-nuevo-mango-compras-baratas-20250127020919-nt.html\" class=\"links-interest__collapse-link\" _target=\"_self\"> Novedades Mango <\/a> <\/li>\n<li class=\"links-interest__collapse-item accordion-subitem\"> <a href=\"https:\/\/www.mujerhoy.com\/belleza\/maquillaje\/rizador-pestanas-herramienta-silicona-viral-shein-20250127080737-nt.html\" class=\"links-interest__collapse-link\" _target=\"_self\"> Rizador pesta\u00f1as <\/a> <\/li>\n<li class=\"links-interest__collapse-item accordion-subitem\"> <a href=\"https:\/\/www.mujerhoy.com\/moda\/no-te-pierdas\/abrigos-de-cuadros-pijas-espanolas-20250127071547-nt.html\" class=\"links-interest__collapse-link\" _target=\"_self\"> Abrigos de cuadros <\/a> <\/li>\n<li class=\"links-interest__collapse-item accordion-subitem\"> <a href=\"https:\/\/www.mujerhoy.com\/belleza\/pelo\/mascarillas-pelo-keratina-efecto-alisado-cabello-sedoso-sin-encrespamiento-20250126143032-nt.html\" class=\"links-interest__collapse-link\" _target=\"_self\"> Mascarillas con keratina <\/a> <\/li>\n<li class=\"links-interest__collapse-item accordion-subitem\"> <a href=\"https:\/\/www.mujerhoy.com\/moda\/tendencias\/tendencias-invierno-enamoran-chicas-clasicas-elegantes-sofisticadas-20250126142509-nt.html\" class=\"links-interest__collapse-link\" _target=\"_self\"> Tendencias invierno <\/a> <\/li>\n<li class=\"links-interest__collapse-item accordion-subitem\"> <a href=\"https:\/\/www.mujerhoy.com\/horoscopo\/horoscopo-diario-hoy-lunes-27-enero-predicciones-zodiaco-salud-dinero-amor-20250127063800-nt.html\" class=\"links-interest__collapse-link\" _target=\"_self\"> Hor\u00f3scopo de hoy <\/a> <\/li>\n<\/ul>\n<\/nav><\/div><\/div><\/div>\n","protected":false},"excerpt":{"rendered":"<p>Carla Dom\u00ednguez Actualizado \u00b7 27 de enero de 2025, 14:09 h De peque\u00f1a recuerdo como siempre mi abuela llevaba unos pendientes de perlas en su oreja para el d\u00eda a d\u00eda. Eran sus pendientes favoritas y tambi\u00e9n el de muchas de sus amigas. Sin embargo, con el paso del tiempo este tipo de joyas se [&hellip;]<\/p>\n","protected":false},"author":1,"featured_media":141403,"comment_status":"closed","ping_status":"closed","sticky":false,"template":"","format":"standard","meta":[],"categories":[24],"tags":[],"_links":{"self":[{"href":"http:\/\/cordobainforma.info\/index.php\/wp-json\/wp\/v2\/posts\/141402"}],"collection":[{"href":"http:\/\/cordobainforma.info\/index.php\/wp-json\/wp\/v2\/posts"}],"about":[{"href":"http:\/\/cordobainforma.info\/index.php\/wp-json\/wp\/v2\/types\/post"}],"author":[{"embeddable":true,"href":"http:\/\/cordobainforma.info\/index.php\/wp-json\/wp\/v2\/users\/1"}],"replies":[{"embeddable":true,"href":"http:\/\/cordobainforma.info\/index.php\/wp-json\/wp\/v2\/comments?post=141402"}],"version-history":[{"count":0,"href":"http:\/\/cordobainforma.info\/index.php\/wp-json\/wp\/v2\/posts\/141402\/revisions"}],"wp:featuredmedia":[{"embeddable":true,"href":"http:\/\/cordobainforma.info\/index.php\/wp-json\/wp\/v2\/media\/141403"}],"wp:attachment":[{"href":"http:\/\/cordobainforma.info\/index.php\/wp-json\/wp\/v2\/media?parent=141402"}],"wp:term":[{"taxonomy":"category","embeddable":true,"href":"http:\/\/cordobainforma.info\/index.php\/wp-json\/wp\/v2\/categories?post=141402"},{"taxonomy":"post_tag","embeddable":true,"href":"http:\/\/cordobainforma.info\/index.php\/wp-json\/wp\/v2\/tags?post=141402"}],"curies":[{"name":"wp","href":"https:\/\/api.w.org\/{rel}","templated":true}]}}