{"id":14139,"date":"2021-06-03T18:36:47","date_gmt":"2021-06-03T18:36:47","guid":{"rendered":"http:\/\/cordobainforma.info\/index.php\/2021\/06\/03\/a-un-ano-de-la-pandemia-el-comite-parlamentario-de-suecia-estima-que-su-gobierno-fracaso-en-varios-aspectos-al-manejar-la-pandemia\/"},"modified":"2021-06-03T18:36:47","modified_gmt":"2021-06-03T18:36:47","slug":"a-un-ano-de-la-pandemia-el-comite-parlamentario-de-suecia-estima-que-su-gobierno-fracaso-en-varios-aspectos-al-manejar-la-pandemia","status":"publish","type":"post","link":"http:\/\/cordobainforma.info\/index.php\/2021\/06\/03\/a-un-ano-de-la-pandemia-el-comite-parlamentario-de-suecia-estima-que-su-gobierno-fracaso-en-varios-aspectos-al-manejar-la-pandemia\/","title":{"rendered":"A un a\u00f1o de la pandemia el comit\u00e9 parlamentario de Suecia estima que su Gobierno fracas\u00f3 en varios aspectos al manejar la pandemia"},"content":{"rendered":"<p><img src=\"http:\/\/cordobainforma.info\/wp-content\/uploads\/2021\/06\/a-un-ano-de-la-pandemia-el-comite-parlamentario-de-suecia-estima-que-su-gobierno-fracaso-en-varios-aspectos-al-manejar-la-pandemia.jpg\"><\/p>\n<div readability=\"32\">\n<p><span>Publicado:<\/span><time class=\"Timestamp-root Timestamp-isBlackColor \" datetime=\"2021-06-03T18:36:47+00:00\"> 3 jun 2021 18:36 GMT <\/time><\/p>\n<\/div>\n<div readability=\"34\">\n<p> Esa comisi\u00f3n considera que las autoridades suecas no protegieron bien a los ancianos, los m\u00e1s vulnerables ante el covid-19. <\/p>\n<\/div>\n<div readability=\"70.372870662461\">\n<p>El Comit\u00e9 Constitucional de Suecia ha se\u00f1alado al Gobierno de su pa\u00eds porque estima que fall\u00f3 en varios aspectos a la hora de manejar la pandemia mundial de covid-19, como tardar&nbsp;demasiado en implementar un sistema de prueba y rastreo de contagios o no haber protegido bien a los ancianos.<\/p>\n<p>Durante una audiencia celebrada en el Parlamento sueco este 3 de junio, el vicepresidente de esa comisi\u00f3n, Hans Ekstrom, calific\u00f3 de <strong>\u00abinsuficiente\u00bb<\/strong>&nbsp;la respuesta de las autoridades suecas, seg\u00fan <a href=\"https:\/\/www.reuters.com\/world\/europe\/swedish-parliament-committee-says-government-failed-pandemic-handling-2021-06-03\/\" target=\"_blank\" rel=\"noopener noreferrer\">cita<\/a> la agencia Reuters.<\/p>\n<p>\u00abEst\u00e1 claro que Suecia no estaba suficientemente preparada antes [de la pandemia] y podemos aprender de muchos de los fracasos subyacentes que se han identificados\u00bb, declar\u00f3 ese legislador.<\/p>\n<div class=\"ReadMore-root Section-root Section-is1to3-xs_is1to1\" data-widgets=\"ReadMore\">\n<div class=\"Section-container Section-isRow-isTop-isWrap\">\n<article class=\"Card-root Card-is1to1 \">\n<div class=\"Card-imageWrap\">\n<div class=\"Card-picture\"> <picture class=\"Picture-root Picture-default\"><!--[if IE 9]><video style=\"display: none;\"><![endif]--><source media=\"(-webkit-min-device-pixel-ratio: 2) and (min-resolution: 120dpi)\" srcset=\"http:\/\/cordobainforma.info\/wp-content\/uploads\/2021\/06\/a-un-ano-de-la-pandemia-el-comite-parlamentario-de-suecia-estima-que-su-gobierno-fracaso-en-varios-aspectos-al-manejar-la-pandemia-2.jpg 850w, http:\/\/cordobainforma.info\/wp-content\/uploads\/2021\/06\/a-un-ano-de-la-pandemia-el-comite-parlamentario-de-suecia-estima-que-su-gobierno-fracaso-en-varios-aspectos-al-manejar-la-pandemia-3.jpg 1960w\"><source srcset=\"http:\/\/cordobainforma.info\/wp-content\/uploads\/2021\/06\/a-un-ano-de-la-pandemia-el-comite-parlamentario-de-suecia-estima-que-su-gobierno-fracaso-en-varios-aspectos-al-manejar-la-pandemia-2.jpg 460w, http:\/\/cordobainforma.info\/wp-content\/uploads\/2021\/06\/a-un-ano-de-la-pandemia-el-comite-parlamentario-de-suecia-estima-que-su-gobierno-fracaso-en-varios-aspectos-al-manejar-la-pandemia-3.jpg 980w\"><!--[if IE 9]><\/video><![endif]--><img data-sizes=\"auto\" src=\"http:\/\/cordobainforma.info\/wp-content\/uploads\/2021\/06\/a-un-ano-de-la-pandemia-el-comite-parlamentario-de-suecia-estima-que-su-gobierno-fracaso-en-varios-aspectos-al-manejar-la-pandemia-2.jpg\" class=\"Picture-root Picture-default lazyload\" alt=\"Publican miles de correos electr\u00f3nicos de Anthony Fauci que arrojan luz sobre la percepci\u00f3n de la pandemia en sus primeras semanas en EE.UU.\"><\/picture><!-- noscript pattern --><noscript><img src=\"http:\/\/cordobainforma.info\/wp-content\/uploads\/2021\/06\/a-un-ano-de-la-pandemia-el-comite-parlamentario-de-suecia-estima-que-su-gobierno-fracaso-en-varios-aspectos-al-manejar-la-pandemia-3.jpg\" alt=\"Publican miles de correos electr\u00f3nicos de Anthony Fauci que arrojan luz sobre la percepci\u00f3n de la pandemia en sus primeras semanas en EE.UU.\"><\/noscript> <\/div><\/div>\n<\/article><\/div><\/div>\n<p>Sin embargo, Ekstrom no mencion\u00f3 la <a href=\"https:\/\/actualidad.rt.com\/actualidad\/358549-suecia-empezar-investigacion-respuesta-pandemia\" target=\"_blank\" rel=\"noopener noreferrer\">estrategia<\/a>&nbsp;que estableci\u00f3 Suecia en los primeros meses de la crisis sanitaria, cuando se diferenci\u00f3 de la mayor\u00eda de los pa\u00edses del mundo al no introducir medidas de confinamiento.<\/p>\n<p>Karin Enstrom, presidenta de ese comit\u00e9, coincidi\u00f3 en que <strong>\u00ablos ancianos fueron particularmente vulnerables\u00bb<\/strong> y Estocolmo \u00abdeber\u00eda haber actuado con m\u00e1s decisi\u00f3n\u00bb: Suecia registr\u00f3 \u00edndices de mortalidad asociada al coronavirus m\u00e1s bajos que otros pa\u00edses de la UE que aplicaron medidas restrictivas, pero peores que sus vecinos escandinavos.<\/p>\n<p>Hasta la fecha, Suecia registr\u00f3 1.076.993 infectados con el coronavirus y 14.512 muertes por covid-19, con una tasa de cerca de <strong>1.400<\/strong> fallecidos por mill\u00f3n de habitantes, mientras que en Finlandia fue de <strong>173<\/strong>&nbsp;decesos por cada mill\u00f3n&nbsp;de personas.<\/p>\n<p><strong><em>Si te ha parecido interesante, \u00a1comp\u00e1rtelo con tus amigos!<\/em><\/strong><\/p>\n<\/div>\n","protected":false},"excerpt":{"rendered":"<p>Publicado: 3 jun 2021 18:36 GMT Esa comisi\u00f3n considera que las autoridades suecas no protegieron bien a los ancianos, los m\u00e1s vulnerables ante el covid-19. El Comit\u00e9 Constitucional de Suecia ha se\u00f1alado al Gobierno de su pa\u00eds porque estima que fall\u00f3 en varios aspectos a la hora de manejar la pandemia mundial de covid-19, como [&hellip;]<\/p>\n","protected":false},"author":1,"featured_media":14140,"comment_status":"closed","ping_status":"closed","sticky":false,"template":"","format":"standard","meta":[],"categories":[22],"tags":[],"_links":{"self":[{"href":"http:\/\/cordobainforma.info\/index.php\/wp-json\/wp\/v2\/posts\/14139"}],"collection":[{"href":"http:\/\/cordobainforma.info\/index.php\/wp-json\/wp\/v2\/posts"}],"about":[{"href":"http:\/\/cordobainforma.info\/index.php\/wp-json\/wp\/v2\/types\/post"}],"author":[{"embeddable":true,"href":"http:\/\/cordobainforma.info\/index.php\/wp-json\/wp\/v2\/users\/1"}],"replies":[{"embeddable":true,"href":"http:\/\/cordobainforma.info\/index.php\/wp-json\/wp\/v2\/comments?post=14139"}],"version-history":[{"count":0,"href":"http:\/\/cordobainforma.info\/index.php\/wp-json\/wp\/v2\/posts\/14139\/revisions"}],"wp:featuredmedia":[{"embeddable":true,"href":"http:\/\/cordobainforma.info\/index.php\/wp-json\/wp\/v2\/media\/14140"}],"wp:attachment":[{"href":"http:\/\/cordobainforma.info\/index.php\/wp-json\/wp\/v2\/media?parent=14139"}],"wp:term":[{"taxonomy":"category","embeddable":true,"href":"http:\/\/cordobainforma.info\/index.php\/wp-json\/wp\/v2\/categories?post=14139"},{"taxonomy":"post_tag","embeddable":true,"href":"http:\/\/cordobainforma.info\/index.php\/wp-json\/wp\/v2\/tags?post=14139"}],"curies":[{"name":"wp","href":"https:\/\/api.w.org\/{rel}","templated":true}]}}