{"id":14131,"date":"2021-06-03T15:33:58","date_gmt":"2021-06-03T15:33:58","guid":{"rendered":"http:\/\/playfmradio.com\/?p=14633"},"modified":"2021-06-03T15:33:58","modified_gmt":"2021-06-03T15:33:58","slug":"la-proxima-semana-comienza-la-produccion-de-sputnik-v-en-el-pais","status":"publish","type":"post","link":"http:\/\/cordobainforma.info\/index.php\/2021\/06\/03\/la-proxima-semana-comienza-la-produccion-de-sputnik-v-en-el-pais\/","title":{"rendered":"La pr\u00f3xima semana comienza la producci\u00f3n de Sputnik v en el pa\u00eds"},"content":{"rendered":"<p><em>Tras la aprobaci\u00f3n del Instituto Galameya, la Ministra de Salud de la Naci\u00f3n confirm\u00f3 la producci\u00f3n de la vacunarusa en Argentina.<\/em><\/p>\n<p>La Ministra, Carla Vizzotti<strong>, <\/strong>anunci\u00f3 este mi\u00e9rcoles que el instituto ruso&nbsp;Gamaleyadio su visto bueno a las muestras producidas en el laboratorio bonaerense Richmondy que se avanzar\u00e1 en la importaci\u00f3n de ant\u00edgenos que permitir\u00e1n la fabricaci\u00f3n de&nbsp;Sputnik V&nbsp;componente 1 y 2.<\/p>\n<p>La funcionaria explic\u00f3 que el control de calidad de tres lotes de cada uno de los componentes de la vacuna de origen ruso fue satisfactorio y por ello, la Argentina ser\u00e1 parte de la cadena de producci\u00f3n de la misma.<\/p>\n<p><strong>Por: Carla Madera<\/strong><\/p>\n<p><a class=\"synved-social-button synved-social-button-share synved-social-size-32 synved-social-resolution-single synved-social-provider-facebook nolightbox\" data-provider=\"facebook\" target=\"_blank\" rel=\"nofollow noopener noreferrer\" title=\"Share on Facebook\" href=\"http:\/\/www.facebook.com\/sharer.php?u=http%3A%2F%2Fplayfmradio.com%2Fla-proxima-semana-comienza-la-produccion-de-sputnik-v-en-el-pais%2F&amp;t=La%20pr%C3%B3xima%20semana%20comienza%20la%20producci%C3%B3n%20de%20Sputnik%20v%20en%20el%20pa%C3%ADs&amp;s=100&amp;p[url]=http%3A%2F%2Fplayfmradio.com%2Fla-proxima-semana-comienza-la-produccion-de-sputnik-v-en-el-pais%2F&amp;p[images][0]=http%3A%2F%2Fplayfmradio.com%2Fwp-content%2Fuploads%2F2021%2F06%2Fdescarga.jpeg.jpg&amp;p[title]=La%20pr%C3%B3xima%20semana%20comienza%20la%20producci%C3%B3n%20de%20Sputnik%20v%20en%20el%20pa%C3%ADs\"><img loading=\"lazy\" alt=\"Facebook\" title=\"Share on Facebook\" class=\"synved-share-image synved-social-image synved-social-image-share\" width=\"32\" height=\"32\" src=\"http:\/\/cordobainforma.info\/wp-content\/uploads\/2021\/06\/la-proxima-semana-comienza-la-produccion-de-sputnik-v-en-el-pais.png\"><\/a><a class=\"synved-social-button synved-social-button-share synved-social-size-32 synved-social-resolution-single synved-social-provider-twitter nolightbox\" data-provider=\"twitter\" target=\"_blank\" rel=\"nofollow noopener noreferrer\" title=\"Share on Twitter\" href=\"https:\/\/twitter.com\/intent\/tweet?url=http%3A%2F%2Fplayfmradio.com%2Fla-proxima-semana-comienza-la-produccion-de-sputnik-v-en-el-pais%2F&amp;text=Compartido%20de%20Playfmradio.com\"><img loading=\"lazy\" alt=\"twitter\" title=\"Share on Twitter\" class=\"synved-share-image synved-social-image synved-social-image-share\" width=\"32\" height=\"32\" src=\"http:\/\/cordobainforma.info\/wp-content\/uploads\/2021\/06\/la-proxima-semana-comienza-la-produccion-de-sputnik-v-en-el-pais-1.png\"><\/a><a class=\"synved-social-button synved-social-button-share synved-social-size-32 synved-social-resolution-single synved-social-provider-pinterest nolightbox\" data-provider=\"pinterest\" target=\"_blank\" rel=\"nofollow noopener noreferrer\" title=\"Pin it with Pinterest\" href=\"http:\/\/pinterest.com\/pin\/create\/button\/?url=http%3A%2F%2Fplayfmradio.com%2Fla-proxima-semana-comienza-la-produccion-de-sputnik-v-en-el-pais%2F&amp;media=http%3A%2F%2Fplayfmradio.com%2Fwp-content%2Fuploads%2F2021%2F06%2Fdescarga.jpeg.jpg&amp;description=La%20pr%C3%B3xima%20semana%20comienza%20la%20producci%C3%B3n%20de%20Sputnik%20v%20en%20el%20pa%C3%ADs\"><img loading=\"lazy\" alt=\"pinterest\" title=\"Pin it with Pinterest\" class=\"synved-share-image synved-social-image synved-social-image-share\" width=\"32\" height=\"32\" src=\"http:\/\/cordobainforma.info\/wp-content\/uploads\/2021\/06\/la-proxima-semana-comienza-la-produccion-de-sputnik-v-en-el-pais-2.png\"><\/a><a class=\"synved-social-button synved-social-button-share synved-social-size-32 synved-social-resolution-single synved-social-provider-tumblr nolightbox\" data-provider=\"tumblr\" target=\"_blank\" rel=\"nofollow noopener noreferrer\" title=\"Share on tumblr\" href=\"http:\/\/tumblr.com\/share?s=&amp;v=3&amp;t=La%20pr%C3%B3xima%20semana%20comienza%20la%20producci%C3%B3n%20de%20Sputnik%20v%20en%20el%20pa%C3%ADs&amp;u=http%3A%2F%2Fplayfmradio.com%2Fla-proxima-semana-comienza-la-produccion-de-sputnik-v-en-el-pais%2F\"><img loading=\"lazy\" alt=\"tumblr\" title=\"Share on tumblr\" class=\"synved-share-image synved-social-image synved-social-image-share\" width=\"32\" height=\"32\" src=\"http:\/\/cordobainforma.info\/wp-content\/uploads\/2021\/06\/la-proxima-semana-comienza-la-produccion-de-sputnik-v-en-el-pais-3.png\"><\/a><a class=\"synved-social-button synved-social-button-share synved-social-size-32 synved-social-resolution-single synved-social-provider-mail nolightbox\" data-provider=\"mail\" rel=\"nofollow\" title=\"Share by email\" href=\"mailto:?subject=La%20pr%C3%B3xima%20semana%20comienza%20la%20producci%C3%B3n%20de%20Sputnik%20v%20en%20el%20pa%C3%ADs&amp;body=Compartido%20de%20Playfmradio.com:%20http%3A%2F%2Fplayfmradio.com%2Fla-proxima-semana-comienza-la-produccion-de-sputnik-v-en-el-pais%2F\"><img loading=\"lazy\" alt=\"mail\" title=\"Share by email\" class=\"synved-share-image synved-social-image synved-social-image-share\" width=\"32\" height=\"32\" src=\"http:\/\/cordobainforma.info\/wp-content\/uploads\/2021\/06\/la-proxima-semana-comienza-la-produccion-de-sputnik-v-en-el-pais-4.png\"><\/a> <!-- AUTHOR PART ========================= --><\/p>\n<div class=\"qt-post-author qt-card\">\n<div class=\"row\">\n<div class=\"qt-post-author-data col s10 m7 l8\">\n<h6>Autor<\/h6>\n<h4><a href=\"http:\/\/playfmradio.com\/la-proxima-semana-comienza-la-produccion-de-sputnik-v-en-el-pais\/#author_page\">Play FM<\/a><\/h4>\n<\/p><\/div>\n<div class=\"qt-post-author-link col s12 m3 l3 aligncenter\"> <a href=\"http:\/\/playfmradio.com\/author\/andres\/\" class=\"qt-btn qt-btn-large qt-btn-primary\">Archivos del autor<\/a> <\/div><\/div>\n<\/div>\n<p><!-- AUTHOR PART END ========================= --> <\/p>\n","protected":false},"excerpt":{"rendered":"<p>Tras la aprobaci\u00f3n del Instituto Galameya, la Ministra de Salud de la Naci\u00f3n confirm\u00f3 la producci\u00f3n de la vacunarusa en Argentina. La Ministra, Carla Vizzotti, anunci\u00f3 este mi\u00e9rcoles que el instituto ruso&nbsp;Gamaleyadio su visto bueno a las muestras producidas en el laboratorio bonaerense Richmondy que se avanzar\u00e1 en la importaci\u00f3n de ant\u00edgenos que permitir\u00e1n la [&hellip;]<\/p>\n","protected":false},"author":1,"featured_media":14132,"comment_status":"closed","ping_status":"closed","sticky":false,"template":"","format":"standard","meta":[],"categories":[23],"tags":[],"_links":{"self":[{"href":"http:\/\/cordobainforma.info\/index.php\/wp-json\/wp\/v2\/posts\/14131"}],"collection":[{"href":"http:\/\/cordobainforma.info\/index.php\/wp-json\/wp\/v2\/posts"}],"about":[{"href":"http:\/\/cordobainforma.info\/index.php\/wp-json\/wp\/v2\/types\/post"}],"author":[{"embeddable":true,"href":"http:\/\/cordobainforma.info\/index.php\/wp-json\/wp\/v2\/users\/1"}],"replies":[{"embeddable":true,"href":"http:\/\/cordobainforma.info\/index.php\/wp-json\/wp\/v2\/comments?post=14131"}],"version-history":[{"count":0,"href":"http:\/\/cordobainforma.info\/index.php\/wp-json\/wp\/v2\/posts\/14131\/revisions"}],"wp:featuredmedia":[{"embeddable":true,"href":"http:\/\/cordobainforma.info\/index.php\/wp-json\/wp\/v2\/media\/14132"}],"wp:attachment":[{"href":"http:\/\/cordobainforma.info\/index.php\/wp-json\/wp\/v2\/media?parent=14131"}],"wp:term":[{"taxonomy":"category","embeddable":true,"href":"http:\/\/cordobainforma.info\/index.php\/wp-json\/wp\/v2\/categories?post=14131"},{"taxonomy":"post_tag","embeddable":true,"href":"http:\/\/cordobainforma.info\/index.php\/wp-json\/wp\/v2\/tags?post=14131"}],"curies":[{"name":"wp","href":"https:\/\/api.w.org\/{rel}","templated":true}]}}