{"id":141280,"date":"2025-01-26T12:11:00","date_gmt":"2025-01-26T12:11:00","guid":{"rendered":"https:\/\/www.mujerhoy.com\/moda\/no-te-pierdas\/invitadas-invierno-compran-tienda-coosy-segundas-rebajas-looks-diarios-20250126141755-nt.html"},"modified":"2025-01-26T12:11:00","modified_gmt":"2025-01-26T12:11:00","slug":"las-invitadas-de-invierno-compran-la-ropa-de-diario-rebajadisima-en-esta-firma-made-in-spain","status":"publish","type":"post","link":"http:\/\/cordobainforma.info\/index.php\/2025\/01\/26\/las-invitadas-de-invierno-compran-la-ropa-de-diario-rebajadisima-en-esta-firma-made-in-spain\/","title":{"rendered":"Las invitadas de invierno compran la ropa de diario rebajad\u00edsima en esta firma made in Spain"},"content":{"rendered":"<p><!-- AUTHOR --> <\/p>\n<div class=\"voc-author-timesocial \"> <!-- AUTHOR --> <\/p>\n<div class=\"voc-author-timesocial__signature \">\n<div class=\"voc-author-timesocial__img-c\"> <!-- IMAGE AUTHOR --> <picture class=\"voc-image-signature\"> <img class=\"voc-image-signature__img\" src=\"http:\/\/cordobainforma.info\/wp-content\/uploads\/2025\/01\/las-invitadas-de-invierno-compran-la-ropa-de-diario-rebajadisima-en-esta-firma-made-in-spain.jpg\" alt=\"Carla Dom\u00ednguez\"> <\/picture> <\/div>\n<p> <!-- INFO AUTHOR --> <\/div><\/div>\n<p> <!-- COMPONENTS --> <\/p>\n<p class=\"voc-paragraph\" data-mrf-recirculation=\"Link art\u00edculo\">Las <a data-voc-vtm-id=\"in-text-traffic\" href=\"https:\/\/www.mujerhoy.com\/moda\/no-te-pierdas\/vestidos-invitadas-invierno-boda-elegantes-calentitos-femeninos-20241104111537-nt.html\" data-mrf-link=\"https:\/\/www.mujerhoy.com\/moda\/no-te-pierdas\/vestidos-invitadas-invierno-boda-elegantes-calentitos-femeninos-20241104111537-nt.html\">bodas de invierno<\/a> tienen una magia especial. Desde la est\u00e9tica de las mesas, pasando por el vestido de novia hasta la decoraci\u00f3n general de la boda. Est\u00e1 claro que estos eventos nupciales tienen un toque diferente y tambi\u00e9n se aprecia bien en las invitadas.\n<\/p>\n<p class=\"voc-paragraph\" data-mrf-recirculation=\"Link art\u00edculo\">Las invitadas de invierno suelen ser algo m\u00e1s elegantes. O al menos son invitadas que buscan opciones algo m\u00e1s originales. Suelen ser vestidos con dise\u00f1os especiales o de <a data-voc-vtm-id=\"in-text-traffic\" href=\"https:\/\/www.mujerhoy.com\/lujo-slow\/firmas-espanolas-lujo-silencioso-made-in-spain-basicos-tendencia-primavera-verano-2024-20240507125836-nt.html\" data-mrf-link=\"https:\/\/www.mujerhoy.com\/lujo-slow\/firmas-espanolas-lujo-silencioso-made-in-spain-basicos-tendencia-primavera-verano-2024-20240507125836-nt.html\">marcas con sello made in Spain.<\/a> Pues bien, estas invitadas tambi\u00e9n recurren a las mismas firmas para sus looks de diario y m\u00e1s ahora que hay descuentos.\n<\/p>\n<p class=\"voc-paragraph\" data-mrf-recirculation=\"Link art\u00edculo\">Una de <a data-voc-vtm-id=\"in-text-traffic\" href=\"https:\/\/www.mujerhoy.com\/moda\/tendencias\/mejores-vestidos-invitadas-invierno-bodas-coosy-20250110140010-nt.html\" data-mrf-link=\"https:\/\/www.mujerhoy.com\/moda\/tendencias\/mejores-vestidos-invitadas-invierno-bodas-coosy-20250110140010-nt.html\">las firmas preferidas de las invitadas espa\u00f1olas es Coosy<\/a><br \/>\n. Es una firma que tiene <strong>un sinf\u00edn de dise\u00f1os ideales para bodas<\/strong>. Desde vestidos midi, largos hasta incluso conjuntos de traje de lo m\u00e1s elegantes para bodas de invierno o de verano.\n<\/p>\n<p class=\"voc-paragraph\" data-mrf-recirculation=\"Link art\u00edculo\">Ahora, tanto en web como en tiendas, hay descuentos. Por eso, muchas invitadas est\u00e1n aprovechando para comprarse alg\u00fan look de \u00faltima hora. Y entre tanto, tambi\u00e9n algunas echan un vistazo a <strong>la ropa de diario<\/strong> ya que tambi\u00e9n tienen descuento.\n<\/p>\n<p class=\"voc-paragraph\" data-mrf-recirculation=\"Link art\u00edculo\">En Coosy cuentan con ropa de diario ideal y ahora tienen ofertas en muchos de sus productos. Con <strong>las segundas rebajas<\/strong>, la firma ha puesto muchos dise\u00f1os rebajad\u00edsimos y merece la pena invertir en ellos. Hemos elaborado una selecci\u00f3n con algunos de nuestros favoritos.\n<\/p>\n<p><h3 class=\"voc-detail__title\"> Las mejores prendas de diario rebajadas en Coosy<br \/>\n<\/h3>\n<\/p>\n<div class=\"voc-detail-photo-zoom\"> <picture data-toggle=\"modal\" data-target=\"#photoZoomModal-798\" target=\"modal\">\n<div class=\"voc-img-icon-link\"> <img loading=\"lazy\" src=\"http:\/\/cordobainforma.info\/wp-content\/uploads\/2025\/01\/las-invitadas-de-invierno-compran-la-ropa-de-diario-rebajadisima-en-esta-firma-made-in-spain-1.jpg\" width=\"650\" height=\"900\" alt=\"Camisa con estampado de flores de Coosy.\"> <noscript> <img src=\"http:\/\/cordobainforma.info\/wp-content\/uploads\/2025\/01\/las-invitadas-de-invierno-compran-la-ropa-de-diario-rebajadisima-en-esta-firma-made-in-spain-1.jpg\" alt=\"Camisa con estampado de flores de Coosy.\"> <\/noscript> <i class=\"voc-icons zoom voc-multimedia-box voc-ico-l\"><\/i> <\/div><figcaption class=\"figure-caption\">Camisa con estampado de flores de Coosy.<\/figcaption><\/picture>\n<\/div>\n<div id=\"photoZoomModal-798\" class=\"voc-lightbox modal fade voc-lightbox--photo-zoom\" role=\"dialog\" data-voc-photozoom-lightbox>\n<div class=\"voc-lightbox__dialog\" role=\"document\">\n<div class=\"voc-lightbox__content\"> <!-- Modal header --> <!-- Modal content --> <\/p>\n<div class=\"voc-lightbox__photo-container\"> <picture class> <img loading=\"lazy\" src=\"http:\/\/cordobainforma.info\/wp-content\/uploads\/2025\/01\/las-invitadas-de-invierno-compran-la-ropa-de-diario-rebajadisima-en-esta-firma-made-in-spain-1.jpg\" alt=\"Camisa con estampado de flores de Coosy.\"> <noscript> <img src=\"http:\/\/cordobainforma.info\/wp-content\/uploads\/2025\/01\/las-invitadas-de-invierno-compran-la-ropa-de-diario-rebajadisima-en-esta-firma-made-in-spain-1.jpg\" alt=\"Camisa con estampado de flores de Coosy.\"> <\/noscript> <\/picture> <\/div><\/div><\/div>\n<\/div>\n<p class=\"voc-paragraph\" data-mrf-recirculation=\"Link art\u00edculo\"><strong>Camisa con estampado de flores.<\/strong> Este tipo de camisas ayudan a darle un toque m\u00e1s original a los estilismos. Se trata de una camisa con estampado floral en tonos lavanda y blanco. Es un dise\u00f1o con mangas abullonadas y corte recto. Precio: 69 euros (antes 85 euros).\n<\/p>\n<div class=\"voc-detail-photo-zoom\"> <picture data-toggle=\"modal\" data-target=\"#photoZoomModal-93\" target=\"modal\">\n<div class=\"voc-img-icon-link\"> <img loading=\"lazy\" src=\"http:\/\/cordobainforma.info\/wp-content\/uploads\/2025\/01\/las-invitadas-de-invierno-compran-la-ropa-de-diario-rebajadisima-en-esta-firma-made-in-spain-2.jpg\" width=\"650\" height=\"900\" alt=\"Blazer con doble botonadura en teja de Coosy.\"> <noscript> <img src=\"http:\/\/cordobainforma.info\/wp-content\/uploads\/2025\/01\/las-invitadas-de-invierno-compran-la-ropa-de-diario-rebajadisima-en-esta-firma-made-in-spain-2.jpg\" alt=\"Blazer con doble botonadura en teja de Coosy.\"> <\/noscript> <i class=\"voc-icons zoom voc-multimedia-box voc-ico-l\"><\/i> <\/div><figcaption class=\"figure-caption\">Blazer con doble botonadura en teja de Coosy.<\/figcaption><\/picture>\n<\/div>\n<div id=\"photoZoomModal-93\" class=\"voc-lightbox modal fade voc-lightbox--photo-zoom\" role=\"dialog\" data-voc-photozoom-lightbox>\n<div class=\"voc-lightbox__dialog\" role=\"document\">\n<div class=\"voc-lightbox__content\"> <!-- Modal header --> <!-- Modal content --> <\/p>\n<div class=\"voc-lightbox__photo-container\"> <picture class> <img loading=\"lazy\" src=\"http:\/\/cordobainforma.info\/wp-content\/uploads\/2025\/01\/las-invitadas-de-invierno-compran-la-ropa-de-diario-rebajadisima-en-esta-firma-made-in-spain-2.jpg\" alt=\"Blazer con doble botonadura en teja de Coosy.\"> <noscript> <img src=\"http:\/\/cordobainforma.info\/wp-content\/uploads\/2025\/01\/las-invitadas-de-invierno-compran-la-ropa-de-diario-rebajadisima-en-esta-firma-made-in-spain-2.jpg\" alt=\"Blazer con doble botonadura en teja de Coosy.\"> <\/noscript> <\/picture> <\/div><\/div><\/div>\n<\/div>\n<p class=\"voc-paragraph\" data-mrf-recirculation=\"Link art\u00edculo\"><strong>Blazer con doble botonadura en teja.<\/strong> Siempre hay que tener un blazer elegante en el armario. Una buena propuesta es este dise\u00f1o con hombreras y color teja. Es un blazer con doble botonadura s\u00faper especial que ahora est\u00e1 rebajado. Precio: 135 euros (antes 170 euros).\n<\/p>\n<div class=\"voc-detail-photo-zoom\"> <picture data-toggle=\"modal\" data-target=\"#photoZoomModal-36\" target=\"modal\">\n<div class=\"voc-img-icon-link\"> <img loading=\"lazy\" src=\"http:\/\/cordobainforma.info\/wp-content\/uploads\/2025\/01\/las-invitadas-de-invierno-compran-la-ropa-de-diario-rebajadisima-en-esta-firma-made-in-spain-3.jpg\" width=\"650\" height=\"900\" alt=\"Abrigo con lazada de Coosy.\"> <noscript> <img src=\"http:\/\/cordobainforma.info\/wp-content\/uploads\/2025\/01\/las-invitadas-de-invierno-compran-la-ropa-de-diario-rebajadisima-en-esta-firma-made-in-spain-3.jpg\" alt=\"Abrigo con lazada de Coosy.\"> <\/noscript> <i class=\"voc-icons zoom voc-multimedia-box voc-ico-l\"><\/i> <\/div><figcaption class=\"figure-caption\">Abrigo con lazada de Coosy.<\/figcaption><\/picture>\n<\/div>\n<div id=\"photoZoomModal-36\" class=\"voc-lightbox modal fade voc-lightbox--photo-zoom\" role=\"dialog\" data-voc-photozoom-lightbox>\n<div class=\"voc-lightbox__dialog\" role=\"document\">\n<div class=\"voc-lightbox__content\"> <!-- Modal header --> <!-- Modal content --> <\/p>\n<div class=\"voc-lightbox__photo-container\"> <picture class> <img loading=\"lazy\" src=\"http:\/\/cordobainforma.info\/wp-content\/uploads\/2025\/01\/las-invitadas-de-invierno-compran-la-ropa-de-diario-rebajadisima-en-esta-firma-made-in-spain-3.jpg\" alt=\"Abrigo con lazada de Coosy.\"> <noscript> <img src=\"http:\/\/cordobainforma.info\/wp-content\/uploads\/2025\/01\/las-invitadas-de-invierno-compran-la-ropa-de-diario-rebajadisima-en-esta-firma-made-in-spain-3.jpg\" alt=\"Abrigo con lazada de Coosy.\"> <\/noscript> <\/picture> <\/div><\/div><\/div>\n<\/div>\n<p class=\"voc-paragraph\" data-mrf-recirculation=\"Link art\u00edculo\"><strong>Abrigo con lazada en marr\u00f3n.<\/strong> Los abrigos con lazada son s\u00faper favorecedores y permiten crear un look de lo m\u00e1s elegante. Este dise\u00f1o cuenta con tejido de lana y color camel. Es de corte medio y manga larga. Precio: 89 euros (antes 180 euros).\n<\/p>\n<div class=\"voc-detail-photo-zoom\"> <picture data-toggle=\"modal\" data-target=\"#photoZoomModal-252\" target=\"modal\">\n<div class=\"voc-img-icon-link\"> <img loading=\"lazy\" src=\"http:\/\/cordobainforma.info\/wp-content\/uploads\/2025\/01\/las-invitadas-de-invierno-compran-la-ropa-de-diario-rebajadisima-en-esta-firma-made-in-spain-4.jpg\" width=\"650\" height=\"900\" alt=\"Abrigo doble faz de Coosy.\"> <noscript> <img src=\"http:\/\/cordobainforma.info\/wp-content\/uploads\/2025\/01\/las-invitadas-de-invierno-compran-la-ropa-de-diario-rebajadisima-en-esta-firma-made-in-spain-4.jpg\" alt=\"Abrigo doble faz de Coosy.\"> <\/noscript> <i class=\"voc-icons zoom voc-multimedia-box voc-ico-l\"><\/i> <\/div><figcaption class=\"figure-caption\">Abrigo doble faz de Coosy.<\/figcaption><\/picture>\n<\/div>\n<div id=\"photoZoomModal-252\" class=\"voc-lightbox modal fade voc-lightbox--photo-zoom\" role=\"dialog\" data-voc-photozoom-lightbox>\n<div class=\"voc-lightbox__dialog\" role=\"document\">\n<div class=\"voc-lightbox__content\"> <!-- Modal header --> <!-- Modal content --> <\/p>\n<div class=\"voc-lightbox__photo-container\"> <picture class> <img loading=\"lazy\" src=\"http:\/\/cordobainforma.info\/wp-content\/uploads\/2025\/01\/las-invitadas-de-invierno-compran-la-ropa-de-diario-rebajadisima-en-esta-firma-made-in-spain-4.jpg\" alt=\"Abrigo doble faz de Coosy.\"> <noscript> <img src=\"http:\/\/cordobainforma.info\/wp-content\/uploads\/2025\/01\/las-invitadas-de-invierno-compran-la-ropa-de-diario-rebajadisima-en-esta-firma-made-in-spain-4.jpg\" alt=\"Abrigo doble faz de Coosy.\"> <\/noscript> <\/picture> <\/div><\/div><\/div>\n<\/div>\n<p class=\"voc-paragraph\" data-mrf-recirculation=\"Link art\u00edculo\"><strong>Abrigo doble faz en marr\u00f3n.<\/strong> Este tipo de abrigos son perfectos para la temporada de invierno. Son dise\u00f1os calentitos, c\u00f3modos y aptos para las bajas temperaturas. Cuenta con un dise\u00f1o ligeramente oversize e interior de borreguito. Precio: 89 euros (antes 149 euros).\n<\/p>\n<div class=\"voc-detail-photo-zoom\"> <picture data-toggle=\"modal\" data-target=\"#photoZoomModal-511\" target=\"modal\">\n<div class=\"voc-img-icon-link\"> <img loading=\"lazy\" src=\"http:\/\/cordobainforma.info\/wp-content\/uploads\/2025\/01\/las-invitadas-de-invierno-compran-la-ropa-de-diario-rebajadisima-en-esta-firma-made-in-spain-5.jpg\" width=\"650\" height=\"900\" alt=\"Chaqueta con estampado de Coosy.\"> <noscript> <img src=\"http:\/\/cordobainforma.info\/wp-content\/uploads\/2025\/01\/las-invitadas-de-invierno-compran-la-ropa-de-diario-rebajadisima-en-esta-firma-made-in-spain-5.jpg\" alt=\"Chaqueta con estampado de Coosy.\"> <\/noscript> <i class=\"voc-icons zoom voc-multimedia-box voc-ico-l\"><\/i> <\/div><figcaption class=\"figure-caption\">Chaqueta con estampado de Coosy.<\/figcaption><\/picture>\n<\/div>\n<div id=\"photoZoomModal-511\" class=\"voc-lightbox modal fade voc-lightbox--photo-zoom\" role=\"dialog\" data-voc-photozoom-lightbox>\n<div class=\"voc-lightbox__dialog\" role=\"document\">\n<div class=\"voc-lightbox__content\"> <!-- Modal header --> <!-- Modal content --> <\/p>\n<div class=\"voc-lightbox__photo-container\"> <picture class> <img loading=\"lazy\" src=\"http:\/\/cordobainforma.info\/wp-content\/uploads\/2025\/01\/las-invitadas-de-invierno-compran-la-ropa-de-diario-rebajadisima-en-esta-firma-made-in-spain-5.jpg\" alt=\"Chaqueta con estampado de Coosy.\"> <noscript> <img src=\"http:\/\/cordobainforma.info\/wp-content\/uploads\/2025\/01\/las-invitadas-de-invierno-compran-la-ropa-de-diario-rebajadisima-en-esta-firma-made-in-spain-5.jpg\" alt=\"Chaqueta con estampado de Coosy.\"> <\/noscript> <\/picture> <\/div><\/div><\/div>\n<\/div>\n<p class=\"voc-paragraph\" data-mrf-recirculation=\"Link art\u00edculo\"><strong>Chaqueta con estampado de lunares.<\/strong> Una chaqueta ideal para el entretiempo es esta. Se trata de una chaqueta acolchada con estampado de flores y lunares. Una combinaci\u00f3n ideal que podr\u00e1s lucir con vaqueros o incluso faldas. Precio: 49 euros (antes 79 euros).\n<\/p>\n<div class=\"voc-detail-photo-zoom\"> <picture data-toggle=\"modal\" data-target=\"#photoZoomModal-66\" target=\"modal\">\n<div class=\"voc-img-icon-link\"> <img loading=\"lazy\" src=\"http:\/\/cordobainforma.info\/wp-content\/uploads\/2025\/01\/las-invitadas-de-invierno-compran-la-ropa-de-diario-rebajadisima-en-esta-firma-made-in-spain-6.jpg\" width=\"650\" height=\"900\" alt=\"Chaqueta estilo bomber en dorado de Coosy\"> <noscript> <img src=\"http:\/\/cordobainforma.info\/wp-content\/uploads\/2025\/01\/las-invitadas-de-invierno-compran-la-ropa-de-diario-rebajadisima-en-esta-firma-made-in-spain-6.jpg\" alt=\"Chaqueta estilo bomber en dorado de Coosy\"> <\/noscript> <i class=\"voc-icons zoom voc-multimedia-box voc-ico-l\"><\/i> <\/div><figcaption class=\"figure-caption\">Chaqueta estilo bomber en dorado de Coosy<\/figcaption><\/picture>\n<\/div>\n<div id=\"photoZoomModal-66\" class=\"voc-lightbox modal fade voc-lightbox--photo-zoom\" role=\"dialog\" data-voc-photozoom-lightbox>\n<div class=\"voc-lightbox__dialog\" role=\"document\">\n<div class=\"voc-lightbox__content\"> <!-- Modal header --> <!-- Modal content --> <\/p>\n<div class=\"voc-lightbox__photo-container\"> <picture class> <img loading=\"lazy\" src=\"http:\/\/cordobainforma.info\/wp-content\/uploads\/2025\/01\/las-invitadas-de-invierno-compran-la-ropa-de-diario-rebajadisima-en-esta-firma-made-in-spain-6.jpg\" alt=\"Chaqueta estilo bomber en dorado de Coosy\"> <noscript> <img src=\"http:\/\/cordobainforma.info\/wp-content\/uploads\/2025\/01\/las-invitadas-de-invierno-compran-la-ropa-de-diario-rebajadisima-en-esta-firma-made-in-spain-6.jpg\" alt=\"Chaqueta estilo bomber en dorado de Coosy\"> <\/noscript> <\/picture> <\/div><\/div><\/div>\n<\/div>\n<p class=\"voc-paragraph\" data-mrf-recirculation=\"Link art\u00edculo\"><strong>Chaqueta estilo bomber en dorado.<\/strong> Las chaquetas estilo bomber ya no cuentan \u00fanicamente con un aspecto informal, sino que se han ido transformando con el paso del tiempo. Un buen ejemplo es esta chaqueta en color dorado s\u00faper elegante de Coosy. Precio: 99 euros (antes 145 euros).\n<\/p>\n<div class=\"voc-detail-photo-zoom\"> <picture data-toggle=\"modal\" data-target=\"#photoZoomModal-246\" target=\"modal\">\n<div class=\"voc-img-icon-link\"> <img loading=\"lazy\" src=\"http:\/\/cordobainforma.info\/wp-content\/uploads\/2025\/01\/las-invitadas-de-invierno-compran-la-ropa-de-diario-rebajadisima-en-esta-firma-made-in-spain-7.jpg\" width=\"650\" height=\"900\" alt=\"Capa con estampado de cuadros de Coosy.\"> <noscript> <img src=\"http:\/\/cordobainforma.info\/wp-content\/uploads\/2025\/01\/las-invitadas-de-invierno-compran-la-ropa-de-diario-rebajadisima-en-esta-firma-made-in-spain-7.jpg\" alt=\"Capa con estampado de cuadros de Coosy.\"> <\/noscript> <i class=\"voc-icons zoom voc-multimedia-box voc-ico-l\"><\/i> <\/div><figcaption class=\"figure-caption\">Capa con estampado de cuadros de Coosy.<\/figcaption><\/picture>\n<\/div>\n<div id=\"photoZoomModal-246\" class=\"voc-lightbox modal fade voc-lightbox--photo-zoom\" role=\"dialog\" data-voc-photozoom-lightbox>\n<div class=\"voc-lightbox__dialog\" role=\"document\">\n<div class=\"voc-lightbox__content\"> <!-- Modal header --> <!-- Modal content --> <\/p>\n<div class=\"voc-lightbox__photo-container\"> <picture class> <img loading=\"lazy\" src=\"http:\/\/cordobainforma.info\/wp-content\/uploads\/2025\/01\/las-invitadas-de-invierno-compran-la-ropa-de-diario-rebajadisima-en-esta-firma-made-in-spain-7.jpg\" alt=\"Capa con estampado de cuadros de Coosy.\"> <noscript> <img src=\"http:\/\/cordobainforma.info\/wp-content\/uploads\/2025\/01\/las-invitadas-de-invierno-compran-la-ropa-de-diario-rebajadisima-en-esta-firma-made-in-spain-7.jpg\" alt=\"Capa con estampado de cuadros de Coosy.\"> <\/noscript> <\/picture> <\/div><\/div><\/div>\n<\/div>\n<p class=\"voc-paragraph\" data-mrf-recirculation=\"Link art\u00edculo\"><strong>Capa con estampado de cuadros.<\/strong> Las capas son prendas que est\u00e1n muy de moda. Un dise\u00f1o que nos ha gustado es este modelo de Coosy. Es la capa Dickens y cuenta con estampado de cuadros en tonos marrones. Tiene una lazada para ajustar bien la zona de la cintura. Precio: 129 euros (antes 190 euros)\n<\/p>\n<div class=\"voc-detail-photo-zoom\"> <picture data-toggle=\"modal\" data-target=\"#photoZoomModal-570\" target=\"modal\">\n<div class=\"voc-img-icon-link\"> <img loading=\"lazy\" src=\"http:\/\/cordobainforma.info\/wp-content\/uploads\/2025\/01\/las-invitadas-de-invierno-compran-la-ropa-de-diario-rebajadisima-en-esta-firma-made-in-spain-8.jpg\" width=\"650\" height=\"900\" alt=\"Pantalones fluidos en burdeos de Coosy.\"> <noscript> <img src=\"http:\/\/cordobainforma.info\/wp-content\/uploads\/2025\/01\/las-invitadas-de-invierno-compran-la-ropa-de-diario-rebajadisima-en-esta-firma-made-in-spain-8.jpg\" alt=\"Pantalones fluidos en burdeos de Coosy.\"> <\/noscript> <i class=\"voc-icons zoom voc-multimedia-box voc-ico-l\"><\/i> <\/div><figcaption class=\"figure-caption\">Pantalones fluidos en burdeos de Coosy.<\/figcaption><\/picture>\n<\/div>\n<div id=\"photoZoomModal-570\" class=\"voc-lightbox modal fade voc-lightbox--photo-zoom\" role=\"dialog\" data-voc-photozoom-lightbox>\n<div class=\"voc-lightbox__dialog\" role=\"document\">\n<div class=\"voc-lightbox__content\"> <!-- Modal header --> <!-- Modal content --> <\/p>\n<div class=\"voc-lightbox__photo-container\"> <picture class> <img loading=\"lazy\" src=\"http:\/\/cordobainforma.info\/wp-content\/uploads\/2025\/01\/las-invitadas-de-invierno-compran-la-ropa-de-diario-rebajadisima-en-esta-firma-made-in-spain-8.jpg\" alt=\"Pantalones fluidos en burdeos de Coosy.\"> <noscript> <img src=\"http:\/\/cordobainforma.info\/wp-content\/uploads\/2025\/01\/las-invitadas-de-invierno-compran-la-ropa-de-diario-rebajadisima-en-esta-firma-made-in-spain-8.jpg\" alt=\"Pantalones fluidos en burdeos de Coosy.\"> <\/noscript> <\/picture> <\/div><\/div><\/div>\n<\/div>\n<p class=\"voc-paragraph\" data-mrf-recirculation=\"Link art\u00edculo\"><strong>Pantalones fluidos en burdeos.<\/strong> Este tipo de pantalones siempre quedan bien y son perfectos para pr\u00e1cticamente cualquier tipo de ocasi\u00f3n. Un dise\u00f1o fluido, elegante y que cuenta con uno de los tonos de la temporada, el burdeos. Precio: 75 euros (antes 110 euros).\n<\/p>\n<p> <!-- TOPICS --> <\/p>\n","protected":false},"excerpt":{"rendered":"<p>Las bodas de invierno tienen una magia especial. Desde la est\u00e9tica de las mesas, pasando por el vestido de novia hasta la decoraci\u00f3n general de la boda. Est\u00e1 claro que estos eventos nupciales tienen un toque diferente y tambi\u00e9n se aprecia bien en las invitadas. Las invitadas de invierno suelen ser algo m\u00e1s elegantes. O [&hellip;]<\/p>\n","protected":false},"author":1,"featured_media":141281,"comment_status":"closed","ping_status":"closed","sticky":false,"template":"","format":"standard","meta":[],"categories":[24],"tags":[],"_links":{"self":[{"href":"http:\/\/cordobainforma.info\/index.php\/wp-json\/wp\/v2\/posts\/141280"}],"collection":[{"href":"http:\/\/cordobainforma.info\/index.php\/wp-json\/wp\/v2\/posts"}],"about":[{"href":"http:\/\/cordobainforma.info\/index.php\/wp-json\/wp\/v2\/types\/post"}],"author":[{"embeddable":true,"href":"http:\/\/cordobainforma.info\/index.php\/wp-json\/wp\/v2\/users\/1"}],"replies":[{"embeddable":true,"href":"http:\/\/cordobainforma.info\/index.php\/wp-json\/wp\/v2\/comments?post=141280"}],"version-history":[{"count":0,"href":"http:\/\/cordobainforma.info\/index.php\/wp-json\/wp\/v2\/posts\/141280\/revisions"}],"wp:featuredmedia":[{"embeddable":true,"href":"http:\/\/cordobainforma.info\/index.php\/wp-json\/wp\/v2\/media\/141281"}],"wp:attachment":[{"href":"http:\/\/cordobainforma.info\/index.php\/wp-json\/wp\/v2\/media?parent=141280"}],"wp:term":[{"taxonomy":"category","embeddable":true,"href":"http:\/\/cordobainforma.info\/index.php\/wp-json\/wp\/v2\/categories?post=141280"},{"taxonomy":"post_tag","embeddable":true,"href":"http:\/\/cordobainforma.info\/index.php\/wp-json\/wp\/v2\/tags?post=141280"}],"curies":[{"name":"wp","href":"https:\/\/api.w.org\/{rel}","templated":true}]}}