{"id":141081,"date":"2025-01-25T09:00:53","date_gmt":"2025-01-25T09:00:53","guid":{"rendered":"https:\/\/www.clarin.com\/deportes\/increible-vida-axel-pons-piloto-moto2-modelo-abandono-camino-descalzo-espana-pakistan_0_UXphowPtCt.html"},"modified":"2025-01-25T09:00:53","modified_gmt":"2025-01-25T09:00:53","slug":"la-increible-vida-de-axel-pons-fue-piloto-de-moto2-y-modelo-pero-abandono-todo-y-camino-descalzo-desde-espana-hasta-pakistan","status":"publish","type":"post","link":"http:\/\/cordobainforma.info\/index.php\/2025\/01\/25\/la-increible-vida-de-axel-pons-fue-piloto-de-moto2-y-modelo-pero-abandono-todo-y-camino-descalzo-desde-espana-hasta-pakistan\/","title":{"rendered":"La incre\u00edble vida de Axel Pons: fue piloto de Moto2 y modelo, pero abandon\u00f3 todo y camin\u00f3 descalzo desde Espa\u00f1a hasta Pakist\u00e1n"},"content":{"rendered":"<p><img src=\"http:\/\/cordobainforma.info\/wp-content\/uploads\/2025\/01\/la-increible-vida-de-axel-pons-fue-piloto-de-moto2-y-modelo-pero-abandono-todo-y-camino-descalzo-desde-espana-hasta-pakistan.jpg\"><\/p>\n<div class=\"sc-80531b6b-0 chRIGJ container-text text-embed\" readability=\"44\">\n<p>El espa\u00f1ol de 33 a\u00f1os Axel Pons parec\u00eda tener una vida encaminada; era piloto de motociclismo en la segunda categor\u00eda del certamen internacional m\u00e1s importante de la disciplina como herencia de su padre <em>Sito Pons, <\/em>bicampe\u00f3n del mundo en la velocidad de 250cc,<em> <\/em>y se destacaba como modelo. De un d\u00eda para el otro, sin un aparente hecho traum\u00e1tico a la vista que pudiera haber servido como disparador,<strong> decidi\u00f3 emprender un viaje espiritual para as\u00ed <em>\u00abentender la filosof\u00eda de la vida\u00bb<\/em><\/strong>. Con suma ambici\u00f3n y un destino m\u00e1s que aceptado, en 2018 abandon\u00f3 el deporte y, un a\u00f1o despu\u00e9s, le puso punto final al modelaje y a su noviazgo. La totalidad de su vida dio un giro y, con sus pies desnudos en el piso, comenz\u00f3 a caminar por el mundo con tan solo una mochila y el <strong><em>\u00abdeseo de completar la uni\u00f3n con Al\u00e1 o Dios\u00bb<\/em><\/strong> portando un nuevo nombre: Isaac.<\/p>\n<\/div>\n<div class=\"sc-80531b6b-0 chRIGJ container-text text-embed\" readability=\"41\">\n<p>Desde lo ajeno, hubiera resultado imposible adentrarse a la historia de Axel si la viralizaci\u00f3n de un revelador video en el canal de Youtube de <em>Pakistan Tourism<\/em> no hubiera ocurrido. En aquella entrevista improvisada, un pakistan\u00ed encontr\u00f3 en sus tierras al que para \u00e9l era un total desconocido. <strong>Se trataba del ex motociclista, que ahora luc\u00eda una apariencia totalmente distinta a la que ten\u00eda acostumbrados a los espectadores durante su \u00e9poca profesional<\/strong>. Largas rastas descend\u00edan desde su cabeza y una abundante barba decoraba su cara, tal como le ocurri\u00f3 a <em>Forrest Gump <\/em>-el personaje que encarn\u00f3 Tom Hanks en la m\u00edtica pel\u00edcula de Robert Zemeckis- durante su largu\u00edsimo periplo en la ficci\u00f3n estadounidense. En este caso, <em>las pintas enga\u00f1an<\/em>, ya que la tranquilidad en su voz y su convincente discurso demostraron que todo se encontraba en orden.<\/p>\n<\/div>\n<div class=\"sc-80531b6b-0 chRIGJ container-text text-embed\" readability=\"42\">\n<p><em>\u201cDej\u00e9 la agencia y a mi novia. Me fui a la India, lo que me ayud\u00f3 much\u00edsimo. Iba a buscar otra motivaci\u00f3n, otro estilo de vida. Estaba atrapado.<\/em><strong><em> Empec\u00e9 a vivir m\u00e1s lento, hasta que empec\u00e9 a ir por el mundo despacio, apreciando los detalles de la vida.<\/em><\/strong><em> Solo ten\u00edamos el deseo de completar la uni\u00f3n con Al\u00e1 o Dios, y esta es nuestra manera de rezar y practicar: caminando\u201d<\/em>, explic\u00f3 Pons sobre el comienzo de su traves\u00eda espiritual y las razones de ella. Resulta que, el inicio de la totalidad de su viaje fue tan abrupto como la primera oraci\u00f3n de su relato inicial.<\/p>\n<\/div>\n<div class=\"sc-80531b6b-0 chRIGJ container-text text-embed\" readability=\"40\">\n<p>Su v\u00ednculo con la moda se hab\u00eda establecido mientras las motos segu\u00edan formando parte de su d\u00eda a d\u00eda como profesional. En 2018, con el objetivo de meterse <em>\u00abun poquito m\u00e1s dentro de este mundo\u201d<\/em>, comenz\u00f3 un curso de dise\u00f1o, patronaje y costura en<em> LCI Felicidad Duce<\/em> en Barcelona.<strong> <em>\u201cSiempre me ha gustado el mundo de la moda. S\u00ed que ca\u00ed un poco como causalidad en lo de ser modelo\u00bb<\/em><\/strong>, hab\u00eda declarado en el diario <em>MADMENMAG<\/em>. Como consecuencia a una frustrada <em>performance<\/em> en el<em> <\/em>Mundial de Moto2, Axel abandon\u00f3 el deporte ese mismo a\u00f1o y tom\u00f3 la primera de una extensa seguidilla de decisiones.<\/p>\n<\/div>\n<div class=\"sc-80531b6b-0 chRIGJ container-text text-embed\" readability=\"42\">\n<p>La segunda y tercera ser\u00edan los detonantes para desligarse de sus aficiones. El espa\u00f1ol abandon\u00f3 su carrera como modelo y cort\u00f3 todo v\u00ednculo con su pareja. <strong><em>\u00abNos empez\u00f3 a explicar que necesitaba caminar, ver mundo, entender la filosof\u00eda de la vida, de las religiones y empez\u00f3 su camino\u00bb<\/em><\/strong><em>, <\/em>explic\u00f3 su padre <em>Sito <\/em>en di\u00e1logo con <em>Motorsport <\/em>luego de la viralizaci\u00f3n del video donde su hijo es el protagonista. Tambi\u00e9n destac\u00f3 que, los acercamientos espirituales que lo convencieron a emprender tal aventura, ocurrieron en el <em>Monasterio de la Cueva de San Ignacio<\/em>, donde el <em>Abad <\/em>le propuso hacer <em>\u00abun recorrido por todas las religiones\u00bb<\/em>.<\/p>\n<\/div>\n<div class=\"sc-198be8ec-0 cynXbu image-embed image-embed \"><picture class=\"sc-198be8ec-1 kOjRiQ\"><source media=\"(min-width: 975px)\" width=\"720\" height=\"480\" srcset=\"http:\/\/cordobainforma.info\/wp-content\/uploads\/2025\/01\/la-increible-vida-de-axel-pons-fue-piloto-de-moto2-y-modelo-pero-abandono-todo-y-camino-descalzo-desde-espana-hasta-pakistan-2.jpg\"><img alt=\"Axel Pons, el piloto de Moto2 de 33 a\u00f1os, busca encontrar su espiritualidad caminando descalzo por el mundo.\" loading=\"lazy\" width=\"720\" height=\"480\" decoding=\"async\" data-nimg=\"1\" src=\"http:\/\/cordobainforma.info\/wp-content\/uploads\/2025\/01\/la-increible-vida-de-axel-pons-fue-piloto-de-moto2-y-modelo-pero-abandono-todo-y-camino-descalzo-desde-espana-hasta-pakistan-2.jpg\"><span class=\"epigraphe\">Axel Pons, el piloto de Moto2 de 33 a\u00f1os, busca encontrar su espiritualidad caminando descalzo por el mundo.<\/span><span class=\"bkg\"><\/span><span class=\"picture-open\"><button class=\"open-image\" aria-label=\"Open Image\"><\/button><\/span><\/picture><\/div>\n<div class=\"sc-80531b6b-0 chRIGJ container-text text-embed\" readability=\"40\">\n<p>Y claro que estaba dispuesto. El revelador estado en el que se encuentra, que se logra entrever en la viral entrevista con el pakistan\u00ed, Axel mostr\u00f3 las desgastadas plantas de sus pies producto de<strong> los 15 meses que llevaba caminando desde Espa\u00f1a hasta Pakist\u00e1n para cumplir su objetivo inicial de cruzar la India y <em>\u201centerrar\u201d<\/em> a su <em>yo \u201cpiloto\u201d<\/em>. <\/strong>Los necesarios tr\u00e1mites con su pasaporte que le permitir\u00edan completar lo deseado no finalizaron a tiempo y, luego de atravesar 10 pa\u00edses sin utilizar ning\u00fan medio de transporte, se refugi\u00f3 en la zona del Himalaya, donde fue encontrado por los pakistan\u00edes.<\/p>\n<\/div>\n<div class=\"sc-80531b6b-0 chRIGJ container-text text-embed\" readability=\"38\">\n<p><em>\u201cNo nos dieron la visa. Iremos de vuelta a Islamabad (capital de Pakist\u00e1n), cogeremos los pasaportes y volveremos para intentar cruzar la frontera en China\u201d<\/em>, explic\u00f3 en el video el joven para as\u00ed desatar un gran inter\u00e9s en el p\u00fablico y en su padre, que no tard\u00f3 en explayarse al respecto para despejar las dudas. Qui\u00e9n mejor para conocer el detr\u00e1s del viaje por el mundo de un hijo que su asombrado padre m\u00e1s que orgulloso por su haza\u00f1a.<\/p>\n<\/div>\n<div class=\"sc-80531b6b-0 chRIGJ container-text text-embed\" readability=\"38\">\n<p>Algunos de los comentarios especulaban sobre una supuesta detenci\u00f3n y que el ex piloto se hab\u00eda deshecho de su pasaporte por haber cometido alg\u00fan delito. Sin vueltas, explic\u00f3: <em>\u00abAxel est\u00e1 bien y nunca ha sido detenido, entreg\u00f3 la documentaci\u00f3n a la agencia de Pakist\u00e1n que se encargaba de la gesti\u00f3n del visado para poder entrar en la India. <\/em><strong><em>Lo que est\u00e1 haciendo Axel me parece algo extraordinario y de una valent\u00eda y coraje incre\u00edble<\/em><\/strong><em>. En marzo har\u00e1 dos a\u00f1os que sali\u00f3 de Barcelona, siempre caminando\u00bb.<\/em><\/p>\n<\/div>\n<div class=\"sc-198be8ec-0 cynXbu image-embed image-embed \"><picture class=\"sc-198be8ec-1 kOjRiQ\"><source media=\"(min-width: 975px)\" width=\"720\" height=\"480\" srcset=\"http:\/\/cordobainforma.info\/wp-content\/uploads\/2025\/01\/la-increible-vida-de-axel-pons-fue-piloto-de-moto2-y-modelo-pero-abandono-todo-y-camino-descalzo-desde-espana-hasta-pakistan-3.jpg\"><img alt=\"El aspecto de Axel Pons durante su \u00e9poca como modelo. Dos formas de mostrarse al mundo completamente distintas.\" loading=\"lazy\" width=\"720\" height=\"480\" decoding=\"async\" data-nimg=\"1\" src=\"http:\/\/cordobainforma.info\/wp-content\/uploads\/2025\/01\/la-increible-vida-de-axel-pons-fue-piloto-de-moto2-y-modelo-pero-abandono-todo-y-camino-descalzo-desde-espana-hasta-pakistan-3.jpg\"><span class=\"epigraphe\">El aspecto de Axel Pons durante su \u00e9poca como modelo. Dos formas de mostrarse al mundo completamente distintas.<\/span><span class=\"bkg\"><\/span><span class=\"picture-open\"><button class=\"open-image\" aria-label=\"Open Image\"><\/button><\/span><\/picture><\/div>\n<div class=\"sc-80531b6b-0 chRIGJ container-text text-embed\" readability=\"41\">\n<p><strong><em>\u00abCada d\u00eda se levanta a las cinco de la ma\u00f1ana, hace meditaci\u00f3n y yoga, y se pone a caminar\u00bb<\/em><\/strong>, relat\u00f3. <em>\u00abLa historia de Axel es admirable por su esfuerzo y capacidad de sacrificio, viviendo la vida en paz, conducida desde el amor para entender el mundo desde la perspectiva humana conociendo las diferentes culturas y religiones\u00bb<\/em>, declar\u00f3 mostrando el apoyo que mantienen desde el comienzo con Laura -su esposa y madre de Axel-.<\/p>\n<\/div>\n<div class=\"sc-80531b6b-0 chRIGJ container-text text-embed\" readability=\"43\">\n<p>Ahondar en la traves\u00eda de su hijo a trav\u00e9s de testimonios propone resoluciones a los interrogantes que quienes son ajenos a la vida de Axel publican producto de que el espa\u00f1ol no comparta su viaje v\u00eda redes porque, hacerse ver, seg\u00fan su padre, <strong><em>\u00abprecisamente es lo que no quiere\u00bb<\/em>. <\/strong>Ahora, <em>\u00abla gente empez\u00f3 a ir a buscarle, a hacerse fotos y hablar con \u00e9l\u00bb. \u00abHa pasado cinco meses en el Himalaya, pero empez\u00f3 el fr\u00edo y camin\u00f3 a Islamabad, a buscar su documentaci\u00f3n y el visado. La idea es pasar el invierno al sur de Pakist\u00e1n y tratar\u00e1 de cruzar a la India cuando pueda\u00bb<\/em>, aclar\u00f3 <em>Sito<\/em>.<\/p>\n<\/div>\n<div class=\"sc-198be8ec-0 cynXbu image-embed image-embed \"><picture class=\"sc-198be8ec-1 kOjRiQ\"><source media=\"(min-width: 975px)\" width=\"720\" height=\"480\" srcset=\"http:\/\/cordobainforma.info\/wp-content\/uploads\/2025\/01\/la-increible-vida-de-axel-pons-fue-piloto-de-moto2-y-modelo-pero-abandono-todo-y-camino-descalzo-desde-espana-hasta-pakistan-4.jpg\"><img alt=\"Axel Pons junto a su padre &quot;Sito&quot;, el encargado de relatar el detr\u00e1s de aquel nuevo hombre que resulta ser su hijo.\" loading=\"lazy\" width=\"720\" height=\"480\" decoding=\"async\" data-nimg=\"1\" src=\"http:\/\/cordobainforma.info\/wp-content\/uploads\/2025\/01\/la-increible-vida-de-axel-pons-fue-piloto-de-moto2-y-modelo-pero-abandono-todo-y-camino-descalzo-desde-espana-hasta-pakistan-4.jpg\"><span class=\"epigraphe\">Axel Pons junto a su padre \u00abSito\u00bb, el encargado de relatar el detr\u00e1s de aquel nuevo hombre que resulta ser su hijo.<\/span><span class=\"bkg\"><\/span><span class=\"picture-open\"><button class=\"open-image\" aria-label=\"Open Image\"><\/button><\/span><\/picture><\/div>\n<div class=\"sc-80531b6b-0 chRIGJ container-text text-embed\" readability=\"39\">\n<p><em>\u00abLo que me molesta es el poco respeto que algunos tienen por la vida de los dem\u00e1s, las mentiras, y que la gente hable sin tener ning\u00fan tipo de informaci\u00f3n. <\/em><strong><em>Se ha creado un gran inter\u00e9s, y para algunos una alarma que es falsa. Axel est\u00e1 haciendo su camino<\/em><\/strong><em>\u00ab<\/em>, agreg\u00f3 para acabar con las suposiciones y adentrarse en un relato m\u00e1s que emocionante sobre la experiencia compartida que disfrutaron cuando comenz\u00f3 todo.<\/p>\n<\/div>\n<div class=\"sc-80531b6b-0 chRIGJ container-text text-embed\" readability=\"37\">\n<p>El director del equipo <em>Pons Racing <\/em>sabe lo demandante que resulta caminar y caminar ya que, en julio del 2023 comparti\u00f3 un tramo del trayecto junto a su hijo: <em>\u00abSiempre que puede conectarse nos llama y nos explica lo que est\u00e1 haciendo. Algunas aventuras son extraordinarias. Recuerdo que cuando llevaba unos meses caminando quise compartir con \u00e9l un peque\u00f1o pedazo de su experiencia, y en una de sus llamadas le dije que iba a ir a verle\u00bb.<\/em><\/p>\n<\/div>\n<div class=\"sc-80531b6b-0 chRIGJ container-text text-embed\" readability=\"44\">\n<p>Luego, prosigui\u00f3:<em> \u00abMe dijo que estaba en Macedonia del Norte y las indicaciones para encontrarle. <\/em><strong><em>No fue f\u00e1cil dar con \u00e9l, pero lo logr\u00e9 y estuvimos una semana juntos, caminando, hablando, durmiendo en el bosque, fue una experiencia inolvidable.<\/em><\/strong><em> Recuerdo que cuando me desped\u00ed de \u00e9l le dije que aquello que estaba haciendo era muy duro, hac\u00eda un calor incre\u00edble, caminando&#8230; Le ped\u00ed que cuando llegara a Turqu\u00eda, regresara a casa\u00bb. <\/em><\/p>\n<\/div>\n<div class=\"sc-80531b6b-0 chRIGJ container-text text-embed\" readability=\"39\">\n<p>Pero Axel Pons no lo hizo, porque su b\u00fasqueda no aparenta tener caducidad y las plantas de sus pies no se cansan de mantenerse alineadas con el centro que, en esta aventura, el espa\u00f1ol parece estar logrando encontrar. Con el mismo apoyo de sus padres pero con nuevos espectadores pendientes, el espa\u00f1ol seguir\u00e1 encaminado hacia aquella misi\u00f3n que tanto desea cumplir.<\/p>\n<\/div>\n","protected":false},"excerpt":{"rendered":"<p>El espa\u00f1ol de 33 a\u00f1os Axel Pons parec\u00eda tener una vida encaminada; era piloto de motociclismo en la segunda categor\u00eda del certamen internacional m\u00e1s importante de la disciplina como herencia de su padre Sito Pons, bicampe\u00f3n del mundo en la velocidad de 250cc, y se destacaba como modelo. De un d\u00eda para el otro, sin [&hellip;]<\/p>\n","protected":false},"author":1,"featured_media":141082,"comment_status":"closed","ping_status":"closed","sticky":false,"template":"","format":"standard","meta":[],"categories":[20],"tags":[],"_links":{"self":[{"href":"http:\/\/cordobainforma.info\/index.php\/wp-json\/wp\/v2\/posts\/141081"}],"collection":[{"href":"http:\/\/cordobainforma.info\/index.php\/wp-json\/wp\/v2\/posts"}],"about":[{"href":"http:\/\/cordobainforma.info\/index.php\/wp-json\/wp\/v2\/types\/post"}],"author":[{"embeddable":true,"href":"http:\/\/cordobainforma.info\/index.php\/wp-json\/wp\/v2\/users\/1"}],"replies":[{"embeddable":true,"href":"http:\/\/cordobainforma.info\/index.php\/wp-json\/wp\/v2\/comments?post=141081"}],"version-history":[{"count":0,"href":"http:\/\/cordobainforma.info\/index.php\/wp-json\/wp\/v2\/posts\/141081\/revisions"}],"wp:featuredmedia":[{"embeddable":true,"href":"http:\/\/cordobainforma.info\/index.php\/wp-json\/wp\/v2\/media\/141082"}],"wp:attachment":[{"href":"http:\/\/cordobainforma.info\/index.php\/wp-json\/wp\/v2\/media?parent=141081"}],"wp:term":[{"taxonomy":"category","embeddable":true,"href":"http:\/\/cordobainforma.info\/index.php\/wp-json\/wp\/v2\/categories?post=141081"},{"taxonomy":"post_tag","embeddable":true,"href":"http:\/\/cordobainforma.info\/index.php\/wp-json\/wp\/v2\/tags?post=141081"}],"curies":[{"name":"wp","href":"https:\/\/api.w.org\/{rel}","templated":true}]}}