{"id":14097,"date":"2021-06-03T16:21:42","date_gmt":"2021-06-03T16:21:42","guid":{"rendered":"https:\/\/www.clarin.com\/deportes\/roger-federer-exploto-bronca-umpire-roland-garros-jugando-demasiado-lento-_0_KrzNX-ukO.html"},"modified":"2021-06-03T16:21:42","modified_gmt":"2021-06-03T16:21:42","slug":"roger-federer-exploto-su-bronca-contra-el-umpire-en-roland-garros-estoy-jugando-demasiado-lento","status":"publish","type":"post","link":"http:\/\/cordobainforma.info\/index.php\/2021\/06\/03\/roger-federer-exploto-su-bronca-contra-el-umpire-en-roland-garros-estoy-jugando-demasiado-lento\/","title":{"rendered":"Roger Federer explot\u00f3 su bronca contra el umpire en Roland Garros: \u00ab\u00bfEstoy jugando demasiado lento?\u00bb"},"content":{"rendered":"<p><img src=\"http:\/\/cordobainforma.info\/wp-content\/uploads\/2021\/06\/roger-federer-exploto-su-bronca-contra-el-umpire-en-roland-garros-estoy-jugando-demasiado-lento.jpg\"><\/p>\n<div><img src=\"http:\/\/cordobainforma.info\/wp-content\/uploads\/2021\/06\/roger-federer-exploto-su-bronca-contra-el-umpire-en-roland-garros-estoy-jugando-demasiado-lento-2.jpg\" class=\"ff-og-image-inserted\"><\/div>\n<p>Este jueves, el court Philippe-Chatrier vivi\u00f3 un episodio extra\u00f1o: <a href=\"https:\/\/www.clarin.com\/tema\/roger-federer.html\" class=\"slug automatic\" alt=\"roger-federer\" title=\"roger-federer\" target=\"_blank\" rel=\"noopener noreferrer\">Roger Federer<\/a> fue acusado de hacer tiempo, se enoj\u00f3 y discuti\u00f3 con el umpire de su partido frente a <a href=\"https:\/\/www.clarin.com\/tema\/marin-cilic.html\" class=\"slug automatic\" alt=\"marin-cilic\" title=\"marin-cilic\" target=\"_blank\" rel=\"noopener noreferrer\">Marin Cilic<\/a>. <\/p>\n<p>Gentil y amable, el suizo no mostr\u00f3 esas cualidades durante un tramo del segundo set del choque por la segunda ronda de <a href=\"https:\/\/www.clarin.com\/tema\/roland-garros.html\" class=\"slug automatic\" alt=\"roland-garros\" title=\"roland-garros\" target=\"_blank\" rel=\"noopener noreferrer\">Roland Garros<\/a>. Cuando Cilic sacaba 3-1 y 40-40, recibi\u00f3 un warning por hacer tiempo que lo descoloc\u00f3.<\/p>\n<p>Cada jugador dispone de 25 segundos para sacar y suele ser sancionado cuando no lo respeta; lo que es extra\u00f1o es que sea el receptor el que recibe la advertencia. Pero as\u00ed lo entendi\u00f3 el&nbsp;juez de silla franc\u00e9s Emmanuel Joseph, cuando Federer se fue a su banco a secarse la cara con la toalla y Cilic estaba listo para sacar.<\/p>\n<p>En lugar de aceptar la sanci\u00f3n, el suizo par\u00f3 el partido, camin\u00f3 hasta el juez y le pidi\u00f3 explicaciones. \u00ab\u00bfEstoy jugando demasiado lento? Voy de una esquina a otra, no lo estoy haciendo a prop\u00f3sito \u201c, le explic\u00f3 sin gritar ni perdiendo las formas, pero s\u00ed con firmeza.<\/p>\n<p>La queja se prolong\u00f3 por unos cinco minutos, en los cuales el suizo pregunt\u00f3 si no deber\u00eda haber recibido primero un aviso antes de la penalizaci\u00f3n. Adem\u00e1s, interpel\u00f3 a Cilic, que opt\u00f3 por no involucrarse:&nbsp;\u00ab\u00bfVos pens\u00e1s que estoy haciendo esto a prop\u00f3sito?\u00bb.<\/p>\n<p>Si bien el juego se retom\u00f3 y Federer tuvo una chance de quebrar a Cilic y recuperar un game, el croata se llev\u00f3 el juego y dej\u00f3 el marcador 4-1. Al volver al banco, otra vez se dirigi\u00f3 a Joseph. \u00abYo te he dejado hablar antes, ahora esc\u00fachame t\u00fa a m\u00ed\u00bb, le dijo en franc\u00e9s.<\/p>\n<div class=\"entry-tags\">\n<h2>TEMAS QUE APARECEN EN ESTA NOTA<\/h2>\n<\/p><\/div>\n","protected":false},"excerpt":{"rendered":"<p>Este jueves, el court Philippe-Chatrier vivi\u00f3 un episodio extra\u00f1o: Roger Federer fue acusado de hacer tiempo, se enoj\u00f3 y discuti\u00f3 con el umpire de su partido frente a Marin Cilic. Gentil y amable, el suizo no mostr\u00f3 esas cualidades durante un tramo del segundo set del choque por la segunda ronda de Roland Garros. Cuando [&hellip;]<\/p>\n","protected":false},"author":1,"featured_media":14098,"comment_status":"closed","ping_status":"closed","sticky":false,"template":"","format":"standard","meta":[],"categories":[20],"tags":[],"_links":{"self":[{"href":"http:\/\/cordobainforma.info\/index.php\/wp-json\/wp\/v2\/posts\/14097"}],"collection":[{"href":"http:\/\/cordobainforma.info\/index.php\/wp-json\/wp\/v2\/posts"}],"about":[{"href":"http:\/\/cordobainforma.info\/index.php\/wp-json\/wp\/v2\/types\/post"}],"author":[{"embeddable":true,"href":"http:\/\/cordobainforma.info\/index.php\/wp-json\/wp\/v2\/users\/1"}],"replies":[{"embeddable":true,"href":"http:\/\/cordobainforma.info\/index.php\/wp-json\/wp\/v2\/comments?post=14097"}],"version-history":[{"count":0,"href":"http:\/\/cordobainforma.info\/index.php\/wp-json\/wp\/v2\/posts\/14097\/revisions"}],"wp:featuredmedia":[{"embeddable":true,"href":"http:\/\/cordobainforma.info\/index.php\/wp-json\/wp\/v2\/media\/14098"}],"wp:attachment":[{"href":"http:\/\/cordobainforma.info\/index.php\/wp-json\/wp\/v2\/media?parent=14097"}],"wp:term":[{"taxonomy":"category","embeddable":true,"href":"http:\/\/cordobainforma.info\/index.php\/wp-json\/wp\/v2\/categories?post=14097"},{"taxonomy":"post_tag","embeddable":true,"href":"http:\/\/cordobainforma.info\/index.php\/wp-json\/wp\/v2\/tags?post=14097"}],"curies":[{"name":"wp","href":"https:\/\/api.w.org\/{rel}","templated":true}]}}