{"id":14095,"date":"2021-06-03T16:50:37","date_gmt":"2021-06-03T16:50:37","guid":{"rendered":"https:\/\/www.clarin.com\/deportes\/ronald-koeman-confirmado-barcelona-dt-kun-aguero-messi-renueva-contrato_0_XEtBhCygB.html"},"modified":"2021-06-03T16:50:37","modified_gmt":"2021-06-03T16:50:37","slug":"ronald-koeman-fue-confirmado-en-barcelona-sera-el-dt-del-kun-aguero-y-de-messi-si-renueva-su-contrato","status":"publish","type":"post","link":"http:\/\/cordobainforma.info\/index.php\/2021\/06\/03\/ronald-koeman-fue-confirmado-en-barcelona-sera-el-dt-del-kun-aguero-y-de-messi-si-renueva-su-contrato\/","title":{"rendered":"Ronald Koeman fue confirmado en Barcelona: ser\u00e1 el DT del Kun Ag\u00fcero y de Messi si renueva su contrato"},"content":{"rendered":"<p><img src=\"http:\/\/cordobainforma.info\/wp-content\/uploads\/2021\/06\/ronald-koeman-fue-confirmado-en-barcelona-sera-el-dt-del-kun-aguero-y-de-messi-si-renueva-su-contrato.jpg\"><\/p>\n<div><img src=\"http:\/\/cordobainforma.info\/wp-content\/uploads\/2021\/06\/ronald-koeman-fue-confirmado-en-barcelona-sera-el-dt-del-kun-aguero-y-de-messi-si-renueva-su-contrato-2.jpg\" class=\"ff-og-image-inserted\"><\/div>\n<p>El presidente del <a href=\"https:\/\/www.clarin.com\/tema\/fc-barcelona.html\" class=\"slug automatic\" alt=\"fc-barcelona\" title=\"fc-barcelona\" target=\"_blank\" rel=\"noopener noreferrer\">FC Barcelona<\/a>, Joan Laporta, anunci\u00f3 este jueves que el entrenador <a href=\"https:\/\/www.clarin.com\/tema\/ronald-koeman.html\" class=\"slug automatic\" alt=\"ronald-koeman\" title=\"ronald-koeman\" target=\"_blank\" rel=\"noopener noreferrer\">Ronald Koeman<\/a> seguir\u00e1 al frente del banquillo del equipo la pr\u00f3xima temporada.<\/p>\n<p>\u00abPensamos que es lo mejor para el Bar\u00e7a, tanto Ronald Koeman como nosotros, y estamos muy contentos de poder anunciar hoy la continuidad de Ronald Koeman. Le veo muy contento, ilusionado, y estoy convencido de que ser\u00e1 una gran temporada\u00bb, afirm\u00f3 Laporta en una conferencia de prensa tras una reuni\u00f3n ordinaria del comit\u00e9 de direcci\u00f3n del club.<\/p>\n<p>\u00abHemos decidido dar continuidad a un contrato que est\u00e1 en vigor tras este periodo de conversaciones muy francas, muy directas. Quiero destacar el comportamiento impecable de nuestro entrenador, ha demostrado que es un gran profesional, lo que ya sab\u00edamos\u00bb, apunt\u00f3.<\/p>\n<p>Koeman tiene contrato en vigor hasta junio de 2022.<\/p>\n<p>El Bar\u00e7a termin\u00f3 la temporada 2020-2021 con apenas un t\u00edtulo, la <a href=\"https:\/\/www.clarin.com\/tema\/copa-del-rey.html\" class=\"slug automatic\" alt=\"copa-del-rey\" title=\"copa-del-rey\" target=\"_blank\" rel=\"noopener noreferrer\">Copa del Rey<\/a>. Fue tercero en LaLiga espa\u00f1ola y en la Liga de Campeones europea vivi\u00f3 la enorme desilusi\u00f3n de caer en octavos de final ante el Par\u00eds Saint-Germain.<\/p>\n<p>Seg\u00fan la prensa catalana, el t\u00e9cnico neerland\u00e9s, que como jugador dio al club su primer t\u00edtulo europeo con un gol en la final de 1992 ante la <a href=\"https:\/\/www.clarin.com\/tema\/sampdoria.html\" class=\"slug automatic\" alt=\"sampdoria\" title=\"sampdoria\" target=\"_blank\" rel=\"noopener noreferrer\">Sampdoria<\/a>, se reuni\u00f3 el martes con los dirigentes azulgranas para planificar el pr\u00f3ximo curso.<\/p>\n<p>Laporta precis\u00f3 en su comparecencia del jueves que de momento lo que se decidi\u00f3 es que Koeman contin\u00fae con el contrato que tiene en vigor, que incluye esa temporada 2021-2022.<\/p>\n<p>\u00abImagino que en breve nos sentaremos para hablar de este tema\u00bb, se\u00f1al\u00f3 sobre una eventual renovaci\u00f3n para m\u00e1s adelante.<\/p>\n<p> El m\u00e1ximo dirigente del Bar\u00e7a precis\u00f3 que el salario de Koeman no fue ajustado.<\/p>\n<p>\u00abRonald ya hizo un esfuerzo en la temporada pasada, si no lo sab\u00e9is. Entonces esto no lo hemos contemplado. Sabe las circunstancias en las cuales nos encontramos. Sabe los esfuerzos que hay que hacer para conseguir jugadores de alguna forma. Y \u00e9l ayuda de esta forma\u00bb, se\u00f1al\u00f3 sobre la situaci\u00f3n econ\u00f3mica complicada que atraviesa el club catal\u00e1n.<\/p>\n<p>\u00abLo que nos tiene preocupados es reforzar la plantilla, y ah\u00ed tenemos plena coincidencia con el entrenador. Tenemos siempre m\u00e1s opciones, a pesar de las dificultades que tiene hoy el mundo del f\u00fatbol. Ronald es un hombre comprensivo\u00bb, dijo.<\/p>\n<p>Esta semana, el Bar\u00e7a anunci\u00f3 incorporaciones a su plantel, las del argentino Sergio Ag\u00fcero, el espa\u00f1ol Eric Garc\u00eda y el brasile\u00f1o Emerson.<\/p>\n<p>Ronaldo Koeman, de 58 a\u00f1os, era seleccionador de <a href=\"https:\/\/www.clarin.com\/tema\/holanda.html\" class=\"slug automatic\" alt=\"holanda\" title=\"holanda\" target=\"_blank\" rel=\"noopener noreferrer\">Holanda<\/a> hasta que fue fichado por el <a href=\"https:\/\/www.clarin.com\/tema\/barcelona.html\" class=\"slug automatic\" alt=\"barcelona\" title=\"barcelona\" target=\"_blank\" rel=\"noopener noreferrer\">Barcelona<\/a> para iniciar una nueva etapa, tras el despido de Quique Seti\u00e9n, marcado por la humillaci\u00f3n de la derrota 8-2 ante el <a href=\"https:\/\/www.clarin.com\/tema\/bayern-munich.html\" class=\"slug automatic\" alt=\"bayern-munich\" title=\"bayern-munich\" target=\"_blank\" rel=\"noopener noreferrer\">Bayern M\u00fanich<\/a> en los cuartos de final de la Champions League 2019-2020.<\/p>\n<p>Fuente: AFP<\/p>\n<div class=\"entry-tags\">\n<h2>TEMAS QUE APARECEN EN ESTA NOTA<\/h2>\n<\/p><\/div>\n","protected":false},"excerpt":{"rendered":"<p>El presidente del FC Barcelona, Joan Laporta, anunci\u00f3 este jueves que el entrenador Ronald Koeman seguir\u00e1 al frente del banquillo del equipo la pr\u00f3xima temporada. \u00abPensamos que es lo mejor para el Bar\u00e7a, tanto Ronald Koeman como nosotros, y estamos muy contentos de poder anunciar hoy la continuidad de Ronald Koeman. Le veo muy contento, [&hellip;]<\/p>\n","protected":false},"author":1,"featured_media":14096,"comment_status":"closed","ping_status":"closed","sticky":false,"template":"","format":"standard","meta":[],"categories":[20],"tags":[],"_links":{"self":[{"href":"http:\/\/cordobainforma.info\/index.php\/wp-json\/wp\/v2\/posts\/14095"}],"collection":[{"href":"http:\/\/cordobainforma.info\/index.php\/wp-json\/wp\/v2\/posts"}],"about":[{"href":"http:\/\/cordobainforma.info\/index.php\/wp-json\/wp\/v2\/types\/post"}],"author":[{"embeddable":true,"href":"http:\/\/cordobainforma.info\/index.php\/wp-json\/wp\/v2\/users\/1"}],"replies":[{"embeddable":true,"href":"http:\/\/cordobainforma.info\/index.php\/wp-json\/wp\/v2\/comments?post=14095"}],"version-history":[{"count":0,"href":"http:\/\/cordobainforma.info\/index.php\/wp-json\/wp\/v2\/posts\/14095\/revisions"}],"wp:featuredmedia":[{"embeddable":true,"href":"http:\/\/cordobainforma.info\/index.php\/wp-json\/wp\/v2\/media\/14096"}],"wp:attachment":[{"href":"http:\/\/cordobainforma.info\/index.php\/wp-json\/wp\/v2\/media?parent=14095"}],"wp:term":[{"taxonomy":"category","embeddable":true,"href":"http:\/\/cordobainforma.info\/index.php\/wp-json\/wp\/v2\/categories?post=14095"},{"taxonomy":"post_tag","embeddable":true,"href":"http:\/\/cordobainforma.info\/index.php\/wp-json\/wp\/v2\/tags?post=14095"}],"curies":[{"name":"wp","href":"https:\/\/api.w.org\/{rel}","templated":true}]}}