{"id":140913,"date":"2025-01-23T13:55:42","date_gmt":"2025-01-23T13:55:42","guid":{"rendered":"http:\/\/cordobainforma.info\/index.php\/2025\/01\/23\/predicen-que-el-bitcoin-podria-subir-a-esta-exorbitante-cifra\/"},"modified":"2025-01-23T13:55:42","modified_gmt":"2025-01-23T13:55:42","slug":"predicen-que-el-bitcoin-podria-subir-a-esta-exorbitante-cifra","status":"publish","type":"post","link":"http:\/\/cordobainforma.info\/index.php\/2025\/01\/23\/predicen-que-el-bitcoin-podria-subir-a-esta-exorbitante-cifra\/","title":{"rendered":"Predicen que el bitc\u00f3in podr\u00eda subir a esta exorbitante cifra"},"content":{"rendered":"<p><img src=\"http:\/\/cordobainforma.info\/wp-content\/uploads\/2025\/01\/predicen-que-el-bitcoin-podria-subir-a-esta-exorbitante-cifra.jpg\"><\/p>\n<div readability=\"32\">\n<p><span>Publicado:<\/span><time class=\"Timestamp-root Timestamp-isBlackColor \" datetime=\"2025-01-23T13:55:42+00:00\"> 23 ene 2025 13:55 GMT <\/time><\/p>\n<\/div>\n<div readability=\"33\">\n<p> El jefe de BlackRock considera a la criptomoneda como un \u00abinstrumento de base internacional\u00bb capaz de ayudar a los pa\u00edses amenazados por la devaluaci\u00f3n de sus monedas y la inestabilidad. <\/p>\n<\/div>\n<div readability=\"61.970338983051\">\n<p>Larry Fink, director ejecutivo de la sociedad de inversi\u00f3n BlackRock, afirm\u00f3 en una <a href=\"https:\/\/youtu.be\/YCusGTuXP94?si=RhWK08jYMl-F-Wn0\" target=\"_blank\" rel=\"noopener noreferrer\">entrevista<\/a> a Bloomberg en el Foro Econ\u00f3mico Internacional de Davos que el precio del bitc\u00f3in, la criptomoneda l\u00edder por capitalizaci\u00f3n burs\u00e1til, podr\u00eda llegar a los 700.000 d\u00f3lares.<\/p>\n<p>El directivo se defini\u00f3 como&nbsp;<strong>un \u00abgran creyente en la utilizaci\u00f3n\u00bb del bitc\u00f3in como instrumento<\/strong>. Asimismo, sostuvo que la inversi\u00f3n en esa criptomoneda, que calific\u00f3 de un \u00abinstrumento de base internacional\u00bb, puede ayudar a los pa\u00edses en donde las autoridades est\u00e9n preocupadas por la devaluaci\u00f3n de sus monedas o por la estabilidad econ\u00f3mica o pol\u00edtica.&nbsp;<\/p>\n<div class=\"ReadMore-root Section-root Section-is1to3-xs_is1to1\" data-widgets=\"ReadMore\">\n<div class=\"Section-container Section-isRow-isTop-isWrap\">\n<article class=\"Card-root Card-is1to1 Card-default \">\n<div class=\"Card-imageWrap\">\n<div class=\"Card-picture\"> <picture class=\"Picture-root Picture-default\"><!--[if IE 9]><video style=\"display: none;\"><![endif]--><source media=\"(-webkit-min-device-pixel-ratio: 2) and (min-resolution: 120dpi)\" srcset=\"http:\/\/cordobainforma.info\/wp-content\/uploads\/2025\/01\/predicen-que-el-bitcoin-podria-subir-a-esta-exorbitante-cifra-2.jpg 850w, http:\/\/cordobainforma.info\/wp-content\/uploads\/2025\/01\/predicen-que-el-bitcoin-podria-subir-a-esta-exorbitante-cifra-3.jpg 1960w\"><source srcset=\"http:\/\/cordobainforma.info\/wp-content\/uploads\/2025\/01\/predicen-que-el-bitcoin-podria-subir-a-esta-exorbitante-cifra-2.jpg 460w, http:\/\/cordobainforma.info\/wp-content\/uploads\/2025\/01\/predicen-que-el-bitcoin-podria-subir-a-esta-exorbitante-cifra-3.jpg 980w\"><!--[if IE 9]><\/video><![endif]--><img data-sizes=\"auto\" src=\"http:\/\/cordobainforma.info\/wp-content\/uploads\/2025\/01\/predicen-que-el-bitcoin-podria-subir-a-esta-exorbitante-cifra-2.jpg\" class=\"Picture-root Picture-default lazyload\" alt=\"El precio del bitc\u00f3in alcanza un nuevo m\u00e1ximo hist\u00f3rico\"><\/picture><!-- noscript pattern --><noscript><img src=\"http:\/\/cordobainforma.info\/wp-content\/uploads\/2025\/01\/predicen-que-el-bitcoin-podria-subir-a-esta-exorbitante-cifra-3.jpg\" alt=\"El precio del bitc\u00f3in alcanza un nuevo m\u00e1ximo hist\u00f3rico\"><\/noscript> <\/div><\/div>\n<\/article><\/div><\/div>\n<p>En este contexto, Fink cont\u00f3 que ha hablado con responsables de fondos soberanos sobre si deber\u00edan asignar el 2 % o el 5 % al bitc\u00f3in. \u00ab<strong>Si todo el mundo adoptara esa conversaci\u00f3n, ser\u00edan 500.000, 600.000, 700.000 d\u00f3lares por bitc\u00f3in<\/strong>\u00ab, calcul\u00f3.<\/p>\n<p>En diciembre pasado, Fink fue <a href=\"https:\/\/esrt.space\/actualidad\/535414-robert-kiyosaki-prediccion-bitcoin\" target=\"_blank\" rel=\"noopener noreferrer\">criticado<\/a> por el reconocido inversor y escritor estadounidense Robert Kiyosaki, que acus\u00f3 a BlackRock de suprimir el precio de la mayor criptomoneda para permitir a los grandes inversores acumular a precios m\u00e1s bajos. \u00ab<strong>BlackRock suprimiendo el precio del bitc\u00f3in<\/strong> para que los peces gordos puedan comprar a menos de 100.000 d\u00f3lares\u00bb. Al mismo tiempo, Kiyosaki predijo que el bitc\u00f3in alcanzar\u00eda los 350.000 d\u00f3lares en 2025.<\/p>\n<ul>\n<li>El precio de bitc\u00f3in <a href=\"https:\/\/esrt.space\/actualidad\/537684-precio-bitcoin-alcanza-nuevo-maximo\" target=\"_blank\" rel=\"noopener noreferrer\">alcanz\u00f3<\/a> su m\u00e1ximo hist\u00f3rico esta semana, al <strong>superar los 109.000 d\u00f3lares por unidad<\/strong>. El 5 de diciembre, super\u00f3 por primera vez la marca de los 100.000 d\u00f3lares. Dada su gradual subida, varios expertos est\u00e1n seguros de que el valor de la moneda digital continuar\u00e1 aumentando.<\/li>\n<\/ul>\n<\/div>\n","protected":false},"excerpt":{"rendered":"<p>Publicado: 23 ene 2025 13:55 GMT El jefe de BlackRock considera a la criptomoneda como un \u00abinstrumento de base internacional\u00bb capaz de ayudar a los pa\u00edses amenazados por la devaluaci\u00f3n de sus monedas y la inestabilidad. Larry Fink, director ejecutivo de la sociedad de inversi\u00f3n BlackRock, afirm\u00f3 en una entrevista a Bloomberg en el Foro [&hellip;]<\/p>\n","protected":false},"author":1,"featured_media":140914,"comment_status":"closed","ping_status":"closed","sticky":false,"template":"","format":"standard","meta":[],"categories":[22],"tags":[],"_links":{"self":[{"href":"http:\/\/cordobainforma.info\/index.php\/wp-json\/wp\/v2\/posts\/140913"}],"collection":[{"href":"http:\/\/cordobainforma.info\/index.php\/wp-json\/wp\/v2\/posts"}],"about":[{"href":"http:\/\/cordobainforma.info\/index.php\/wp-json\/wp\/v2\/types\/post"}],"author":[{"embeddable":true,"href":"http:\/\/cordobainforma.info\/index.php\/wp-json\/wp\/v2\/users\/1"}],"replies":[{"embeddable":true,"href":"http:\/\/cordobainforma.info\/index.php\/wp-json\/wp\/v2\/comments?post=140913"}],"version-history":[{"count":0,"href":"http:\/\/cordobainforma.info\/index.php\/wp-json\/wp\/v2\/posts\/140913\/revisions"}],"wp:featuredmedia":[{"embeddable":true,"href":"http:\/\/cordobainforma.info\/index.php\/wp-json\/wp\/v2\/media\/140914"}],"wp:attachment":[{"href":"http:\/\/cordobainforma.info\/index.php\/wp-json\/wp\/v2\/media?parent=140913"}],"wp:term":[{"taxonomy":"category","embeddable":true,"href":"http:\/\/cordobainforma.info\/index.php\/wp-json\/wp\/v2\/categories?post=140913"},{"taxonomy":"post_tag","embeddable":true,"href":"http:\/\/cordobainforma.info\/index.php\/wp-json\/wp\/v2\/tags?post=140913"}],"curies":[{"name":"wp","href":"https:\/\/api.w.org\/{rel}","templated":true}]}}