{"id":140907,"date":"2025-01-23T13:13:24","date_gmt":"2025-01-23T13:13:24","guid":{"rendered":"https:\/\/www.mujerhoy.com\/moda\/tendencias\/cinco-prendas-verde-oliva-color-tendencia-temporada-invierno-20250123130933-nt.html"},"modified":"2025-01-23T13:13:24","modified_gmt":"2025-01-23T13:13:24","slug":"cinco-prendas-en-verde-oliva-para-olvidarte-del-negro-por-un-dia","status":"publish","type":"post","link":"http:\/\/cordobainforma.info\/index.php\/2025\/01\/23\/cinco-prendas-en-verde-oliva-para-olvidarte-del-negro-por-un-dia\/","title":{"rendered":"Cinco prendas en verde oliva para olvidarte del negro por un d\u00eda"},"content":{"rendered":"<p><!-- AUTHOR --> <\/p>\n<div class=\"voc-author-timesocial \"> <!-- AUTHOR --> <\/p>\n<div class=\"voc-author-timesocial__signature \">\n<div class=\"voc-author-timesocial__img-c\"> <!-- IMAGE AUTHOR --> <picture class=\"voc-image-signature\"> <img class=\"voc-image-signature__img\" src=\"http:\/\/cordobainforma.info\/wp-content\/uploads\/2025\/01\/cinco-prendas-en-verde-oliva-para-olvidarte-del-negro-por-un-dia.jpg\" alt=\"Carla Dom\u00ednguez\"> <\/picture> <\/div>\n<p> <!-- INFO AUTHOR --> <\/div><\/div>\n<p> <!-- COMPONENTS --> <\/p>\n<p class=\"voc-paragraph\" data-mrf-recirculation=\"Link art\u00edculo\">Uno de los colores que m\u00e1s encontrar\u00e1s en tu armario en invierno es <strong>el negro<\/strong>. Es un <a data-voc-vtm-id=\"in-text-traffic\" href=\"https:\/\/www.mujerhoy.com\/moda\/no-te-pierdas\/prendas-color-negro-elegantes-hym-sfera-zara-mango-20221008134415-ga.html\" target=\"_blank\" data-mrf-link=\"https:\/\/www.mujerhoy.com\/moda\/no-te-pierdas\/prendas-color-negro-elegantes-hym-sfera-zara-mango-20221008134415-ga.html\" rel=\"noopener noreferrer\">tono comod\u00edn al que se suele acudir casi siempre<\/a><br \/>\n. Es elegante, atemporal, combina con pr\u00e1cticamente todo y es f\u00e1cil de encontrar en pr\u00e1cticamente todo tipo de prendas.\n<\/p>\n<p class=\"voc-paragraph\" data-mrf-recirculation=\"Link art\u00edculo\">Sin embargo, con m\u00e1s frecuencia le van apareciendo ciertos competidores al cl\u00e1sico negro. Ya no es el \u00fanico color protagonista del invierno. El burdeos, el <a data-voc-vtm-id=\"in-text-traffic\" href=\"https:\/\/www.mujerhoy.com\/moda\/tendencias\/marron-chocolate-color-favorito-temporada-rebajas-20240213140941-nt.html\" data-mrf-link=\"https:\/\/www.mujerhoy.com\/moda\/tendencias\/marron-chocolate-color-favorito-temporada-rebajas-20240213140941-nt.html\">marr\u00f3n chocolate<\/a> o incluso <strong>el verde oliva <\/strong>son tonalidades que se han convertido en el \u00abnuevo negro\u00bb del invierno.\n<\/p>\n<p class=\"voc-paragraph\" data-mrf-recirculation=\"Link art\u00edculo\">El verde oliva es uno de los colores que <strong>ha entrado con m\u00e1s fuerza en nuestro armario<\/strong>. Antes seguro que no ten\u00edas pr\u00e1cticamente nada de este tono. Sin embargo, con el paso de los meses, parece que valoramos m\u00e1s este color porque tambi\u00e9n es muy c\u00e1lido, f\u00e1cil de integrar en los <i>looks<\/i> y aporta paz.\n<\/p>\n<p class=\"voc-paragraph\" data-mrf-recirculation=\"Link art\u00edculo\">Tambi\u00e9n es cierto que hemos valorado m\u00e1s el color verde oliva porque lo hemos visto en las pasarelas. Numerosas firmas de ropa han integrado en sus <strong>colecciones de oto\u00f1o-invierno<\/strong> este color. Desde Gucci, Loewe hasta otras como The Row.\n<\/p>\n<p class=\"voc-paragraph\" data-mrf-recirculation=\"Link art\u00edculo\">Est\u00e1 claro que <strong>el verde oliva es un color lleno de posibilidades.<\/strong> Si a\u00fan no tienes nada en tu armario en este tono tan vers\u00e1til, <a data-voc-vtm-id=\"in-text-traffic\" href=\"https:\/\/www.mujerhoy.com\/moda\/tendencias\/verde-oliva-color-tendencia-invierno-2025-elegante-basicos-20250116121453-nt.html\" data-mrf-link=\"https:\/\/www.mujerhoy.com\/moda\/tendencias\/verde-oliva-color-tendencia-invierno-2025-elegante-basicos-20250116121453-nt.html\">es hora de que apuestes por alguna opci\u00f3n<\/a><br \/>\n. Hemos preparado una selecci\u00f3n con algunas piezas que nos encantan y nos comprar\u00edamos seguro.\n<\/p>\n<p><h3 class=\"voc-detail__title\"> Nuestros favoritos en verde oliva para este invierno<br \/>\n<\/h3>\n<\/p>\n<div class=\"voc-detail-photo-zoom\"> <picture data-toggle=\"modal\" data-target=\"#photoZoomModal-999\" target=\"modal\">\n<div class=\"voc-img-icon-link\"> <img loading=\"lazy\" src=\"http:\/\/cordobainforma.info\/wp-content\/uploads\/2025\/01\/cinco-prendas-en-verde-oliva-para-olvidarte-del-negro-por-un-dia-1.jpg\" width=\"650\" height=\"900\" alt=\"Chaqueta estilo bomber en verde oliva de SKFK (139, 30 euros).\"> <noscript> <img src=\"http:\/\/cordobainforma.info\/wp-content\/uploads\/2025\/01\/cinco-prendas-en-verde-oliva-para-olvidarte-del-negro-por-un-dia-1.jpg\" alt=\"Chaqueta estilo bomber en verde oliva de SKFK (139, 30 euros).\"> <\/noscript> <i class=\"voc-icons zoom voc-multimedia-box voc-ico-l\"><\/i> <\/div><figcaption class=\"figure-caption\">Chaqueta estilo bomber en verde oliva de SKFK (139, 30 euros).<\/figcaption><\/picture>\n<\/div>\n<div id=\"photoZoomModal-999\" class=\"voc-lightbox modal fade voc-lightbox--photo-zoom\" role=\"dialog\" data-voc-photozoom-lightbox>\n<div class=\"voc-lightbox__dialog\" role=\"document\">\n<div class=\"voc-lightbox__content\"> <!-- Modal header --> <!-- Modal content --> <\/p>\n<div class=\"voc-lightbox__photo-container\"> <picture class> <img loading=\"lazy\" src=\"http:\/\/cordobainforma.info\/wp-content\/uploads\/2025\/01\/cinco-prendas-en-verde-oliva-para-olvidarte-del-negro-por-un-dia-1.jpg\" alt=\"Chaqueta estilo bomber en verde oliva de SKFK (139, 30 euros).\"> <noscript> <img src=\"http:\/\/cordobainforma.info\/wp-content\/uploads\/2025\/01\/cinco-prendas-en-verde-oliva-para-olvidarte-del-negro-por-un-dia-1.jpg\" alt=\"Chaqueta estilo bomber en verde oliva de SKFK (139, 30 euros).\"> <\/noscript> <\/picture> <\/div><\/div><\/div>\n<\/div>\n<p class=\"voc-paragraph\" data-mrf-recirculation=\"Link art\u00edculo\"><strong>Chaqueta estilo bomber en verde oliva de SKFK.<\/strong> Una de nuestras primeras propuestas es esta chaqueta estilo bomber que ha lanzado la firma. Es una chaqueta de corte oversized, botones en la parte central y dos bolsillos laterales. Precio: 139,90 euros (antes 199 euros).\n<\/p>\n<div class=\"voc-detail-photo-zoom\"> <picture data-toggle=\"modal\" data-target=\"#photoZoomModal-387\" target=\"modal\">\n<div class=\"voc-img-icon-link\"> <img loading=\"lazy\" src=\"http:\/\/cordobainforma.info\/wp-content\/uploads\/2025\/01\/cinco-prendas-en-verde-oliva-para-olvidarte-del-negro-por-un-dia-2.jpg\" width=\"650\" height=\"900\" alt=\"Chaqueta en verde oliva de punto de S\u00e9zane (175 euros):\"> <noscript> <img src=\"http:\/\/cordobainforma.info\/wp-content\/uploads\/2025\/01\/cinco-prendas-en-verde-oliva-para-olvidarte-del-negro-por-un-dia-2.jpg\" alt=\"Chaqueta en verde oliva de punto de S\u00e9zane (175 euros):\"> <\/noscript> <i class=\"voc-icons zoom voc-multimedia-box voc-ico-l\"><\/i> <\/div><figcaption class=\"figure-caption\">Chaqueta en verde oliva de punto de S\u00e9zane (175 euros):<\/figcaption><\/picture>\n<\/div>\n<div id=\"photoZoomModal-387\" class=\"voc-lightbox modal fade voc-lightbox--photo-zoom\" role=\"dialog\" data-voc-photozoom-lightbox>\n<div class=\"voc-lightbox__dialog\" role=\"document\">\n<div class=\"voc-lightbox__content\"> <!-- Modal header --> <!-- Modal content --> <\/p>\n<div class=\"voc-lightbox__photo-container\"> <picture class> <img loading=\"lazy\" src=\"http:\/\/cordobainforma.info\/wp-content\/uploads\/2025\/01\/cinco-prendas-en-verde-oliva-para-olvidarte-del-negro-por-un-dia-2.jpg\" alt=\"Chaqueta en verde oliva de punto de S\u00e9zane (175 euros):\"> <noscript> <img src=\"http:\/\/cordobainforma.info\/wp-content\/uploads\/2025\/01\/cinco-prendas-en-verde-oliva-para-olvidarte-del-negro-por-un-dia-2.jpg\" alt=\"Chaqueta en verde oliva de punto de S\u00e9zane (175 euros):\"> <\/noscript> <\/picture> <\/div><\/div><\/div>\n<\/div>\n<p class=\"voc-paragraph\" data-mrf-recirculation=\"Link art\u00edculo\"><strong>Chaqueta en verde oliva de punto de S\u00e9zane.<\/strong> Otra chaqueta perfecta para el invierno es este dise\u00f1o de la firma que adoran las francesas. Es la chaqueta de punto Valerio con dise\u00f1o de manga larga, tejido de lana merino y algod\u00f3n org\u00e1nico. Precio: 175 euros.\n<\/p>\n<div class=\"voc-detail-photo-zoom\"> <picture data-toggle=\"modal\" data-target=\"#photoZoomModal-98\" target=\"modal\">\n<div class=\"voc-img-icon-link\"> <img loading=\"lazy\" src=\"http:\/\/cordobainforma.info\/wp-content\/uploads\/2025\/01\/cinco-prendas-en-verde-oliva-para-olvidarte-del-negro-por-un-dia-3.jpg\" width=\"650\" height=\"900\" alt=\"C\u00e1rdigan con cremallera en verde oliva de Uniqlo (39,90 euros).\"> <noscript> <img src=\"http:\/\/cordobainforma.info\/wp-content\/uploads\/2025\/01\/cinco-prendas-en-verde-oliva-para-olvidarte-del-negro-por-un-dia-3.jpg\" alt=\"C\u00e1rdigan con cremallera en verde oliva de Uniqlo (39,90 euros).\"> <\/noscript> <i class=\"voc-icons zoom voc-multimedia-box voc-ico-l\"><\/i> <\/div><figcaption class=\"figure-caption\">C\u00e1rdigan con cremallera en verde oliva de Uniqlo (39,90 euros).<\/figcaption><\/picture>\n<\/div>\n<div id=\"photoZoomModal-98\" class=\"voc-lightbox modal fade voc-lightbox--photo-zoom\" role=\"dialog\" data-voc-photozoom-lightbox>\n<div class=\"voc-lightbox__dialog\" role=\"document\">\n<div class=\"voc-lightbox__content\"> <!-- Modal header --> <!-- Modal content --> <\/p>\n<div class=\"voc-lightbox__photo-container\"> <picture class> <img loading=\"lazy\" src=\"http:\/\/cordobainforma.info\/wp-content\/uploads\/2025\/01\/cinco-prendas-en-verde-oliva-para-olvidarte-del-negro-por-un-dia-3.jpg\" alt=\"C\u00e1rdigan con cremallera en verde oliva de Uniqlo (39,90 euros).\"> <noscript> <img src=\"http:\/\/cordobainforma.info\/wp-content\/uploads\/2025\/01\/cinco-prendas-en-verde-oliva-para-olvidarte-del-negro-por-un-dia-3.jpg\" alt=\"C\u00e1rdigan con cremallera en verde oliva de Uniqlo (39,90 euros).\"> <\/noscript> <\/picture> <\/div><\/div><\/div>\n<\/div>\n<p class=\"voc-paragraph\" data-mrf-recirculation=\"Link art\u00edculo\"><strong>C\u00e1rdigan con cremallera en verde oliva de Uniqlo.<\/strong> En la firma japonesa siempre hay prendas muy interesantes y de calidad. Un dise\u00f1o original es este c\u00e1rdigan con cremallera en verde y cuello alto disponible en verde oliva y otros tonos. Precio: 39,90 euros.\n<\/p>\n<div class=\"voc-detail-photo-zoom\"> <picture data-toggle=\"modal\" data-target=\"#photoZoomModal-613\" target=\"modal\">\n<div class=\"voc-img-icon-link\"> <img loading=\"lazy\" src=\"http:\/\/cordobainforma.info\/wp-content\/uploads\/2025\/01\/cinco-prendas-en-verde-oliva-para-olvidarte-del-negro-por-un-dia-4.jpg\" width=\"650\" height=\"900\" alt=\"Abrigo en verde oliva con cuello beb\u00e9 de Ganni (225 euros).\"> <noscript> <img src=\"http:\/\/cordobainforma.info\/wp-content\/uploads\/2025\/01\/cinco-prendas-en-verde-oliva-para-olvidarte-del-negro-por-un-dia-4.jpg\" alt=\"Abrigo en verde oliva con cuello beb\u00e9 de Ganni (225 euros).\"> <\/noscript> <i class=\"voc-icons zoom voc-multimedia-box voc-ico-l\"><\/i> <\/div><figcaption class=\"figure-caption\">Abrigo en verde oliva con cuello beb\u00e9 de Ganni (225 euros).<\/figcaption><\/picture>\n<\/div>\n<div id=\"photoZoomModal-613\" class=\"voc-lightbox modal fade voc-lightbox--photo-zoom\" role=\"dialog\" data-voc-photozoom-lightbox>\n<div class=\"voc-lightbox__dialog\" role=\"document\">\n<div class=\"voc-lightbox__content\"> <!-- Modal header --> <!-- Modal content --> <\/p>\n<div class=\"voc-lightbox__photo-container\"> <picture class> <img loading=\"lazy\" src=\"http:\/\/cordobainforma.info\/wp-content\/uploads\/2025\/01\/cinco-prendas-en-verde-oliva-para-olvidarte-del-negro-por-un-dia-4.jpg\" alt=\"Abrigo en verde oliva con cuello beb\u00e9 de Ganni (225 euros).\"> <noscript> <img src=\"http:\/\/cordobainforma.info\/wp-content\/uploads\/2025\/01\/cinco-prendas-en-verde-oliva-para-olvidarte-del-negro-por-un-dia-4.jpg\" alt=\"Abrigo en verde oliva con cuello beb\u00e9 de Ganni (225 euros).\"> <\/noscript> <\/picture> <\/div><\/div><\/div>\n<\/div>\n<p class=\"voc-paragraph\" data-mrf-recirculation=\"Link art\u00edculo\"><strong>Abrigo en verde oliva con cuello beb\u00e9 de Ganni.<\/strong> La firma danesa es una de las m\u00e1s queridas. Cuenta con dise\u00f1os \u00fanicos y s\u00faper originales como este abrigo aclolchado en color verde oliva con cremallera y cuello beb\u00e9. Precio: 225 euros (antes 175 euros).\n<\/p>\n<div class=\"voc-detail-photo-zoom\"> <picture data-toggle=\"modal\" data-target=\"#photoZoomModal-62\" target=\"modal\">\n<div class=\"voc-img-icon-link\"> <img loading=\"lazy\" src=\"http:\/\/cordobainforma.info\/wp-content\/uploads\/2025\/01\/cinco-prendas-en-verde-oliva-para-olvidarte-del-negro-por-un-dia-5.jpg\" width=\"650\" height=\"900\" alt=\"Jersey de punto con mezcla de alpaca de Massimo Dutti.\"> <noscript> <img src=\"http:\/\/cordobainforma.info\/wp-content\/uploads\/2025\/01\/cinco-prendas-en-verde-oliva-para-olvidarte-del-negro-por-un-dia-5.jpg\" alt=\"Jersey de punto con mezcla de alpaca de Massimo Dutti.\"> <\/noscript> <i class=\"voc-icons zoom voc-multimedia-box voc-ico-l\"><\/i> <\/div><figcaption class=\"figure-caption\">Jersey de punto con mezcla de alpaca de Massimo Dutti.<\/figcaption><\/picture>\n<\/div>\n<div id=\"photoZoomModal-62\" class=\"voc-lightbox modal fade voc-lightbox--photo-zoom\" role=\"dialog\" data-voc-photozoom-lightbox>\n<div class=\"voc-lightbox__dialog\" role=\"document\">\n<div class=\"voc-lightbox__content\"> <!-- Modal header --> <!-- Modal content --> <\/p>\n<div class=\"voc-lightbox__photo-container\"> <picture class> <img loading=\"lazy\" src=\"http:\/\/cordobainforma.info\/wp-content\/uploads\/2025\/01\/cinco-prendas-en-verde-oliva-para-olvidarte-del-negro-por-un-dia-5.jpg\" alt=\"Jersey de punto con mezcla de alpaca de Massimo Dutti.\"> <noscript> <img src=\"http:\/\/cordobainforma.info\/wp-content\/uploads\/2025\/01\/cinco-prendas-en-verde-oliva-para-olvidarte-del-negro-por-un-dia-5.jpg\" alt=\"Jersey de punto con mezcla de alpaca de Massimo Dutti.\"> <\/noscript> <\/picture> <\/div><\/div><\/div>\n<\/div>\n<p class=\"voc-paragraph\" data-mrf-recirculation=\"Link art\u00edculo\"><strong>Jersey de punto con mezcla de alpaca de Massimo Dutti.<\/strong> Otro dise\u00f1o que nos gusta y resulta muy favorecedor es este jersey de punto en color verde. Es un jersey confeccionado en tejido de lana, manga larga y s\u00faper fluido. Precio: 69,95 euros.\n<\/p>\n<p> <!-- TOPICS --> <\/p>\n","protected":false},"excerpt":{"rendered":"<p>Uno de los colores que m\u00e1s encontrar\u00e1s en tu armario en invierno es el negro. Es un tono comod\u00edn al que se suele acudir casi siempre . Es elegante, atemporal, combina con pr\u00e1cticamente todo y es f\u00e1cil de encontrar en pr\u00e1cticamente todo tipo de prendas. Sin embargo, con m\u00e1s frecuencia le van apareciendo ciertos competidores [&hellip;]<\/p>\n","protected":false},"author":1,"featured_media":140908,"comment_status":"closed","ping_status":"closed","sticky":false,"template":"","format":"standard","meta":[],"categories":[24],"tags":[],"_links":{"self":[{"href":"http:\/\/cordobainforma.info\/index.php\/wp-json\/wp\/v2\/posts\/140907"}],"collection":[{"href":"http:\/\/cordobainforma.info\/index.php\/wp-json\/wp\/v2\/posts"}],"about":[{"href":"http:\/\/cordobainforma.info\/index.php\/wp-json\/wp\/v2\/types\/post"}],"author":[{"embeddable":true,"href":"http:\/\/cordobainforma.info\/index.php\/wp-json\/wp\/v2\/users\/1"}],"replies":[{"embeddable":true,"href":"http:\/\/cordobainforma.info\/index.php\/wp-json\/wp\/v2\/comments?post=140907"}],"version-history":[{"count":0,"href":"http:\/\/cordobainforma.info\/index.php\/wp-json\/wp\/v2\/posts\/140907\/revisions"}],"wp:featuredmedia":[{"embeddable":true,"href":"http:\/\/cordobainforma.info\/index.php\/wp-json\/wp\/v2\/media\/140908"}],"wp:attachment":[{"href":"http:\/\/cordobainforma.info\/index.php\/wp-json\/wp\/v2\/media?parent=140907"}],"wp:term":[{"taxonomy":"category","embeddable":true,"href":"http:\/\/cordobainforma.info\/index.php\/wp-json\/wp\/v2\/categories?post=140907"},{"taxonomy":"post_tag","embeddable":true,"href":"http:\/\/cordobainforma.info\/index.php\/wp-json\/wp\/v2\/tags?post=140907"}],"curies":[{"name":"wp","href":"https:\/\/api.w.org\/{rel}","templated":true}]}}