{"id":140876,"date":"2025-01-23T11:33:31","date_gmt":"2025-01-23T11:33:31","guid":{"rendered":"http:\/\/cordobainforma.info\/index.php\/2025\/01\/23\/se-armo-la-nueva-guerra-de-la-ideologias-bikinis-vs-panuelos-verdes-diario-el-dia-de-la-plata\/"},"modified":"2025-01-23T11:33:31","modified_gmt":"2025-01-23T11:33:31","slug":"se-armo-la-nueva-guerra-de-la-ideologias-bikinis-vs-panuelos-verdes-diario-el-dia-de-la-plata","status":"publish","type":"post","link":"http:\/\/cordobainforma.info\/index.php\/2025\/01\/23\/se-armo-la-nueva-guerra-de-la-ideologias-bikinis-vs-panuelos-verdes-diario-el-dia-de-la-plata\/","title":{"rendered":"Se arm\u00f3 la <b>nueva<\/b> guerra de la ideologias: bikinis vs pa\u00f1uelos verdes &#8211; Diario El D\u00eda de La Plata"},"content":{"rendered":"<p>Siguiendo con las funcionarias actuales, se supo que Lilia Lemoine viaj\u00f3 a <b>C\u00f3rdoba<\/b>, donde visit\u00f3 Villa Allende, La Granja, Ascochinga, R\u00edo Tercero, El&nbsp;&#8230; <\/p>\n","protected":false},"excerpt":{"rendered":"<p>Siguiendo con las funcionarias actuales, se supo que Lilia Lemoine viaj\u00f3 a C\u00f3rdoba, donde visit\u00f3 Villa Allende, La Granja, Ascochinga, R\u00edo Tercero, El&nbsp;&#8230;<\/p>\n","protected":false},"author":1,"featured_media":0,"comment_status":"closed","ping_status":"closed","sticky":false,"template":"","format":"standard","meta":[],"categories":[23],"tags":[],"_links":{"self":[{"href":"http:\/\/cordobainforma.info\/index.php\/wp-json\/wp\/v2\/posts\/140876"}],"collection":[{"href":"http:\/\/cordobainforma.info\/index.php\/wp-json\/wp\/v2\/posts"}],"about":[{"href":"http:\/\/cordobainforma.info\/index.php\/wp-json\/wp\/v2\/types\/post"}],"author":[{"embeddable":true,"href":"http:\/\/cordobainforma.info\/index.php\/wp-json\/wp\/v2\/users\/1"}],"replies":[{"embeddable":true,"href":"http:\/\/cordobainforma.info\/index.php\/wp-json\/wp\/v2\/comments?post=140876"}],"version-history":[{"count":0,"href":"http:\/\/cordobainforma.info\/index.php\/wp-json\/wp\/v2\/posts\/140876\/revisions"}],"wp:attachment":[{"href":"http:\/\/cordobainforma.info\/index.php\/wp-json\/wp\/v2\/media?parent=140876"}],"wp:term":[{"taxonomy":"category","embeddable":true,"href":"http:\/\/cordobainforma.info\/index.php\/wp-json\/wp\/v2\/categories?post=140876"},{"taxonomy":"post_tag","embeddable":true,"href":"http:\/\/cordobainforma.info\/index.php\/wp-json\/wp\/v2\/tags?post=140876"}],"curies":[{"name":"wp","href":"https:\/\/api.w.org\/{rel}","templated":true}]}}