{"id":14083,"date":"2021-06-02T18:04:31","date_gmt":"2021-06-02T18:04:31","guid":{"rendered":"http:\/\/cordobainforma.info\/index.php\/2021\/06\/02\/el-coronavirus-sumio-a-mas-de-100-millones-de-trabajadores-en-la-pobreza-advierte-la-organizacion-internacional-del-trabajo\/"},"modified":"2021-06-02T18:04:31","modified_gmt":"2021-06-02T18:04:31","slug":"el-coronavirus-sumio-a-mas-de-100-millones-de-trabajadores-en-la-pobreza-advierte-la-organizacion-internacional-del-trabajo","status":"publish","type":"post","link":"http:\/\/cordobainforma.info\/index.php\/2021\/06\/02\/el-coronavirus-sumio-a-mas-de-100-millones-de-trabajadores-en-la-pobreza-advierte-la-organizacion-internacional-del-trabajo\/","title":{"rendered":"El coronavirus sumi\u00f3 a m\u00e1s de 100 millones de trabajadores en la pobreza, advierte la Organizaci\u00f3n Internacional del Trabajo"},"content":{"rendered":"<div><img src=\"http:\/\/cordobainforma.info\/wp-content\/uploads\/2021\/06\/el-coronavirus-sumio-a-mas-de-100-millones-de-trabajadores-en-la-pobreza-advierte-la-organizacion-internacional-del-trabajo.jpg\" class=\"ff-og-image-inserted\"><\/div>\n<div readability=\"32\">\n<p><span>Publicado:<\/span><time class=\"Timestamp-root Timestamp-isBlackColor \" datetime=\"2021-06-02T18:04:31+00:00\"> 2 jun 2021 18:04 GMT <\/time><\/p>\n<\/div>\n<div readability=\"47.492361927145\">\n<p>Producto de los&nbsp;impactos econ\u00f3micos y laborales provocados por el coronavirus, desde el inicio de la pandemia cerca de <strong>108 millones<\/strong> de trabajadores alrededor del mundo se han visto sumidos en la pobreza o en la extrema pobreza, categor\u00edas que contemplan a aquellas personas y sus familias que sobreviven con menos de <strong>3,20 d\u00f3lares<\/strong> al d\u00eda por persona, advierte la Organizaci\u00f3n Internacional del Trabajo (OIT) a trav\u00e9s de su m\u00e1s reciente informe <a href=\"https:\/\/www.ilo.org\/global\/research\/global-reports\/weso\/2021\/WCMS_795453\/lang--es\/index.htm\" target=\"_blank\" rel=\"noopener noreferrer\">publicado<\/a> este mi\u00e9rcoles.<\/p>\n<p>De acuerdo a&nbsp;ese organismo, dependiente de la ONU, se prev\u00e9 que durante el pr\u00f3ximo a\u00f1o el n\u00famero de personas desempleadas a nivel mundial alcance los <strong>205 millones<\/strong>, cifra muy superior a los <strong>187 millones<\/strong> registrados en 2019. Asimismo, estima que al menos hasta 2023 el crecimiento de las fuentes de empleo no lograr\u00e1 compensar las p\u00e9rdidas sufridas durante la pandemia.<\/p>\n<\/div>\n","protected":false},"excerpt":{"rendered":"<p>Publicado: 2 jun 2021 18:04 GMT Producto de los&nbsp;impactos econ\u00f3micos y laborales provocados por el coronavirus, desde el inicio de la pandemia cerca de 108 millones de trabajadores alrededor del mundo se han visto sumidos en la pobreza o en la extrema pobreza, categor\u00edas que contemplan a aquellas personas y sus familias que sobreviven con [&hellip;]<\/p>\n","protected":false},"author":1,"featured_media":14084,"comment_status":"closed","ping_status":"closed","sticky":false,"template":"","format":"standard","meta":[],"categories":[22],"tags":[],"_links":{"self":[{"href":"http:\/\/cordobainforma.info\/index.php\/wp-json\/wp\/v2\/posts\/14083"}],"collection":[{"href":"http:\/\/cordobainforma.info\/index.php\/wp-json\/wp\/v2\/posts"}],"about":[{"href":"http:\/\/cordobainforma.info\/index.php\/wp-json\/wp\/v2\/types\/post"}],"author":[{"embeddable":true,"href":"http:\/\/cordobainforma.info\/index.php\/wp-json\/wp\/v2\/users\/1"}],"replies":[{"embeddable":true,"href":"http:\/\/cordobainforma.info\/index.php\/wp-json\/wp\/v2\/comments?post=14083"}],"version-history":[{"count":0,"href":"http:\/\/cordobainforma.info\/index.php\/wp-json\/wp\/v2\/posts\/14083\/revisions"}],"wp:featuredmedia":[{"embeddable":true,"href":"http:\/\/cordobainforma.info\/index.php\/wp-json\/wp\/v2\/media\/14084"}],"wp:attachment":[{"href":"http:\/\/cordobainforma.info\/index.php\/wp-json\/wp\/v2\/media?parent=14083"}],"wp:term":[{"taxonomy":"category","embeddable":true,"href":"http:\/\/cordobainforma.info\/index.php\/wp-json\/wp\/v2\/categories?post=14083"},{"taxonomy":"post_tag","embeddable":true,"href":"http:\/\/cordobainforma.info\/index.php\/wp-json\/wp\/v2\/tags?post=14083"}],"curies":[{"name":"wp","href":"https:\/\/api.w.org\/{rel}","templated":true}]}}