{"id":14081,"date":"2021-06-02T18:05:48","date_gmt":"2021-06-02T18:05:48","guid":{"rendered":"http:\/\/cordobainforma.info\/index.php\/2021\/06\/02\/los-tres-nombres-que-podrian-cambiar-la-historia-sobre-el-magnicidio-de-luis-carlos-galan-en-colombia-pero-31-anos-despues\/"},"modified":"2021-06-02T18:05:48","modified_gmt":"2021-06-02T18:05:48","slug":"los-tres-nombres-que-podrian-cambiar-la-historia-sobre-el-magnicidio-de-luis-carlos-galan-en-colombia-pero-31-anos-despues","status":"publish","type":"post","link":"http:\/\/cordobainforma.info\/index.php\/2021\/06\/02\/los-tres-nombres-que-podrian-cambiar-la-historia-sobre-el-magnicidio-de-luis-carlos-galan-en-colombia-pero-31-anos-despues\/","title":{"rendered":"Los tres nombres que podr\u00edan cambiar la historia sobre el magnicidio de Luis Carlos Gal\u00e1n en Colombia (pero 31 a\u00f1os despu\u00e9s)"},"content":{"rendered":"<p><img src=\"http:\/\/cordobainforma.info\/wp-content\/uploads\/2021\/06\/los-tres-nombres-que-podrian-cambiar-la-historia-sobre-el-magnicidio-de-luis-carlos-galan-en-colombia-pero-31-anos-despues.jpg\"><\/p>\n<p>Dos generales en retiro y un exdetective del&nbsp;Departamento Administrativo de Seguridad (DAS) son las tres nuevas figuras acusadas por la Fiscal\u00eda de Colombia por su presunta participaci\u00f3n en el magnicidio de Luis Carlos Gal\u00e1n, el candidato presidencial que&nbsp;ten\u00eda todas las chances de ganar las elecciones&nbsp;de 1990, pero fue asesinado el 18 de agosto de 1990.<\/p>\n<p>Los se\u00f1alados son el exsubcomandante de la Polic\u00eda de Cundinamarca Argemiro Serna Arias; el exdirector de la&nbsp;Direcci\u00f3n de Investigaci\u00f3n Criminal e Interpol (DIJIN) \u00d3scar Pel\u00e1ez Carmona, y el&nbsp;exdetective H\u00e9ctor Ernesto Mu\u00f1oz Hort\u00faa. Seg\u00fan la Fiscal\u00eda, los exfuncionarios ser\u00edan \u00abpresuntos responsables de&nbsp;homicidio con fines terroristas y tentativa de homicidio\u00bb.<\/p>\n<div class=\"EmbedBlock-root EmbedBlock-twitter\">\n<div class=\"TwitterEmbed\" readability=\"5.8333333333333\">\n<blockquote class=\"twitter-tweet\" data-twitter=\"twitter-tweet\" readability=\"5.8333333333333\">\n<p lang=\"es\" dir=\"ltr\"><a href=\"https:\/\/twitter.com\/hashtag\/ATENCI%C3%93N?src=hash&amp;ref_src=twsrc%5Etfw\">#ATENCI\u00d3N<\/a> | <a href=\"https:\/\/twitter.com\/hashtag\/Fiscal%C3%ADa?src=hash&amp;ref_src=twsrc%5Etfw\">#Fiscal\u00eda<\/a> emiti\u00f3 resoluci\u00f3n de acusaci\u00f3n contra dos generales en retiro y un exdetective del DAS por magnicidio de Luis Carlos Gal\u00e1n Sarmiento. Deber\u00e1n ir a juicio como presuntos responsables de homicidio con fines terroristas y tentativa de homicidio. <a href=\"https:\/\/t.co\/rC0WD3bH8s\">pic.twitter.com\/rC0WD3bH8s<\/a><\/p>\n<p>\u2014 Fiscal\u00eda Colombia (@FiscaliaCol) <a href=\"https:\/\/twitter.com\/FiscaliaCol\/status\/1399766609330421780?ref_src=twsrc%5Etfw\">June 1, 2021<\/a><\/p><\/blockquote>\n<\/div>\n<\/div>\n<p>Las nuevas imputaciones reafirman&nbsp;que el asesinato del pol\u00edtico <strong>no fue obra exclusiva de los capos del narcotr\u00e1fico<\/strong>, que ten\u00edan bajo amenaza a Gal\u00e1n, sino que habr\u00eda contado con la anuencia de los cuerpos de seguridad e investigaci\u00f3n&nbsp;del Estado.<\/p>\n<h3>\u00bfQui\u00e9nes son los acusados?<\/h3>\n<p>De acuerdo al Ministerio P\u00fablico, Serna Arias ten\u00eda la obligaci\u00f3n de coordinar&nbsp;el dispositivo para garantizar la&nbsp;seguridad de Gal\u00e1n y la de los asistentes al mitin pol\u00edtico en Soacha (Cundinamarca), donde ocurri\u00f3 su asesinato.<\/p>\n<p>Sin embargo, el entonces teniente coronel \u00abno acat\u00f3 la instrucci\u00f3n\u00bb de su comandante para desplegar el operativo de resguardo, <strong>ni actu\u00f3 <\/strong>\u00ab<strong>para que se pusieran en marcha las medidas de seguridad<\/strong> necesarias\u00bb, a pesar de que contaba con todos los recursos para hacerlo.<\/p>\n<p>Por el contrario, el&nbsp;exsubcomandante de la Polic\u00eda de Cundinamarca habr\u00eda ordenado el retiro de un grupo de contraguerrilla de 14 hombres antes de que el candidato llegara a Soacha, \u00abpese a que su presencia era de vital importancia para custodiar el lugar\u00bb.<\/p>\n<p>Entretanto, la Fiscal\u00eda determin\u00f3 que&nbsp;Pel\u00e1ez Carmona \u2013quien estaba a cargo del DIJIN\u2013 no solo \u00ab<strong>intent\u00f3 desviar la investigaci\u00f3n por el magnicidio<\/strong>\u00bb de Gal\u00e1n sino que impuls\u00f3 \u00abun operativo de captura contra varias personas que, a\u00f1os despu\u00e9s, fueron declaradas inocentes\u00bb.<\/p>\n<p>Pel\u00e1ez Carmona no habr\u00eda actuado solo. Seg\u00fan el ente acusatorio, el exdirector del departamento de la Polic\u00eda Nacional habr\u00eda contado con el apoyo del exdirector del&nbsp;DAS, Alfredo Maza M\u00e1rquez, en una trama de encubrimiento que&nbsp;pretend\u00eda&nbsp;distraer al aparato de justicia \u00aben una causa que no era ver\u00eddica\u00bb para proteger \u00aba los verdaderos responsables del homicidio\u00bb.<\/p>\n<p>El tercero de los acusados es&nbsp;H\u00e9ctor Ernesto Mu\u00f1oz Hort\u00faa, un exdetective del DAS, quien es se\u00f1alado de haber sido parte del plan criminal atribuido al narcotraficante Gonzalo Rodr\u00edguez Gacha, alias &#8216;El Mexicano&#8217;, para asesinar al l\u00edder pol\u00edtico del Nuevo Liberalismo.<\/p>\n<p>De acuerdo al Ministerio P\u00fablico, antes y despu\u00e9s del hecho criminal, Mu\u00f1oz Hort\u00faa habr\u00eda ventilado detalles desconocidos&nbsp;\u00abcomo el cambio de escoltas del dirigente pol\u00edtico, la participaci\u00f3n de agentes del Estado y otros aspectos\u00bb.<\/p>\n<h3>\u00bfC\u00f3mo mataron a Gal\u00e1n?<\/h3>\n<p>El 18 de agosto de 1989,&nbsp;Gal\u00e1n Sarmiento se mont\u00f3 en una peque\u00f1a tarima en Soacha para dar un discurso&nbsp;ante la multitud que se reuni\u00f3 en el lugar para manifestarle su apoyo. Seg\u00fan las encuestas, el candidato liberal ten\u00eda m\u00e1s de 70 % de intenci\u00f3n electoral en un a\u00f1o terrible, que hab\u00eda estado marcado por la violencia del narcoterrorismo.<\/p>\n<figure class=\"RTImage-root\">\n<div class=\"RTImage-image RTImage-original\"><picture class=\"Picture-root Picture-original\"><!--[if IE 9]><video style=\"display: none;\"><![endif]--><source media=\"(-webkit-min-device-pixel-ratio: 2) and (min-resolution: 120dpi)\" srcset=\"http:\/\/cordobainforma.info\/wp-content\/uploads\/2021\/06\/los-tres-nombres-que-podrian-cambiar-la-historia-sobre-el-magnicidio-de-luis-carlos-galan-en-colombia-pero-31-anos-despues-2.jpg 850w, http:\/\/cordobainforma.info\/wp-content\/uploads\/2021\/06\/los-tres-nombres-que-podrian-cambiar-la-historia-sobre-el-magnicidio-de-luis-carlos-galan-en-colombia-pero-31-anos-despues-2.jpg 1960w\"><source srcset=\"http:\/\/cordobainforma.info\/wp-content\/uploads\/2021\/06\/los-tres-nombres-que-podrian-cambiar-la-historia-sobre-el-magnicidio-de-luis-carlos-galan-en-colombia-pero-31-anos-despues-2.jpg 460w, http:\/\/cordobainforma.info\/wp-content\/uploads\/2021\/06\/los-tres-nombres-que-podrian-cambiar-la-historia-sobre-el-magnicidio-de-luis-carlos-galan-en-colombia-pero-31-anos-despues-2.jpg 980w\"><!--[if IE 9]><\/video><![endif]--><img data-sizes=\"auto\" src=\"http:\/\/cordobainforma.info\/wp-content\/uploads\/2021\/06\/los-tres-nombres-que-podrian-cambiar-la-historia-sobre-el-magnicidio-de-luis-carlos-galan-en-colombia-pero-31-anos-despues-2.jpg\" class=\"Picture-root Picture-original lazyload\" alt><\/picture><!-- noscript pattern --><noscript><img src=\"http:\/\/cordobainforma.info\/wp-content\/uploads\/2021\/06\/los-tres-nombres-que-podrian-cambiar-la-historia-sobre-el-magnicidio-de-luis-carlos-galan-en-colombia-pero-31-anos-despues-2.jpg\" alt><\/noscript><\/div>\n<\/figure>\n<p>El pol\u00edtico liberal, que cre\u00eda firmemente en el combate contra el narcotr\u00e1fico, sab\u00eda que estaba en la mira de los capos de la droga&nbsp;como Pablo Escobar y&nbsp;Rodr\u00edguez Gacha, los l\u00edderes del temible c\u00e1rtel de Medell\u00edn, que cinco a\u00f1os antes hab\u00edan sido responsables del asesinato de su amigo, el ministro de Justicia Rodrigo Lara Bonilla.<\/p>\n<p>\u00abSoy quiz\u00e1s el escoltado m\u00e1s antiguo de Colombia. <strong>Tengo esquema de seguridad desde el a\u00f1o 70<\/strong> y escolta de car\u00e1cter permanente desde 1981&#8243;, dec\u00eda con frecuenta para ahuyentar el miedo de que la mafia lo iba a matar. Ese d\u00eda, sin embargo, su confianza en las fuerzas de seguridad del Estado lo traicion\u00f3.<\/p>\n<p>A los 15 minutos de haber empezado su discurso, una r\u00e1faga de disparos <a href=\"https:\/\/www.youtube.com\/watch?v=SZMdY2FJNhE\" target=\"_blank\" rel=\"noopener noreferrer\">lo alcanz\u00f3<\/a>. El cuerpo de Gal\u00e1n qued\u00f3 tendido en la peque\u00f1a tarima, donde no cab\u00eda ni la mitad de los agentes que deb\u00edan estar destinados a su cuidado. Aunque fue llevado al hospital, morir\u00eda esa misma noche.<\/p>\n<h3>Los cabos sueltos<\/h3>\n<p>Las m\u00e1s recientes investigaciones de la Fiscal\u00eda vuelven a confirmar&nbsp;una verdad a voces sobre&nbsp;el asesinato de Gal\u00e1n: la negligencia deliberada de las fuerzas de seguridad del Estado para proteger a uno de los pol\u00edticos m\u00e1s amenazados del pa\u00eds (con m\u00e1s chances de llegar a la presidencia) y la colaboraci\u00f3n de la institucionalidad con el paramilitarismo.<\/p>\n<p>Aunque en 1997 se conden\u00f3 por el magnicidio al fallecido paramilitar&nbsp;John Jairo Vel\u00e1squez V\u00e1squez, alias &#8216;Popeye&#8217;, lugarteniente de Pablo Escobar, el proceso judicial ha arrojado a m\u00e1s responsables de ese hecho. Uno de ellos es el&nbsp;exdirector del Departamento Administrativo de Seguridad (DAS)&nbsp;<strong>Miguel Maza M\u00e1rquez<\/strong>, quien habr\u00eda contribuido a debilitar la seguridad de Gal\u00e1n el d\u00eda de su asesinato, siguiendo instrucciones de Henry de Jes\u00fas P\u00e9rez Dur\u00e1n, un criminal de las Autodefensas del Magdalena Medio, bajo las \u00f3rdenes del&nbsp;c\u00e1rtel de Medell\u00edn.<\/p>\n<figure class=\"RTImage-root\">\n<div class=\"RTImage-image RTImage-original\"><picture class=\"Picture-root Picture-original\"><!--[if IE 9]><video style=\"display: none;\"><![endif]--><source media=\"(-webkit-min-device-pixel-ratio: 2) and (min-resolution: 120dpi)\" srcset=\"http:\/\/cordobainforma.info\/wp-content\/uploads\/2021\/06\/los-tres-nombres-que-podrian-cambiar-la-historia-sobre-el-magnicidio-de-luis-carlos-galan-en-colombia-pero-31-anos-despues-3.jpg 850w, http:\/\/cordobainforma.info\/wp-content\/uploads\/2021\/06\/los-tres-nombres-que-podrian-cambiar-la-historia-sobre-el-magnicidio-de-luis-carlos-galan-en-colombia-pero-31-anos-despues-3.jpg 1960w\"><source srcset=\"http:\/\/cordobainforma.info\/wp-content\/uploads\/2021\/06\/los-tres-nombres-que-podrian-cambiar-la-historia-sobre-el-magnicidio-de-luis-carlos-galan-en-colombia-pero-31-anos-despues-3.jpg 460w, http:\/\/cordobainforma.info\/wp-content\/uploads\/2021\/06\/los-tres-nombres-que-podrian-cambiar-la-historia-sobre-el-magnicidio-de-luis-carlos-galan-en-colombia-pero-31-anos-despues-3.jpg 980w\"><!--[if IE 9]><\/video><![endif]--><img data-sizes=\"auto\" src=\"http:\/\/cordobainforma.info\/wp-content\/uploads\/2021\/06\/los-tres-nombres-que-podrian-cambiar-la-historia-sobre-el-magnicidio-de-luis-carlos-galan-en-colombia-pero-31-anos-despues-3.jpg\" class=\"Picture-root Picture-original lazyload\" alt><\/picture><!-- noscript pattern --><noscript><img src=\"http:\/\/cordobainforma.info\/wp-content\/uploads\/2021\/06\/los-tres-nombres-que-podrian-cambiar-la-historia-sobre-el-magnicidio-de-luis-carlos-galan-en-colombia-pero-31-anos-despues-3.jpg\" alt><\/noscript><\/div>\n<\/figure>\n<p>Maza M\u00e1rquez cumple condena de 30 a\u00f1os de c\u00e1rcel en Bogot\u00e1, dictada en 2016, y ha tratado \u2013infructuosamente\u2013 de acogerse a la Justicia Especial para la Paz (JEP), alegando que tiene informaci\u00f3n privilegiada que vincula a altos mandos&nbsp;del Ej\u00e9rcito con el crimen contra Gal\u00e1n y el encubrimiento de los responsables. A \u00e9l se le atribuye la responsabilidad en el&nbsp;cambio de escoltas&nbsp;del pol\u00edtico liberal, un&nbsp;hecho clave en el magnicidio.<\/p>\n<p>Otro de los procesados es el pol\u00edtico&nbsp;<strong>Alberto Santofimio Botero<\/strong>, quien purga una condena de 24 a\u00f1os de prisi\u00f3n, se\u00f1alado de haber instigado a Pablo Escobar para que asesinara a Gal\u00e1n. Santofimio era senador por esa \u00e9poca, frecuentaba al capo del C\u00e1rtel de Medell\u00edn y recib\u00eda pagos de hasta 500.000 d\u00f3lares, seg\u00fan el testimonio que ofreci\u00f3 &#8216;Popeye&#8217; antes de su muerte.<\/p>\n<p>Manuel Antonio Gonz\u00e1lez,&nbsp;tambi\u00e9n directivo del DAS, recibi\u00f3 una pena de 22 a\u00f1os de c\u00e1rcel, se\u00f1alado de haber descuidado la seguridad&nbsp;del candidato asesinado y<strong> avalar \u00abel irregular nombramiento de Jacobo Torregrosa<\/strong>\u00ab, el jefe de escoltas de Gal\u00e1n que fue cambiado a \u00faltima hora por Maza M\u00e1rquez para \u00abdebilitar\u00bb la protecci\u00f3n del pol\u00edtico y \u00abhacerlo presa f\u00e1cil de los sicarios que acabaron con su vida\u00bb, se lee en la sentencia.<\/p>\n<div class=\"ReadMore-root Section-root Section-is1to3-xs_is1to1\" data-widgets=\"ReadMore\">\n<div class=\"Section-container Section-isRow-isTop-isWrap\">\n<article class=\"Card-root Card-is1to1 \">\n<div class=\"Card-imageWrap\">\n<div class=\"Card-picture\"> <picture class=\"Picture-root Picture-default\"><!--[if IE 9]><video style=\"display: none;\"><![endif]--><source media=\"(-webkit-min-device-pixel-ratio: 2) and (min-resolution: 120dpi)\" srcset=\"http:\/\/cordobainforma.info\/wp-content\/uploads\/2021\/06\/los-tres-nombres-que-podrian-cambiar-la-historia-sobre-el-magnicidio-de-luis-carlos-galan-en-colombia-pero-31-anos-despues-4.jpg 850w, http:\/\/cordobainforma.info\/wp-content\/uploads\/2021\/06\/los-tres-nombres-que-podrian-cambiar-la-historia-sobre-el-magnicidio-de-luis-carlos-galan-en-colombia-pero-31-anos-despues-5.jpg 1960w\"><source srcset=\"http:\/\/cordobainforma.info\/wp-content\/uploads\/2021\/06\/los-tres-nombres-que-podrian-cambiar-la-historia-sobre-el-magnicidio-de-luis-carlos-galan-en-colombia-pero-31-anos-despues-4.jpg 460w, http:\/\/cordobainforma.info\/wp-content\/uploads\/2021\/06\/los-tres-nombres-que-podrian-cambiar-la-historia-sobre-el-magnicidio-de-luis-carlos-galan-en-colombia-pero-31-anos-despues-5.jpg 980w\"><!--[if IE 9]><\/video><![endif]--><img data-sizes=\"auto\" src=\"http:\/\/cordobainforma.info\/wp-content\/uploads\/2021\/06\/los-tres-nombres-que-podrian-cambiar-la-historia-sobre-el-magnicidio-de-luis-carlos-galan-en-colombia-pero-31-anos-despues-4.jpg\" class=\"Picture-root Picture-default lazyload\" alt=\"El hijo y la viuda de Pablo Escobar van a juicio por presunto 'narcolavado'\"><\/picture><!-- noscript pattern --><noscript><img src=\"http:\/\/cordobainforma.info\/wp-content\/uploads\/2021\/06\/los-tres-nombres-que-podrian-cambiar-la-historia-sobre-el-magnicidio-de-luis-carlos-galan-en-colombia-pero-31-anos-despues-5.jpg\" alt=\"El hijo y la viuda de Pablo Escobar van a juicio por presunto 'narcolavado'\"><\/noscript> <\/div><\/div>\n<\/article><\/div><\/div>\n<p>Torregrosa es, sin embargo, uno de los cabos sueltos m\u00e1s significativos del caso. A pesar de su inexperiencia como polic\u00eda (y hasta un antecedente por narcotr\u00e1fico), en 1989 fue nombrado jefe de escoltas del hombre m\u00e1s amenazado de Colombia y encargado del inexistente operativo para su protecci\u00f3n que facilit\u00f3 su asesinato.<\/p>\n<p>\u00ab<strong>Est\u00e1 claro que Torregrosa no cumpli\u00f3 su funci\u00f3n<\/strong> esa noche en Soacha. No estuvo cerca a Luis Carlos, apareci\u00f3 cuando personas cercanas a la campa\u00f1a y algunos de los escoltas intentaban subirlo al autom\u00f3vil\u00bb, declar\u00f3 la viuda de Gal\u00e1n en 2016.&nbsp;<\/p>\n<p>Desde 1990, el polic\u00eda se encuentra \u00abdesaparecido\u00bb, nunca fue procesado y su c\u00e9dula de identidad fue cancelada por el Registro Civil en el a\u00f1o 2000.&nbsp;Aunque han pasado m\u00e1s de tres d\u00e9cadas, los&nbsp;hallazgos&nbsp;sobre el caso Gal\u00e1n contin\u00faan porque el caso, al ser de lesa humanidad, es imprescriptible. Y la verdad, hasta ahora,&nbsp;sigue estando inconclusa.<\/p>\n<h3>Nazareth Balb\u00e1s<\/h3>\n","protected":false},"excerpt":{"rendered":"<p>Dos generales en retiro y un exdetective del&nbsp;Departamento Administrativo de Seguridad (DAS) son las tres nuevas figuras acusadas por la Fiscal\u00eda de Colombia por su presunta participaci\u00f3n en el magnicidio de Luis Carlos Gal\u00e1n, el candidato presidencial que&nbsp;ten\u00eda todas las chances de ganar las elecciones&nbsp;de 1990, pero fue asesinado el 18 de agosto de 1990. [&hellip;]<\/p>\n","protected":false},"author":1,"featured_media":14082,"comment_status":"closed","ping_status":"closed","sticky":false,"template":"","format":"standard","meta":[],"categories":[22],"tags":[],"_links":{"self":[{"href":"http:\/\/cordobainforma.info\/index.php\/wp-json\/wp\/v2\/posts\/14081"}],"collection":[{"href":"http:\/\/cordobainforma.info\/index.php\/wp-json\/wp\/v2\/posts"}],"about":[{"href":"http:\/\/cordobainforma.info\/index.php\/wp-json\/wp\/v2\/types\/post"}],"author":[{"embeddable":true,"href":"http:\/\/cordobainforma.info\/index.php\/wp-json\/wp\/v2\/users\/1"}],"replies":[{"embeddable":true,"href":"http:\/\/cordobainforma.info\/index.php\/wp-json\/wp\/v2\/comments?post=14081"}],"version-history":[{"count":0,"href":"http:\/\/cordobainforma.info\/index.php\/wp-json\/wp\/v2\/posts\/14081\/revisions"}],"wp:featuredmedia":[{"embeddable":true,"href":"http:\/\/cordobainforma.info\/index.php\/wp-json\/wp\/v2\/media\/14082"}],"wp:attachment":[{"href":"http:\/\/cordobainforma.info\/index.php\/wp-json\/wp\/v2\/media?parent=14081"}],"wp:term":[{"taxonomy":"category","embeddable":true,"href":"http:\/\/cordobainforma.info\/index.php\/wp-json\/wp\/v2\/categories?post=14081"},{"taxonomy":"post_tag","embeddable":true,"href":"http:\/\/cordobainforma.info\/index.php\/wp-json\/wp\/v2\/tags?post=14081"}],"curies":[{"name":"wp","href":"https:\/\/api.w.org\/{rel}","templated":true}]}}