{"id":140793,"date":"2025-01-22T13:49:23","date_gmt":"2025-01-22T13:49:23","guid":{"rendered":"http:\/\/cordobainforma.info\/index.php\/2025\/01\/22\/iniciaron-las-conversaciones-sheinbaum-confirma-dialogo-con-ee-uu\/"},"modified":"2025-01-22T13:49:23","modified_gmt":"2025-01-22T13:49:23","slug":"iniciaron-las-conversaciones-sheinbaum-confirma-dialogo-con-ee-uu","status":"publish","type":"post","link":"http:\/\/cordobainforma.info\/index.php\/2025\/01\/22\/iniciaron-las-conversaciones-sheinbaum-confirma-dialogo-con-ee-uu\/","title":{"rendered":"\u00abIniciaron las conversaciones\u00bb: Sheinbaum confirma di\u00e1logo con EE.UU."},"content":{"rendered":"<p><img src=\"http:\/\/cordobainforma.info\/wp-content\/uploads\/2025\/01\/iniciaron-las-conversaciones-sheinbaum-confirma-dialogo-con-ee-uu.png\"><\/p>\n<div readability=\"32\">\n<p><span>Publicado:<\/span><time class=\"Timestamp-root Timestamp-isBlackColor \" datetime=\"2025-01-22T13:49:23+00:00\"> 22 ene 2025 13:49 GMT <\/time><\/p>\n<\/div>\n<div readability=\"32\">\n<p> El canciller mexicano y el secretario de Estado hablaron telef\u00f3nicamente. <\/p>\n<\/div>\n<div readability=\"78.330664154498\">\n<p>La presidenta de <a href=\"https:\/\/actualidad.rt.com\/actualidad\/537878-dolar-migrantes-aranceles-mexico-despues-trump\" target=\"_blank\" rel=\"noopener noreferrer\">M\u00e9xico<\/a>, Claudia Sheinbaum, anunci\u00f3 este mi\u00e9rcoles que ya inici\u00f3 formalmente el di\u00e1logo con el Gobierno del presidente de EE.UU., Donald Trump.<\/p>\n<p>\u00abAyer hablaron por tel\u00e9fono el canciller Juan Ram\u00f3n de la Fuente con el secretario de Estado, Marco Rubio, iniciaron ya las conversaciones, <strong>fue una muy buena conversaci\u00f3n, muy cordial<\/strong>\u00ab, se\u00f1al\u00f3 la mandataria en conferencia de prensa.<\/p>\n<p>Ambos funcionarios, agreg\u00f3, abordaron los&nbsp;temas d<strong>e migraci\u00f3n y seguridad<\/strong>,&nbsp;que forman parte de la agenda compartida entre M\u00e9xico y <a href=\"https:\/\/actualidad.rt.com\/actualidad\/537692-donald-trump-regresar-casa-blanca\" target=\"_blank\" rel=\"noopener noreferrer\">EE.UU.<\/a><\/p>\n<div class=\"EmbedBlock-root EmbedBlock-twitter\">\n<div class=\"TwitterEmbed\" readability=\"6.9536784741144\">\n<blockquote class=\"twitter-tweet\" data-twitter=\"twitter-tweet\" data-media-max-width=\"560\" readability=\"7.8228882833787\">\n<p lang=\"es\" dir=\"ltr\"><a href=\"https:\/\/twitter.com\/hashtag\/AHORA?src=hash&amp;ref_src=twsrc%5Etfw\">#AHORA<\/a> El canciller Juan Ram\u00f3n de la Fuente y el secretario de Estado norteamericano hablaron v\u00eda telef\u00f3nica y fue una buena conversaci\u00f3n, inform\u00f3 la presidente Claudia Sheinbaum. Detall\u00f3 que los temas fueron migraci\u00f3n y seguridad. inform\u00f3 que los Centros de Atenci\u00f3n ya se\u2026 <a href=\"https:\/\/t.co\/cF9WNbI8va\">pic.twitter.com\/cF9WNbI8va<\/a><\/p>\n<p>\u2014 CABECERA \/ EL TIMBRE (@cabeceramx) <a href=\"https:\/\/twitter.com\/cabeceramx\/status\/1882067458594656467?ref_src=twsrc%5Etfw\">January 22, 2025<\/a><\/p><\/blockquote>\n<\/div>\n<\/div>\n<p><strong>\u00abEs la&nbsp;primera llamada del secretario de Estado.<\/strong> La primera que hizo fue a M\u00e9xico. A partir de ah\u00ed se abre un proceso de pl\u00e1ticas entre ambos gobiernos\u00bb, dijo.<\/p>\n<p>El primer acercamiento entre las administraciones de Sheinbaum y Trump se da en medio de una fuerte expectativa&nbsp;por la tensi\u00f3n bilateral que han provocado las declaraciones y primeras medidas de Gobierno del l\u00edder republicano que el lunes comenz\u00f3 su segundo mandato.<\/p>\n<div class=\"ReadMore-root Section-root Section-is1to3-xs_is1to1\" data-widgets=\"ReadMore\">\n<div class=\"Section-container Section-isRow-isTop-isWrap\">\n<article class=\"Card-root Card-is1to1 Card-default \">\n<div class=\"Card-imageWrap\">\n<div class=\"Card-picture\"> <picture class=\"Picture-root Picture-default\"><!--[if IE 9]><video style=\"display: none;\"><![endif]--><source media=\"(-webkit-min-device-pixel-ratio: 2) and (min-resolution: 120dpi)\" srcset=\"http:\/\/cordobainforma.info\/wp-content\/uploads\/2025\/01\/iniciaron-las-conversaciones-sheinbaum-confirma-dialogo-con-ee-uu.jpg 850w, http:\/\/cordobainforma.info\/wp-content\/uploads\/2025\/01\/iniciaron-las-conversaciones-sheinbaum-confirma-dialogo-con-ee-uu-1.jpg 1960w\"><source srcset=\"http:\/\/cordobainforma.info\/wp-content\/uploads\/2025\/01\/iniciaron-las-conversaciones-sheinbaum-confirma-dialogo-con-ee-uu.jpg 460w, http:\/\/cordobainforma.info\/wp-content\/uploads\/2025\/01\/iniciaron-las-conversaciones-sheinbaum-confirma-dialogo-con-ee-uu-1.jpg 980w\"><!--[if IE 9]><\/video><![endif]--><img data-sizes=\"auto\" src=\"http:\/\/cordobainforma.info\/wp-content\/uploads\/2025\/01\/iniciaron-las-conversaciones-sheinbaum-confirma-dialogo-con-ee-uu.jpg\" class=\"Picture-root Picture-default lazyload\" alt=\"Trump: &quot;No necesitamos&quot; a Am\u00e9rica Latina\"><\/picture><!-- noscript pattern --><noscript><img src=\"http:\/\/cordobainforma.info\/wp-content\/uploads\/2025\/01\/iniciaron-las-conversaciones-sheinbaum-confirma-dialogo-con-ee-uu-1.jpg\" alt=\"Trump: &quot;No necesitamos&quot; a Am\u00e9rica Latina\"><\/noscript> <\/div><\/div>\n<\/article><\/div><\/div>\n<h3>Migrantes<\/h3>\n<p>Ya convertido en presidente, Trump firm\u00f3 decretos para <a href=\"https:\/\/actualidad.rt.com\/actualidad\/537757-trump-rebautiza-golfo-mexico-golfo-america\" target=\"_blank\" rel=\"noopener noreferrer\">cambiar <\/a>el nombre del Golfo de M\u00e9xico por el de Golfo de Am\u00e9rica (lo que aplica s\u00f3lo para la costa estadounidense), declarar a los <a href=\"https:\/\/actualidad-rt.com\/actualidad\/537782-trump-designar-carteles-organizaciones-terroristas\" target=\"_blank\" rel=\"noopener noreferrer\">c\u00e1rteles <\/a>como organizaciones terroristas y cerrar por completo su frontera sur a los <a href=\"https:\/\/actualidad.rt.com\/actualidad\/537935-trump-quita-proteccion-migrantes-refugios-arrestos\" target=\"_blank\" rel=\"noopener noreferrer\">migrantes<\/a>&nbsp;indocumentados.<\/p>\n<p>En ese sentido, Sheinbaum explic\u00f3 que en la frontera norte de M\u00e9xico ya se est\u00e1n instalando los centros de atenci\u00f3n&nbsp;en donde ser\u00e1n <a href=\"https:\/\/actualidad.rt.com\/actualidad\/537909-megaoperativo-deportados-gobierno-mexico-migrantes-repatriados\" target=\"_blank\" rel=\"noopener noreferrer\">recibidas<\/a>&nbsp;las personas mexicanas que sean deportadas desde EE.UU.<\/p>\n<p>Sin embargo, aclar\u00f3 que <strong>la v\u00edspera incluso hubo menos repatriaciones que en otras jornadas<\/strong>, cuando Trump todav\u00eda no asum\u00eda la presidencia, lo que debe poner en perspectiva lo que verdaderamente ocurre, m\u00e1s all\u00e1 de las declaraciones.<\/p>\n<p><strong><em>M\u00e1s informaci\u00f3n, en breve.<\/em><\/strong><\/p>\n<\/div>\n","protected":false},"excerpt":{"rendered":"<p>Publicado: 22 ene 2025 13:49 GMT El canciller mexicano y el secretario de Estado hablaron telef\u00f3nicamente. La presidenta de M\u00e9xico, Claudia Sheinbaum, anunci\u00f3 este mi\u00e9rcoles que ya inici\u00f3 formalmente el di\u00e1logo con el Gobierno del presidente de EE.UU., Donald Trump. \u00abAyer hablaron por tel\u00e9fono el canciller Juan Ram\u00f3n de la Fuente con el secretario de [&hellip;]<\/p>\n","protected":false},"author":1,"featured_media":140794,"comment_status":"closed","ping_status":"closed","sticky":false,"template":"","format":"standard","meta":[],"categories":[22],"tags":[],"_links":{"self":[{"href":"http:\/\/cordobainforma.info\/index.php\/wp-json\/wp\/v2\/posts\/140793"}],"collection":[{"href":"http:\/\/cordobainforma.info\/index.php\/wp-json\/wp\/v2\/posts"}],"about":[{"href":"http:\/\/cordobainforma.info\/index.php\/wp-json\/wp\/v2\/types\/post"}],"author":[{"embeddable":true,"href":"http:\/\/cordobainforma.info\/index.php\/wp-json\/wp\/v2\/users\/1"}],"replies":[{"embeddable":true,"href":"http:\/\/cordobainforma.info\/index.php\/wp-json\/wp\/v2\/comments?post=140793"}],"version-history":[{"count":0,"href":"http:\/\/cordobainforma.info\/index.php\/wp-json\/wp\/v2\/posts\/140793\/revisions"}],"wp:featuredmedia":[{"embeddable":true,"href":"http:\/\/cordobainforma.info\/index.php\/wp-json\/wp\/v2\/media\/140794"}],"wp:attachment":[{"href":"http:\/\/cordobainforma.info\/index.php\/wp-json\/wp\/v2\/media?parent=140793"}],"wp:term":[{"taxonomy":"category","embeddable":true,"href":"http:\/\/cordobainforma.info\/index.php\/wp-json\/wp\/v2\/categories?post=140793"},{"taxonomy":"post_tag","embeddable":true,"href":"http:\/\/cordobainforma.info\/index.php\/wp-json\/wp\/v2\/tags?post=140793"}],"curies":[{"name":"wp","href":"https:\/\/api.w.org\/{rel}","templated":true}]}}