{"id":140658,"date":"2025-01-21T13:46:49","date_gmt":"2025-01-21T13:46:49","guid":{"rendered":"http:\/\/cordobainforma.info\/index.php\/2025\/01\/21\/vamos-a-defender-nuestra-soberania-sheinbaum-responde-a-trump\/"},"modified":"2025-01-21T13:46:49","modified_gmt":"2025-01-21T13:46:49","slug":"vamos-a-defender-nuestra-soberania-sheinbaum-responde-a-trump","status":"publish","type":"post","link":"http:\/\/cordobainforma.info\/index.php\/2025\/01\/21\/vamos-a-defender-nuestra-soberania-sheinbaum-responde-a-trump\/","title":{"rendered":"\u00abVamos a defender nuestra soberan\u00eda\u00bb: Sheinbaum responde a Trump"},"content":{"rendered":"<p><img src=\"http:\/\/cordobainforma.info\/wp-content\/uploads\/2025\/01\/vamos-a-defender-nuestra-soberania-sheinbaum-responde-a-trump.jpg\"><\/p>\n<div readability=\"32\">\n<p><span>Publicado:<\/span><time class=\"Timestamp-root Timestamp-isBlackColor \" datetime=\"2025-01-21T13:46:49+00:00\"> 21 ene 2025 13:46 GMT <\/time><\/p>\n<\/div>\n<div readability=\"34\">\n<p> La presidenta mexicana analiz\u00f3 las declaraciones del mandatario, un d\u00eda despu\u00e9s de asumir su segundo per\u00edodo. <\/p>\n<\/div>\n<div readability=\"82\">\n<p>La presidenta Claudia Sheinbaum, advirti\u00f3 este martes que defender\u00e1 a M\u00e9xico luego de los ataques que el presidente de EE.UU. lanz\u00f3 contra este pa\u00eds durante su toma de posesi\u00f3n.<\/p>\n<p>\u00abQue tenga la certeza el pueblo de M\u00e9xico de que<strong> siempre vamos a defender nuestra soberan\u00eda y nuestra independencia.<\/strong> Eso es un principio m\u00e1ximo que la presidenta tiene que cumplir\u00bb, afirm\u00f3 la mandataria durante una conferencia de prensa marcada por la tensi\u00f3n que ha generado el l\u00edder republicano por sus amenazas contra M\u00e9xico con respecto a las pol\u00edticas migratorias, comerciales y de seguridad.<\/p>\n<p>\u00abSiempre <strong>vamos a apoyar a las y a los mexicanos que est\u00e1n en Estados Unidos<\/strong>, a nuestros connacionales (&#8230;) y actuamos en el marco de nuestra Constituci\u00f3n y nuestras leyes\u00bb, agreg\u00f3 al enumerar los compromisos de su gesti\u00f3n.<\/p>\n<div class=\"ReadMore-root Section-root Section-is1to3-xs_is1to1\" data-widgets=\"ReadMore\">\n<div class=\"Section-container Section-isRow-isTop-isWrap\">\n<article class=\"Card-root Card-is1to1 Card-default \">\n<div class=\"Card-imageWrap\">\n<div class=\"Card-picture\"> <picture class=\"Picture-root Picture-default\"><!--[if IE 9]><video style=\"display: none;\"><![endif]--><source media=\"(-webkit-min-device-pixel-ratio: 2) and (min-resolution: 120dpi)\" srcset=\"http:\/\/cordobainforma.info\/wp-content\/uploads\/2025\/01\/vamos-a-defender-nuestra-soberania-sheinbaum-responde-a-trump-2.jpg 850w, http:\/\/cordobainforma.info\/wp-content\/uploads\/2025\/01\/vamos-a-defender-nuestra-soberania-sheinbaum-responde-a-trump-3.jpg 1960w\"><source srcset=\"http:\/\/cordobainforma.info\/wp-content\/uploads\/2025\/01\/vamos-a-defender-nuestra-soberania-sheinbaum-responde-a-trump-2.jpg 460w, http:\/\/cordobainforma.info\/wp-content\/uploads\/2025\/01\/vamos-a-defender-nuestra-soberania-sheinbaum-responde-a-trump-3.jpg 980w\"><!--[if IE 9]><\/video><![endif]--><img data-sizes=\"auto\" src=\"http:\/\/cordobainforma.info\/wp-content\/uploads\/2025\/01\/vamos-a-defender-nuestra-soberania-sheinbaum-responde-a-trump-2.jpg\" class=\"Picture-root Picture-default lazyload\" alt=\"Trump: &quot;No necesitamos&quot; a Am\u00e9rica Latina\"><\/picture><!-- noscript pattern --><noscript><img src=\"http:\/\/cordobainforma.info\/wp-content\/uploads\/2025\/01\/vamos-a-defender-nuestra-soberania-sheinbaum-responde-a-trump-3.jpg\" alt=\"Trump: &quot;No necesitamos&quot; a Am\u00e9rica Latina\"><\/noscript> <\/div><\/div>\n<\/article><\/div><\/div>\n<p>Tambi\u00e9n aclar\u00f3 que Trump solo firm\u00f3 decretos que todav\u00eda no entran en vigor porque antes deben cumplir una serie de pasos legales.<\/p>\n<p><strong>\u00abEs importante siempre tener la cabeza fr\u00eda<\/strong> (&#8230;). M\u00e1s all\u00e1 del propio discurso (de Trump)\u00bb, dijo al analizar cada una de las cinco medidas anunciadas la v\u00edspera por el nuevo presidente de EE.UU. en relaci\u00f3n con M\u00e9xico.<\/p>\n<p>Por ejemplo, se\u00f1al\u00f3, el decreto que declara zona de emergencia la frontera sur de EE.UU. es muy similar al que el propio Trump firm\u00f3 en 2019, durante su primer mandato, y que permiti\u00f3 acuerdos de cooperaci\u00f3n con el expresidente mexicano Andr\u00e9s Manuel L\u00f3pez Obrador.&nbsp;<\/p>\n<p>Lo mismo ocurre, agreg\u00f3, con el decreto que establece que los inmigrantes no pueden permanecer en EE.UU. mientras realizan sus tr\u00e1mites de solicitud de asilo, ya que esa es una medida que Trump impuso; que su sucesor, Joe Biden, elimin\u00f3; y que ahora el republicano vuelve a imponer.<\/p>\n<p>\u00abNosotros tenemos nuestra propia pol\u00edtica migratoria pero tambi\u00e9n somos un gobierno humanitario. Si hay personas en la frontera, como ahora que hace tanto fr\u00edo, no vamos a dejar a la gente en la intemperie. Se busca la repatriaci\u00f3n a sus pa\u00edses en caso de que sean extranjeros\u00bb, record\u00f3.<\/p>\n<p><strong><em>M\u00e1s informaci\u00f3n, en breve.<\/em><\/strong><\/p>\n<\/div>\n","protected":false},"excerpt":{"rendered":"<p>Publicado: 21 ene 2025 13:46 GMT La presidenta mexicana analiz\u00f3 las declaraciones del mandatario, un d\u00eda despu\u00e9s de asumir su segundo per\u00edodo. La presidenta Claudia Sheinbaum, advirti\u00f3 este martes que defender\u00e1 a M\u00e9xico luego de los ataques que el presidente de EE.UU. lanz\u00f3 contra este pa\u00eds durante su toma de posesi\u00f3n. \u00abQue tenga la certeza [&hellip;]<\/p>\n","protected":false},"author":1,"featured_media":140659,"comment_status":"closed","ping_status":"closed","sticky":false,"template":"","format":"standard","meta":[],"categories":[22],"tags":[],"_links":{"self":[{"href":"http:\/\/cordobainforma.info\/index.php\/wp-json\/wp\/v2\/posts\/140658"}],"collection":[{"href":"http:\/\/cordobainforma.info\/index.php\/wp-json\/wp\/v2\/posts"}],"about":[{"href":"http:\/\/cordobainforma.info\/index.php\/wp-json\/wp\/v2\/types\/post"}],"author":[{"embeddable":true,"href":"http:\/\/cordobainforma.info\/index.php\/wp-json\/wp\/v2\/users\/1"}],"replies":[{"embeddable":true,"href":"http:\/\/cordobainforma.info\/index.php\/wp-json\/wp\/v2\/comments?post=140658"}],"version-history":[{"count":0,"href":"http:\/\/cordobainforma.info\/index.php\/wp-json\/wp\/v2\/posts\/140658\/revisions"}],"wp:featuredmedia":[{"embeddable":true,"href":"http:\/\/cordobainforma.info\/index.php\/wp-json\/wp\/v2\/media\/140659"}],"wp:attachment":[{"href":"http:\/\/cordobainforma.info\/index.php\/wp-json\/wp\/v2\/media?parent=140658"}],"wp:term":[{"taxonomy":"category","embeddable":true,"href":"http:\/\/cordobainforma.info\/index.php\/wp-json\/wp\/v2\/categories?post=140658"},{"taxonomy":"post_tag","embeddable":true,"href":"http:\/\/cordobainforma.info\/index.php\/wp-json\/wp\/v2\/tags?post=140658"}],"curies":[{"name":"wp","href":"https:\/\/api.w.org\/{rel}","templated":true}]}}