{"id":140650,"date":"2025-01-21T13:00:46","date_gmt":"2025-01-21T13:00:46","guid":{"rendered":"https:\/\/www.mujerhoy.com\/moda\/no-te-pierdas\/vestidos-basicos-nueva-temporada-ponibles-sientan-bien-20250121124029-nt.html"},"modified":"2025-01-21T13:00:46","modified_gmt":"2025-01-21T13:00:46","slug":"vestidos-de-nueva-temporada-que-prometen-ser-un-exito-de-ventas-porque-sientan-bien-tengas-la-edad-que-tengas","status":"publish","type":"post","link":"http:\/\/cordobainforma.info\/index.php\/2025\/01\/21\/vestidos-de-nueva-temporada-que-prometen-ser-un-exito-de-ventas-porque-sientan-bien-tengas-la-edad-que-tengas\/","title":{"rendered":"Vestidos de nueva temporada que prometen ser un \u00e9xito de ventas porque sientan bien tengas la edad que tengas"},"content":{"rendered":"<p><!-- AUTHOR --> <\/p>\n<div class=\"voc-author-timesocial \"> <!-- AUTHOR --> <\/p>\n<div class=\"voc-author-timesocial__signature \">\n<div class=\"voc-author-timesocial__img-c\"> <!-- IMAGE AUTHOR --> <picture class=\"voc-image-signature\"> <img class=\"voc-image-signature__img\" src=\"http:\/\/cordobainforma.info\/wp-content\/uploads\/2025\/01\/vestidos-de-nueva-temporada-que-prometen-ser-un-exito-de-ventas-porque-sientan-bien-tengas-la-edad-que-tengas.jpg\" alt=\"Gemma Cano\"> <\/picture> <\/div>\n<p> <!-- INFO AUTHOR --> <\/p>\n<div class=\"voc-author-timesocial__info\" data-mrf-recirculation=\"Autor\">\n<div class=\"voc-author-info\"> <author> <a class=\"voc-author\" href=\"https:\/\/www.mujerhoy.com\/autor\/gemma-cano-1220.html\" data-mrf-link=\"https:\/\/www.mujerhoy.com\/autor\/gemma-cano-1220.html\">Gemma Cano<\/a> <\/author> <time data-voc-date-modified class=\"mdamp-article-time\" itemprop=\"dateModified\" datetime=\"2025-01-21T13:00:46Z\" data-timestamp>Actualizado \u00b7 <span data-voc-date-modified-short>21 de enero de 2025, 14:00 h<\/span><\/time> <\/div><\/div><\/div><\/div>\n<p> <!-- COMPONENTS --> <\/p>\n<p class=\"voc-paragraph\" data-mrf-recirculation=\"Link art\u00edculo\">Aunque todav\u00eda no podemos dar por comenzada la temporada de primavera, los <a data-voc-vtm-id=\"in-text-traffic\" href=\"https:\/\/www.mujerhoy.com\/moda\/no-te-pierdas\/vestidos-lunares-estampado-merece-pena-comprar-rebajas-20250120131017-nt.html\" data-mrf-link=\"https:\/\/www.mujerhoy.com\/moda\/no-te-pierdas\/vestidos-lunares-estampado-merece-pena-comprar-rebajas-20250120131017-nt.html\">avances de colecci\u00f3n<\/a><br \/>\n, esos que conviven siempre con las rebajas, ya est\u00e1n llamando a la puerta de tu armario. Y entre las muchas novedades que acaban de llegar a&nbsp;tus tiendas de referencia, nos han llamado la atenci\u00f3n estos <strong>bonitos vestidos de mil y un colores<\/strong>.\n<\/p>\n<div class=\"voc-detail-photo-zoom\"> <picture data-toggle=\"modal\" data-target=\"#photoZoomModal-799\" target=\"modal\">\n<div class=\"voc-img-icon-link\"> <img loading=\"lazy\" src=\"http:\/\/cordobainforma.info\/wp-content\/uploads\/2025\/01\/vestidos-de-nueva-temporada-que-prometen-ser-un-exito-de-ventas-porque-sientan-bien-tengas-la-edad-que-tengas-1.jpg\" width=\"650\" height=\"900\"> <noscript> <img src=\"http:\/\/cordobainforma.info\/wp-content\/uploads\/2025\/01\/vestidos-de-nueva-temporada-que-prometen-ser-un-exito-de-ventas-porque-sientan-bien-tengas-la-edad-que-tengas-1.jpg\"> <\/noscript> <i class=\"voc-icons zoom voc-multimedia-box voc-ico-l\"><\/i> <\/div><figcaption class=\"figure-caption\"><\/figcaption><\/picture>\n<\/div>\n<div id=\"photoZoomModal-799\" class=\"voc-lightbox modal fade voc-lightbox--photo-zoom\" role=\"dialog\" data-voc-photozoom-lightbox>\n<div class=\"voc-lightbox__dialog\" role=\"document\">\n<div class=\"voc-lightbox__content\"> <!-- Modal header --> <!-- Modal content --> <\/p>\n<div class=\"voc-lightbox__photo-container\"> <picture class> <img loading=\"lazy\" src=\"http:\/\/cordobainforma.info\/wp-content\/uploads\/2025\/01\/vestidos-de-nueva-temporada-que-prometen-ser-un-exito-de-ventas-porque-sientan-bien-tengas-la-edad-que-tengas-1.jpg\"> <noscript> <img src=\"http:\/\/cordobainforma.info\/wp-content\/uploads\/2025\/01\/vestidos-de-nueva-temporada-que-prometen-ser-un-exito-de-ventas-porque-sientan-bien-tengas-la-edad-que-tengas-1.jpg\"> <\/noscript> <\/picture> <\/div><\/div><\/div>\n<\/div>\n<p class=\"voc-paragraph\" data-mrf-recirculation=\"Link art\u00edculo\"><a data-voc-vtm-id=\"in-text-traffic\" href=\"https:\/\/www.mujerhoy.com\/moda\/no-te-pierdas\/vestidos-basicos-elegantes-son-tendencia-20241222172139-nt.html\" data-mrf-link=\"https:\/\/www.mujerhoy.com\/moda\/no-te-pierdas\/vestidos-basicos-elegantes-son-tendencia-20241222172139-nt.html\">Prendas b\u00e1sicas<\/a><br \/>\n, que de un primer vistazo pueden pasar totalmente desapercibida, pero que se merecen que la tengas en cuenta la pr\u00f3xima que vez que salgas de \u00abshopping\u00bb. Es una de esas prendas realmente vers\u00e1tiles, que <strong>podr\u00e1s llevar en todos los planes invernales<\/strong>, sea cual sea el dress code. Lo tiene todo: es elegante, muy favorecedor y sobre todo es muy f\u00e1cil de combinar. \u00bfCu\u00e1l vas a dejar entrar en tu lista de deseos? <\/p>\n<div class=\"voc-detail-photo-zoom\"> <picture data-toggle=\"modal\" data-target=\"#photoZoomModal-718\" target=\"modal\">\n<div class=\"voc-img-icon-link\"> <img loading=\"lazy\" src=\"http:\/\/cordobainforma.info\/wp-content\/uploads\/2025\/01\/vestidos-de-nueva-temporada-que-prometen-ser-un-exito-de-ventas-porque-sientan-bien-tengas-la-edad-que-tengas-2.jpg\" width=\"650\" height=\"900\"> <noscript> <img src=\"http:\/\/cordobainforma.info\/wp-content\/uploads\/2025\/01\/vestidos-de-nueva-temporada-que-prometen-ser-un-exito-de-ventas-porque-sientan-bien-tengas-la-edad-que-tengas-2.jpg\"> <\/noscript> <i class=\"voc-icons zoom voc-multimedia-box voc-ico-l\"><\/i> <\/div><figcaption class=\"figure-caption\"><\/figcaption><\/picture>\n<\/div>\n<div id=\"photoZoomModal-718\" class=\"voc-lightbox modal fade voc-lightbox--photo-zoom\" role=\"dialog\" data-voc-photozoom-lightbox>\n<div class=\"voc-lightbox__dialog\" role=\"document\">\n<div class=\"voc-lightbox__content\"> <!-- Modal header --> <!-- Modal content --> <\/p>\n<div class=\"voc-lightbox__photo-container\"> <picture class> <img loading=\"lazy\" src=\"http:\/\/cordobainforma.info\/wp-content\/uploads\/2025\/01\/vestidos-de-nueva-temporada-que-prometen-ser-un-exito-de-ventas-porque-sientan-bien-tengas-la-edad-que-tengas-2.jpg\"> <noscript> <img src=\"http:\/\/cordobainforma.info\/wp-content\/uploads\/2025\/01\/vestidos-de-nueva-temporada-que-prometen-ser-un-exito-de-ventas-porque-sientan-bien-tengas-la-edad-que-tengas-2.jpg\"> <\/noscript> <\/picture> <\/div><\/div><\/div>\n<\/div>\n<p class=\"voc-paragraph\" data-mrf-recirculation=\"Link art\u00edculo\">No hay mejor momento, que los primeros d\u00edas del a\u00f1o, para lucir este tipo de vestidos de la forma que m\u00e1s te guste. Si buscas un <strong>look elegante para renovar tu armario<\/strong> de nueva temporada, estos dise\u00f1os, reci\u00e9n llegados a tienda, ser\u00e1n tu mejor inspiraci\u00f3n. Totalmente imprescindibles. <\/p>\n<div class=\"voc-detail-photo-zoom\"> <picture data-toggle=\"modal\" data-target=\"#photoZoomModal-615\" target=\"modal\">\n<div class=\"voc-img-icon-link\"> <img loading=\"lazy\" src=\"http:\/\/cordobainforma.info\/wp-content\/uploads\/2025\/01\/vestidos-de-nueva-temporada-que-prometen-ser-un-exito-de-ventas-porque-sientan-bien-tengas-la-edad-que-tengas-3.jpg\" width=\"460\" height=\"637\" alt=\"Vestido rojo de Mango (35,99 euros)\"> <noscript> <img src=\"http:\/\/cordobainforma.info\/wp-content\/uploads\/2025\/01\/vestidos-de-nueva-temporada-que-prometen-ser-un-exito-de-ventas-porque-sientan-bien-tengas-la-edad-que-tengas-3.jpg\" alt=\"Vestido rojo de Mango (35,99 euros)\"> <\/noscript> <i class=\"voc-icons zoom voc-multimedia-box voc-ico-l\"><\/i> <\/div><figcaption class=\"figure-caption\">Vestido rojo de Mango (35,99 euros)<\/figcaption><\/picture>\n<\/div>\n<div id=\"photoZoomModal-615\" class=\"voc-lightbox modal fade voc-lightbox--photo-zoom\" role=\"dialog\" data-voc-photozoom-lightbox>\n<div class=\"voc-lightbox__dialog\" role=\"document\">\n<div class=\"voc-lightbox__content\"> <!-- Modal header --> <!-- Modal content --> <\/p>\n<div class=\"voc-lightbox__photo-container\"> <picture class> <img loading=\"lazy\" src=\"http:\/\/cordobainforma.info\/wp-content\/uploads\/2025\/01\/vestidos-de-nueva-temporada-que-prometen-ser-un-exito-de-ventas-porque-sientan-bien-tengas-la-edad-que-tengas-3.jpg\" alt=\"Vestido rojo de Mango (35,99 euros)\"> <noscript> <img src=\"http:\/\/cordobainforma.info\/wp-content\/uploads\/2025\/01\/vestidos-de-nueva-temporada-que-prometen-ser-un-exito-de-ventas-porque-sientan-bien-tengas-la-edad-que-tengas-3.jpg\" alt=\"Vestido rojo de Mango (35,99 euros)\"> <\/noscript> <\/picture> <\/div><\/div><\/div>\n<\/div>\n<p><h3 class=\"voc-detail__title\"> Vestido rojo de Mango (35,99 euros)<br \/>\n<\/h3>\n<\/p>\n<p class=\"voc-paragraph\" data-mrf-recirculation=\"Link art\u00edculo\">Esta propuesta b\u00e1sica, pero al mismo tiempo especial, es siempre una apuesta segura. Elige un dise\u00f1o en un color vibrante. <\/p>\n<div class=\"voc-detail-photo-zoom\"> <picture data-toggle=\"modal\" data-target=\"#photoZoomModal-689\" target=\"modal\">\n<div class=\"voc-img-icon-link\"> <img loading=\"lazy\" src=\"http:\/\/cordobainforma.info\/wp-content\/uploads\/2025\/01\/vestidos-de-nueva-temporada-que-prometen-ser-un-exito-de-ventas-porque-sientan-bien-tengas-la-edad-que-tengas-4.jpg\" width=\"460\" height=\"637\" alt=\"Vestido azul marino de Mango (59,99 euros)\"> <noscript> <img src=\"http:\/\/cordobainforma.info\/wp-content\/uploads\/2025\/01\/vestidos-de-nueva-temporada-que-prometen-ser-un-exito-de-ventas-porque-sientan-bien-tengas-la-edad-que-tengas-4.jpg\" alt=\"Vestido azul marino de Mango (59,99 euros)\"> <\/noscript> <i class=\"voc-icons zoom voc-multimedia-box voc-ico-l\"><\/i> <\/div><figcaption class=\"figure-caption\">Vestido azul marino de Mango (59,99 euros)<\/figcaption><\/picture>\n<\/div>\n<div id=\"photoZoomModal-689\" class=\"voc-lightbox modal fade voc-lightbox--photo-zoom\" role=\"dialog\" data-voc-photozoom-lightbox>\n<div class=\"voc-lightbox__dialog\" role=\"document\">\n<div class=\"voc-lightbox__content\"> <!-- Modal header --> <!-- Modal content --> <\/p>\n<div class=\"voc-lightbox__photo-container\"> <picture class> <img loading=\"lazy\" src=\"http:\/\/cordobainforma.info\/wp-content\/uploads\/2025\/01\/vestidos-de-nueva-temporada-que-prometen-ser-un-exito-de-ventas-porque-sientan-bien-tengas-la-edad-que-tengas-4.jpg\" alt=\"Vestido azul marino de Mango (59,99 euros)\"> <noscript> <img src=\"http:\/\/cordobainforma.info\/wp-content\/uploads\/2025\/01\/vestidos-de-nueva-temporada-que-prometen-ser-un-exito-de-ventas-porque-sientan-bien-tengas-la-edad-que-tengas-4.jpg\" alt=\"Vestido azul marino de Mango (59,99 euros)\"> <\/noscript> <\/picture> <\/div><\/div><\/div>\n<\/div>\n<p><h3 class=\"voc-detail__title\"> Vestido azul marino de Mango (59,99 euros)<br \/>\n<\/h3>\n<\/p>\n<p class=\"voc-paragraph\" data-mrf-recirculation=\"Link art\u00edculo\">Una propuesta sofisticada, que elevar\u00e1 todos tus estilismos de nueva temporada. <\/p>\n<div class=\"voc-detail-photo-zoom\"> <picture data-toggle=\"modal\" data-target=\"#photoZoomModal-643\" target=\"modal\">\n<div class=\"voc-img-icon-link\"> <img loading=\"lazy\" src=\"http:\/\/cordobainforma.info\/wp-content\/uploads\/2025\/01\/vestidos-de-nueva-temporada-que-prometen-ser-un-exito-de-ventas-porque-sientan-bien-tengas-la-edad-que-tengas-5.jpg\" width=\"460\" height=\"637\" alt=\"Vestido midi de Zara (35,99 euros)\"> <noscript> <img src=\"http:\/\/cordobainforma.info\/wp-content\/uploads\/2025\/01\/vestidos-de-nueva-temporada-que-prometen-ser-un-exito-de-ventas-porque-sientan-bien-tengas-la-edad-que-tengas-5.jpg\" alt=\"Vestido midi de Zara (35,99 euros)\"> <\/noscript> <i class=\"voc-icons zoom voc-multimedia-box voc-ico-l\"><\/i> <\/div><figcaption class=\"figure-caption\">Vestido midi de Zara (35,99 euros)<\/figcaption><\/picture>\n<\/div>\n<div id=\"photoZoomModal-643\" class=\"voc-lightbox modal fade voc-lightbox--photo-zoom\" role=\"dialog\" data-voc-photozoom-lightbox>\n<div class=\"voc-lightbox__dialog\" role=\"document\">\n<div class=\"voc-lightbox__content\"> <!-- Modal header --> <!-- Modal content --> <\/p>\n<div class=\"voc-lightbox__photo-container\"> <picture class> <img loading=\"lazy\" src=\"http:\/\/cordobainforma.info\/wp-content\/uploads\/2025\/01\/vestidos-de-nueva-temporada-que-prometen-ser-un-exito-de-ventas-porque-sientan-bien-tengas-la-edad-que-tengas-5.jpg\" alt=\"Vestido midi de Zara (35,99 euros)\"> <noscript> <img src=\"http:\/\/cordobainforma.info\/wp-content\/uploads\/2025\/01\/vestidos-de-nueva-temporada-que-prometen-ser-un-exito-de-ventas-porque-sientan-bien-tengas-la-edad-que-tengas-5.jpg\" alt=\"Vestido midi de Zara (35,99 euros)\"> <\/noscript> <\/picture> <\/div><\/div><\/div>\n<\/div>\n<p><h3 class=\"voc-detail__title\"> Vestido midi de Zara (35,99 euros)<br \/>\n<\/h3>\n<\/p>\n<p class=\"voc-paragraph\" data-mrf-recirculation=\"Link art\u00edculo\">Una de las propuestas m\u00e1s especiales, con un bonito escote drapeado, que no puede faltar en ning\u00fan armario de invierno. <\/p>\n<div class=\"voc-detail-photo-zoom\"> <picture data-toggle=\"modal\" data-target=\"#photoZoomModal-732\" target=\"modal\">\n<div class=\"voc-img-icon-link\"> <img loading=\"lazy\" src=\"http:\/\/cordobainforma.info\/wp-content\/uploads\/2025\/01\/vestidos-de-nueva-temporada-que-prometen-ser-un-exito-de-ventas-porque-sientan-bien-tengas-la-edad-que-tengas-6.jpg\" width=\"460\" height=\"637\" alt=\"Vestido verde de H&amp;M (29,99 euros)\"> <noscript> <img src=\"http:\/\/cordobainforma.info\/wp-content\/uploads\/2025\/01\/vestidos-de-nueva-temporada-que-prometen-ser-un-exito-de-ventas-porque-sientan-bien-tengas-la-edad-que-tengas-6.jpg\" alt=\"Vestido verde de H&amp;M (29,99 euros)\"> <\/noscript> <i class=\"voc-icons zoom voc-multimedia-box voc-ico-l\"><\/i> <\/div><figcaption class=\"figure-caption\">Vestido verde de H&amp;M (29,99 euros)<\/figcaption><\/picture>\n<\/div>\n<div id=\"photoZoomModal-732\" class=\"voc-lightbox modal fade voc-lightbox--photo-zoom\" role=\"dialog\" data-voc-photozoom-lightbox>\n<div class=\"voc-lightbox__dialog\" role=\"document\">\n<div class=\"voc-lightbox__content\"> <!-- Modal header --> <!-- Modal content --> <\/p>\n<div class=\"voc-lightbox__photo-container\"> <picture class> <img loading=\"lazy\" src=\"http:\/\/cordobainforma.info\/wp-content\/uploads\/2025\/01\/vestidos-de-nueva-temporada-que-prometen-ser-un-exito-de-ventas-porque-sientan-bien-tengas-la-edad-que-tengas-6.jpg\" alt=\"Vestido verde de H&amp;M (29,99 euros)\"> <noscript> <img src=\"http:\/\/cordobainforma.info\/wp-content\/uploads\/2025\/01\/vestidos-de-nueva-temporada-que-prometen-ser-un-exito-de-ventas-porque-sientan-bien-tengas-la-edad-que-tengas-6.jpg\" alt=\"Vestido verde de H&amp;M (29,99 euros)\"> <\/noscript> <\/picture> <\/div><\/div><\/div>\n<\/div>\n<p><h3 class=\"voc-detail__title\"> Vestido verde de H&amp;M (29,99 euros)<br \/>\n<\/h3>\n<\/p>\n<p class=\"voc-paragraph\" data-mrf-recirculation=\"Link art\u00edculo\">Este tipo de dise\u00f1os son perfectos para los primeros looks del fiesta de 2025.\n<\/p>\n<div class=\"voc-detail-photo-zoom\"> <picture data-toggle=\"modal\" data-target=\"#photoZoomModal-495\" target=\"modal\">\n<div class=\"voc-img-icon-link\"> <img loading=\"lazy\" src=\"http:\/\/cordobainforma.info\/wp-content\/uploads\/2025\/01\/vestidos-de-nueva-temporada-que-prometen-ser-un-exito-de-ventas-porque-sientan-bien-tengas-la-edad-que-tengas-7.jpg\" width=\"460\" height=\"637\" alt=\"Vestido marr\u00f3n de H&amp;M (29,99 euro)\"> <noscript> <img src=\"http:\/\/cordobainforma.info\/wp-content\/uploads\/2025\/01\/vestidos-de-nueva-temporada-que-prometen-ser-un-exito-de-ventas-porque-sientan-bien-tengas-la-edad-que-tengas-7.jpg\" alt=\"Vestido marr\u00f3n de H&amp;M (29,99 euro)\"> <\/noscript> <i class=\"voc-icons zoom voc-multimedia-box voc-ico-l\"><\/i> <\/div><figcaption class=\"figure-caption\">Vestido marr\u00f3n de H&amp;M (29,99 euro)<\/figcaption><\/picture>\n<\/div>\n<div id=\"photoZoomModal-495\" class=\"voc-lightbox modal fade voc-lightbox--photo-zoom\" role=\"dialog\" data-voc-photozoom-lightbox>\n<div class=\"voc-lightbox__dialog\" role=\"document\">\n<div class=\"voc-lightbox__content\"> <!-- Modal header --> <!-- Modal content --> <\/p>\n<div class=\"voc-lightbox__photo-container\"> <picture class> <img loading=\"lazy\" src=\"http:\/\/cordobainforma.info\/wp-content\/uploads\/2025\/01\/vestidos-de-nueva-temporada-que-prometen-ser-un-exito-de-ventas-porque-sientan-bien-tengas-la-edad-que-tengas-7.jpg\" alt=\"Vestido marr\u00f3n de H&amp;M (29,99 euro)\"> <noscript> <img src=\"http:\/\/cordobainforma.info\/wp-content\/uploads\/2025\/01\/vestidos-de-nueva-temporada-que-prometen-ser-un-exito-de-ventas-porque-sientan-bien-tengas-la-edad-que-tengas-7.jpg\" alt=\"Vestido marr\u00f3n de H&amp;M (29,99 euro)\"> <\/noscript> <\/picture> <\/div><\/div><\/div>\n<\/div>\n<p><h3 class=\"voc-detail__title\"> Vestido marr\u00f3n de H&amp;M (29,99 euro)<br \/>\n<\/h3>\n<\/p>\n<p class=\"voc-paragraph\" data-mrf-recirculation=\"Link art\u00edculo\">El color estrella de la temporada no pod\u00eda faltar en esta selecci\u00f3n de nueva colcci\u00f3n. <\/p>\n<div class=\"voc-detail-photo-zoom\"> <picture data-toggle=\"modal\" data-target=\"#photoZoomModal-313\" target=\"modal\">\n<div class=\"voc-img-icon-link\"> <img loading=\"lazy\" src=\"http:\/\/cordobainforma.info\/wp-content\/uploads\/2025\/01\/vestidos-de-nueva-temporada-que-prometen-ser-un-exito-de-ventas-porque-sientan-bien-tengas-la-edad-que-tengas-8.jpg\" width=\"460\" height=\"637\" alt=\"Vestido de canal\u00e9 de H&amp;M (35,99 euro)\"> <noscript> <img src=\"http:\/\/cordobainforma.info\/wp-content\/uploads\/2025\/01\/vestidos-de-nueva-temporada-que-prometen-ser-un-exito-de-ventas-porque-sientan-bien-tengas-la-edad-que-tengas-8.jpg\" alt=\"Vestido de canal\u00e9 de H&amp;M (35,99 euro)\"> <\/noscript> <i class=\"voc-icons zoom voc-multimedia-box voc-ico-l\"><\/i> <\/div><figcaption class=\"figure-caption\">Vestido de canal\u00e9 de H&amp;M (35,99 euro)<\/figcaption><\/picture>\n<\/div>\n<div id=\"photoZoomModal-313\" class=\"voc-lightbox modal fade voc-lightbox--photo-zoom\" role=\"dialog\" data-voc-photozoom-lightbox>\n<div class=\"voc-lightbox__dialog\" role=\"document\">\n<div class=\"voc-lightbox__content\"> <!-- Modal header --> <!-- Modal content --> <\/p>\n<div class=\"voc-lightbox__photo-container\"> <picture class> <img loading=\"lazy\" src=\"http:\/\/cordobainforma.info\/wp-content\/uploads\/2025\/01\/vestidos-de-nueva-temporada-que-prometen-ser-un-exito-de-ventas-porque-sientan-bien-tengas-la-edad-que-tengas-8.jpg\" alt=\"Vestido de canal\u00e9 de H&amp;M (35,99 euro)\"> <noscript> <img src=\"http:\/\/cordobainforma.info\/wp-content\/uploads\/2025\/01\/vestidos-de-nueva-temporada-que-prometen-ser-un-exito-de-ventas-porque-sientan-bien-tengas-la-edad-que-tengas-8.jpg\" alt=\"Vestido de canal\u00e9 de H&amp;M (35,99 euro)\"> <\/noscript> <\/picture> <\/div><\/div><\/div>\n<\/div>\n<p><h3 class=\"voc-detail__title\"> Vestido de canal\u00e9 de H&amp;M (35,99 euro)<br \/>\n<\/h3>\n<\/p>\n<p class=\"voc-paragraph\" data-mrf-recirculation=\"Link art\u00edculo\">Un dise\u00f1o muy sofisticado, de color caqui, que no puedes dejar escapar. <\/p>\n<p> <!-- TOPICS --> <\/p>\n","protected":false},"excerpt":{"rendered":"<p>Gemma Cano Actualizado \u00b7 21 de enero de 2025, 14:00 h Aunque todav\u00eda no podemos dar por comenzada la temporada de primavera, los avances de colecci\u00f3n , esos que conviven siempre con las rebajas, ya est\u00e1n llamando a la puerta de tu armario. Y entre las muchas novedades que acaban de llegar a&nbsp;tus tiendas de [&hellip;]<\/p>\n","protected":false},"author":1,"featured_media":140651,"comment_status":"closed","ping_status":"closed","sticky":false,"template":"","format":"standard","meta":[],"categories":[24],"tags":[],"_links":{"self":[{"href":"http:\/\/cordobainforma.info\/index.php\/wp-json\/wp\/v2\/posts\/140650"}],"collection":[{"href":"http:\/\/cordobainforma.info\/index.php\/wp-json\/wp\/v2\/posts"}],"about":[{"href":"http:\/\/cordobainforma.info\/index.php\/wp-json\/wp\/v2\/types\/post"}],"author":[{"embeddable":true,"href":"http:\/\/cordobainforma.info\/index.php\/wp-json\/wp\/v2\/users\/1"}],"replies":[{"embeddable":true,"href":"http:\/\/cordobainforma.info\/index.php\/wp-json\/wp\/v2\/comments?post=140650"}],"version-history":[{"count":0,"href":"http:\/\/cordobainforma.info\/index.php\/wp-json\/wp\/v2\/posts\/140650\/revisions"}],"wp:featuredmedia":[{"embeddable":true,"href":"http:\/\/cordobainforma.info\/index.php\/wp-json\/wp\/v2\/media\/140651"}],"wp:attachment":[{"href":"http:\/\/cordobainforma.info\/index.php\/wp-json\/wp\/v2\/media?parent=140650"}],"wp:term":[{"taxonomy":"category","embeddable":true,"href":"http:\/\/cordobainforma.info\/index.php\/wp-json\/wp\/v2\/categories?post=140650"},{"taxonomy":"post_tag","embeddable":true,"href":"http:\/\/cordobainforma.info\/index.php\/wp-json\/wp\/v2\/tags?post=140650"}],"curies":[{"name":"wp","href":"https:\/\/api.w.org\/{rel}","templated":true}]}}