{"id":140618,"date":"2025-01-21T12:15:37","date_gmt":"2025-01-21T12:15:37","guid":{"rendered":"http:\/\/cordobainforma.info\/index.php\/2025\/01\/21\/la-provincia-puso-en-marcha-el-proceso-para-convertir-a-epec-en-una-sociedad-anonima\/"},"modified":"2025-01-21T12:15:37","modified_gmt":"2025-01-21T12:15:37","slug":"la-provincia-puso-en-marcha-el-proceso-para-convertir-a-epec-en-una-sociedad-anonima","status":"publish","type":"post","link":"http:\/\/cordobainforma.info\/index.php\/2025\/01\/21\/la-provincia-puso-en-marcha-el-proceso-para-convertir-a-epec-en-una-sociedad-anonima\/","title":{"rendered":"La Provincia puso en marcha el proceso para convertir a Epec en una sociedad an\u00f3nima"},"content":{"rendered":"<p>&#8230; <b>nueva<\/b> legislaci\u00f3n nacional. &#8230; La industria audiovisual gener\u00f3 un movimiento econ\u00f3mico de 2.400 millones de pesos en <b>C\u00f3rdoba<\/b> capital. <\/p>\n","protected":false},"excerpt":{"rendered":"<p>&#8230; nueva legislaci\u00f3n nacional. &#8230; La industria audiovisual gener\u00f3 un movimiento econ\u00f3mico de 2.400 millones de pesos en C\u00f3rdoba capital.<\/p>\n","protected":false},"author":1,"featured_media":0,"comment_status":"closed","ping_status":"closed","sticky":false,"template":"","format":"standard","meta":[],"categories":[23],"tags":[],"_links":{"self":[{"href":"http:\/\/cordobainforma.info\/index.php\/wp-json\/wp\/v2\/posts\/140618"}],"collection":[{"href":"http:\/\/cordobainforma.info\/index.php\/wp-json\/wp\/v2\/posts"}],"about":[{"href":"http:\/\/cordobainforma.info\/index.php\/wp-json\/wp\/v2\/types\/post"}],"author":[{"embeddable":true,"href":"http:\/\/cordobainforma.info\/index.php\/wp-json\/wp\/v2\/users\/1"}],"replies":[{"embeddable":true,"href":"http:\/\/cordobainforma.info\/index.php\/wp-json\/wp\/v2\/comments?post=140618"}],"version-history":[{"count":0,"href":"http:\/\/cordobainforma.info\/index.php\/wp-json\/wp\/v2\/posts\/140618\/revisions"}],"wp:attachment":[{"href":"http:\/\/cordobainforma.info\/index.php\/wp-json\/wp\/v2\/media?parent=140618"}],"wp:term":[{"taxonomy":"category","embeddable":true,"href":"http:\/\/cordobainforma.info\/index.php\/wp-json\/wp\/v2\/categories?post=140618"},{"taxonomy":"post_tag","embeddable":true,"href":"http:\/\/cordobainforma.info\/index.php\/wp-json\/wp\/v2\/tags?post=140618"}],"curies":[{"name":"wp","href":"https:\/\/api.w.org\/{rel}","templated":true}]}}