{"id":140581,"date":"2025-01-21T09:00:14","date_gmt":"2025-01-21T09:00:14","guid":{"rendered":"https:\/\/www.clarin.com\/deportes\/rodrigo-rey-corazon-abierto-clarin-arco-mandato-defender-grupo-aprendio-hijo-tea-cinta-capitan-rojo_0_hXGBRlBzoJ.html"},"modified":"2025-01-21T09:00:14","modified_gmt":"2025-01-21T09:00:14","slug":"rodrigo-rey-a-corazon-abierto-con-clarin-el-arco-como-mandato-para-defender-al-grupo-que-aprendio-de-su-hijo-con-tea-y-la-cinta-de-capitan-en-el-rojo","status":"publish","type":"post","link":"http:\/\/cordobainforma.info\/index.php\/2025\/01\/21\/rodrigo-rey-a-corazon-abierto-con-clarin-el-arco-como-mandato-para-defender-al-grupo-que-aprendio-de-su-hijo-con-tea-y-la-cinta-de-capitan-en-el-rojo\/","title":{"rendered":"Rodrigo Rey, a coraz\u00f3n abierto con Clar\u00edn: el arco como mandato para defender al grupo, qu\u00e9 aprendi\u00f3 de su hijo con TEA y la cinta de capit\u00e1n en el Rojo"},"content":{"rendered":"<p><img src=\"http:\/\/cordobainforma.info\/wp-content\/uploads\/2025\/01\/rodrigo-rey-a-corazon-abierto-con-clarin-el-arco-como-mandato-para-defender-al-grupo-que-aprendio-de-su-hijo-con-tea-y-la-cinta-de-capitan-en-el-rojo.jpg\"><\/p>\n<div class=\"sc-80531b6b-0 chRIGJ container-text text-embed\" readability=\"39\">\n<p><strong>Rodrigo Rey<\/strong> no quer\u00eda ser arquero. <strong>Un sorteo lo oblig\u00f3 a pararse debajo de los tres palos<\/strong> por primera vez a los 7 a\u00f1os en el club Argentino de Las Parejas, en su Santa Fe natal. Y desde ese instante qued\u00f3 entrelazado al arco para toda la vida. \u201c<strong>Todos quer\u00edamos ser volantes o delanteros<\/strong>. Met\u00edamos n\u00fameros en una bolsa y al que le tocaba iba al arco. <strong>Una vez me toc\u00f3 a m\u00ed y ah\u00ed me di cuenta de que era el lugar de la cancha donde quer\u00eda estar<\/strong>. Sent\u00ed una conexi\u00f3n muy fuerte entre lo que se necesita para ese puesto y mi forma de ser. De chico viv\u00eda todo el d\u00eda tir\u00e1ndome al piso, saltando, trepando \u00e1rboles&#8230; Y desde ese d\u00eda le dije al t\u00e9cnico que quer\u00eda seguir atajando\u201d, cuenta el guardi\u00e1n del Diablo.<\/p>\n<\/div>\n<div class=\"sc-80531b6b-0 chRIGJ container-text text-embed\" readability=\"44\">\n<p>Como le sacaba una cabeza m\u00e1s al resto de sus compa\u00f1eritos, el peque\u00f1o gran Rodri se paraba de delantero porque quer\u00eda ser goleador antes de enamorarse del arco. \u201cPor fuerza y por ser bruto hac\u00eda goles, ja\u201d, recuerda este santafesino de 33 a\u00f1os que <strong>hizo las Inferiores en River<\/strong>, pero que lanz\u00f3 su carrera en primera en Godoy Cruz y pas\u00f3 por Gimnasia La Plata hasta llegar a Independiente, en donde se hizo figura al instante y desde este a\u00f1o, adem\u00e1s, luce la cinta de capit\u00e1n. Quer\u00eda hacer goles y ahora es un especialista, de los mejores del f\u00fatbol argentino, en evitarlos.<\/p>\n<\/div>\n<div class=\"sc-80531b6b-0 chRIGJ container-text text-embed\" readability=\"41\">\n<p>El destino de Rey parec\u00eda estar escrito. \u201c<strong>Tengo en claro que nac\u00ed para estar en el arco porque tiene que ver con cuidar y proteger al grupo<\/strong>\u201d, dice en una charla \u00edntima con <strong>Clar\u00edn<\/strong> en las entra\u00f1as del predio de Villa Dom\u00ednico. No pod\u00eda ser de otra manera, al tipo que lleva en su ser proteger a los suyos no le cab\u00eda otra funci\u00f3n que la de resguardar sin m\u00e1s armas que su valent\u00eda y sin otro escudo que sus guantes el arco. As\u00ed como salva a sus compa\u00f1eros de goles ajenos, <strong>es el superh\u00e9roe de su familia<\/strong>, que en el \u00faltimo a\u00f1o pas\u00f3 por momentos bravos cuando el colegio de sus hijos Renata y Benicio, les neg\u00f3 la matr\u00edcula, algo que tuvo final feliz gracias a una resoluci\u00f3n judicial.<\/p>\n<\/div>\n<div class=\"sc-80531b6b-0 chRIGJ container-text text-embed\" readability=\"38\">\n<p><strong>Beni, el menor de sus hijos, tiene TEA<\/strong> (Trastorno del Espectro Autista) y Rey junto a su mujer, Lali, se pusieron al frente de una causa individual que trascendi\u00f3 al f\u00fatbol y tom\u00f3 un vuelo mucho m\u00e1s elevado del que se hubieran imaginado.<\/p>\n<\/div>\n<div class=\"sc-198be8ec-0 cynXbu image-embed image-embed \"><picture class=\"sc-198be8ec-1 kOjRiQ\"><source media=\"(min-width: 975px)\" width=\"720\" height=\"480\" srcset=\"http:\/\/cordobainforma.info\/wp-content\/uploads\/2025\/01\/rodrigo-rey-a-corazon-abierto-con-clarin-el-arco-como-mandato-para-defender-al-grupo-que-aprendio-de-su-hijo-con-tea-y-la-cinta-de-capitan-en-el-rojo-2.jpg\"><img alt=\"Rey, en el predio de Villa Dom\u00ednico.\nFoto: Enrique Garc\u00eda Medina\" loading=\"lazy\" width=\"720\" height=\"480\" decoding=\"async\" data-nimg=\"1\" src=\"http:\/\/cordobainforma.info\/wp-content\/uploads\/2025\/01\/rodrigo-rey-a-corazon-abierto-con-clarin-el-arco-como-mandato-para-defender-al-grupo-que-aprendio-de-su-hijo-con-tea-y-la-cinta-de-capitan-en-el-rojo-2.jpg\"><span class=\"epigraphe\">Rey, en el predio de Villa Dom\u00ednico.<br \/>\nFoto: Enrique Garc\u00eda Medina<\/span><span class=\"bkg\"><\/span><span class=\"picture-open\"><button class=\"open-image\" aria-label=\"Open Image\"><\/button><\/span><\/picture><\/div>\n<div class=\"sc-80531b6b-0 chRIGJ container-text text-embed\" readability=\"34\">\n<p><strong>-El mundo del f\u00fatbol puede ser hip\u00f3crita y hostil por momentos, \u00bfpero tambi\u00e9n puede ser muy solidario?<\/strong><\/p>\n<\/div>\n<div class=\"sc-80531b6b-0 chRIGJ container-text text-embed\" readability=\"38\">\n<p>-Sin dudas. Cuando las causas son honestas y justas se le saca la grieta que se genera en nuestro pa\u00eds: si es un club o el otro, si es un pol\u00edtico o el otro, si es bueno o es malo&#8230; Vivimos en un pa\u00eds solidario. Me toc\u00f3 vivirlo en carne propia, pero es fundamental salirnos de las grietas para que la cosa sea genuina y entre todos.<\/p>\n<\/div>\n<div class=\"sc-80531b6b-0 chRIGJ container-text text-embed\" readability=\"32\">\n<p><strong>-\u00bfTe sorprendi\u00f3 la magnitud que tom\u00f3 todo lo que pas\u00f3 con tu familia?<\/strong><\/p>\n<\/div>\n<div class=\"sc-80531b6b-0 chRIGJ container-text text-embed\" readability=\"38\">\n<p>-Todo fue m\u00e1s de lo que yo pensaba. No planeamos que esto fuera as\u00ed, se fue dando genuinamente porque en el medio no hab\u00eda otros intereses m\u00e1s que el bienestar de muchos chicos que se ven perjudicados por un sistema que no funciona como tendr\u00eda que funcionar. No hay mucho para discutir ah\u00ed. La postura que tomamos con mi familia fue decir <em>\u201cvale la pena luchar contra estas cosas, vamos\u201d<\/em>. Y <em>\u00absi tenemos que ir a fondo, vamos\u00bb<\/em>. Atr\u00e1s nuestro vino un mont\u00f3n de gente que hizo que tomara m\u00e1s repercusi\u00f3n. Lo que me pone feliz es saber que a la gente le interesa poder generar cambios positivos para la sociedad.<\/p>\n<\/div>\n<div class=\"sc-80531b6b-0 chRIGJ container-text text-embed\" readability=\"32\">\n<p><strong>-\u00bfQu\u00e9 fue lo que m\u00e1s te llam\u00f3 la atenci\u00f3n de esos d\u00edas?<\/strong><\/p>\n<\/div>\n<div class=\"sc-80531b6b-0 chRIGJ container-text text-embed\" readability=\"40\">\n<p>-Lo que m\u00e1s me moviliz\u00f3 fue la cantidad de gente que pasa por situaciones que uno ni se imagina, la cantidad de ni\u00f1os que viven la discriminaci\u00f3n o la no inclusi\u00f3n a puntos en los que uno dice<em> \u201cdale, no puede ser que tengas tan poca empat\u00eda con una persona, tenga la condici\u00f3n que tenga\u201d<\/em>. Ah\u00ed es donde con mi mujer nos empezamos a dar cuenta de lo necesario que es que se aborde el tema. Mi caso se conoci\u00f3 porque soy p\u00fablico, pero hay gente que la pasa mal de verdad y nadie hace nada. Y a ra\u00edz de la resoluci\u00f3n favorable del caso de mis hijos nos empezaron a llegar informaci\u00f3n de que otras situaciones se iban resolviendo favorablemente. Y que espacios que no eran inclusivos empezaban a tomar consciencia de la situaci\u00f3n. No lo hicimos con ese plan, pero que suceda de esa manera&#8230; Nos trascendi\u00f3.<\/p>\n<\/div>\n<div class=\"sc-80531b6b-0 chRIGJ container-text text-embed\" readability=\"32\">\n<p><strong>-\u00bfC\u00f3mo es ser pap\u00e1 de un chico con TEA?<\/strong><\/p>\n<\/div>\n<div class=\"sc-80531b6b-0 chRIGJ container-text text-embed\" readability=\"39\">\n<p>-A Beni no le cambiar\u00eda ni un pelo de como es. \u00c9l nos ense\u00f1\u00f3 como familia a hacer el esfuerzo desde el amor hacia el otro, a cambiarse a uno mismo. Uno se cr\u00eda bajo ciertas normas de conductas que son neurot\u00edpicas, lo que hacemos casi todos. Pero llegan estos ni\u00f1os y te rompen esa estructura y uno siente que no sabe nada, literal. Y ellos te van ense\u00f1ando. Uno tiene que sacarse de encima las normas que te imponen desde chico porque ellos te marcan el ritmo. Uno tiene que ayudarlos a que lleguen a esos logros pero de otra forma. Te brind\u00e1s al otro al m\u00e1ximo. Nuestra casa es un aprendizaje todos los d\u00edas. Eso es ser familia de verdad, es que todos estemos atentos a todos por el bien de cada uno.<\/p>\n<\/div>\n<div class=\"sc-ad4aedf2-0 dPPgNJ border-video video-embed horizontal border-video video-embed horizontal\" readability=\"6.5\">\n<div class=\"sc-ad4aedf2-1 hnFuni videoText videoText\" readability=\"33\">\n<h2>Video<\/h2>\n<p>Mano a mano con Rodrigo Rey, actual arquero de Independiente<\/p>\n<\/div>\n<\/div>\n<div class=\"sc-80531b6b-0 chRIGJ container-text text-embed\" readability=\"32\">\n<p><strong>-\u00bfC\u00f3mo sigue desde lo legal la cuesti\u00f3n luego de la resoluci\u00f3n favorable?<\/strong><\/p>\n<\/div>\n<div class=\"sc-80531b6b-0 chRIGJ container-text text-embed\" readability=\"35\">\n<p>-La causa tiene que tener un cierre como todo proceso judicial, en unos meses habr\u00e1 una audiencia conciliatoria y esperemos que se cierre de manera positiva. Los nenes para este a\u00f1o tienen la matr\u00edcula y eso es una tranquilidad.<\/p>\n<\/div>\n<div class=\"sc-80531b6b-0 chRIGJ container-text text-embed\" readability=\"33\">\n<p><strong>-\u00bfC\u00f3mo lidiaste vos en esos d\u00edas entre todo lo que te estaba pasando y el hecho de tener que salir concentrado a atajar?<\/strong><\/p>\n<\/div>\n<div class=\"sc-80531b6b-0 chRIGJ container-text text-embed\" readability=\"37\">\n<p>-Tengo un apoyo psicol\u00f3gico desde hace a\u00f1os. No hice terapia toda mi vida, pero desde hace cuatro a\u00f1os hago de manera ininterrumpida. Hoy puedo tener un control de mis emociones mucho m\u00e1s maduro. En el momento del conflicto tuve que poner todo en pr\u00e1ctica. No fue f\u00e1cil. Fue de los momentos m\u00e1s duros junto con el momento en que naci\u00f3 mi nene, que estuvo en neo tres meses y los primeros tres d\u00edas no hab\u00eda esperanza de vida mientras yo estaba en Godoy Cruz. Esos momentos me exigieron al m\u00e1ximo desde lo emocional. Tengo una familia de oro que me apoya y me ayuda. Compartimos el dolor juntos. Pero el f\u00fatbol no se detiene y te pide que rindas y salgas y juegues.<\/p>\n<\/div>\n<div class=\"sc-80531b6b-0 chRIGJ container-text text-embed\" readability=\"32\">\n<p><strong>-\u00bfNo pensaste en dejar de jugar un tiempo mientras se resolv\u00eda el problema?<\/strong><\/p>\n<\/div>\n<div class=\"sc-80531b6b-0 chRIGJ container-text text-embed\" readability=\"36\">\n<p>-No porque no me sentir\u00eda bien conmigo mismo. A mis hijos trato de inculcarles el sentido de la responsabilidad, de hacerse cargo de las responsabilidades que uno toma y afrontarlas con entereza. Si hay que apretar el acelerador un poco m\u00e1s hay momentos en que hay que hacerlo. No hay que tirar la toalla. Hay que intentar poder. El mensaje que quer\u00eda dejarles a ellos era ese.<\/p>\n<\/div>\n<p><h2><strong>El Rey de Independiente: la capitan\u00eda, el \u00abolor a hambre en el vestuario\u00bb y sus sue\u00f1os de Selecci\u00f3n<\/strong><\/h2>\n<\/p>\n<div class=\"sc-80531b6b-0 chRIGJ container-text text-embed\" readability=\"40\">\n<p>Con el buzo del Rojo, <strong>Rodrigo Rey fue el arquero que menos goles recibi\u00f3 en la m\u00e1xima categor\u00eda del f\u00fatbol argentino en todo el 2024<\/strong>: apenas le hicieron 24 tantos. De los 89 partidos que lleva atajados en Independiente, mantuvo su valla en cero 41 veces. Es una de las m\u00e1ximas figuras del equipo de Avellaneda, de los m\u00e1s queridos por el p\u00fablico y por sus compa\u00f1eros y ahora, adem\u00e1s, es el portador de la cinta de capit\u00e1n.<\/p>\n<\/div>\n<div class=\"sc-80531b6b-0 chRIGJ container-text text-embed\" readability=\"32\">\n<p><strong>-\u00bfEncontraste tu lugar en el mundo en Independiente?<\/strong><\/p>\n<\/div>\n<div class=\"sc-80531b6b-0 chRIGJ container-text text-embed\" readability=\"36\">\n<p>-Es dif\u00edcil de describir. Cuando llegu\u00e9 al club ten\u00eda claro que estaba en una etapa de recambio, ven\u00eda de un vac\u00edo muy grande desde lo institucional. Yo sab\u00eda que hab\u00eda que trabajar el doble porque no es solamente lidiar con lo que pasa adentro de la cancha. Ven\u00eda a un club que representa mucho y hab\u00eda que tomarlo con mucha seriedad y profesionalismo. Por eso nunca me sorprend\u00ed con lo que pasaba en el club. Gracias a dios dentro de la cancha las cosas se me dieron bien.<\/p>\n<\/div>\n<div class=\"sc-80531b6b-0 chRIGJ container-text text-embed\" readability=\"33\">\n<p><strong>-Sos el nuevo capit\u00e1n, \u00bfqu\u00e9 se siente?<\/strong><\/p>\n<\/div>\n<div class=\"sc-80531b6b-0 chRIGJ container-text text-embed\" readability=\"37\">\n<p>-Me lo dec\u00eds y se me eriza la piel. Para m\u00ed tiene un sentido muy lindo que tus compa\u00f1eros y la gente que te conoce te elija como la persona que los represente. Tiene un valor muy grande. Me llena de alegr\u00eda. Es la motivaci\u00f3n para seguir trabajando al m\u00e1ximo. Vale la pena la forma en la que yo vivo el f\u00fatbol, que es con una conducta buena, disciplina y profesionalismo. Tratando que eso se contagie con el ejemplo.<\/p>\n<\/div>\n<div class=\"sc-198be8ec-0 cynXbu image-embed image-embed \"><picture class=\"sc-198be8ec-1 kOjRiQ\"><source media=\"(min-width: 975px)\" width=\"720\" height=\"480\" srcset=\"http:\/\/cordobainforma.info\/wp-content\/uploads\/2025\/01\/rodrigo-rey-a-corazon-abierto-con-clarin-el-arco-como-mandato-para-defender-al-grupo-que-aprendio-de-su-hijo-con-tea-y-la-cinta-de-capitan-en-el-rojo-3.jpg\"><img alt=\"El due\u00f1o del arco: Rey fue el arquero menos goleado de 2024 en Argentina.\nFoto: Enrique Garc\u00eda Medina\" loading=\"lazy\" width=\"720\" height=\"480\" decoding=\"async\" data-nimg=\"1\" src=\"http:\/\/cordobainforma.info\/wp-content\/uploads\/2025\/01\/rodrigo-rey-a-corazon-abierto-con-clarin-el-arco-como-mandato-para-defender-al-grupo-que-aprendio-de-su-hijo-con-tea-y-la-cinta-de-capitan-en-el-rojo-3.jpg\"><span class=\"epigraphe\">El due\u00f1o del arco: Rey fue el arquero menos goleado de 2024 en Argentina.<br \/>\nFoto: Enrique Garc\u00eda Medina<\/span><span class=\"bkg\"><\/span><span class=\"picture-open\"><button class=\"open-image\" aria-label=\"Open Image\"><\/button><\/span><\/picture><\/div>\n<div class=\"sc-80531b6b-0 chRIGJ container-text text-embed\" readability=\"32\">\n<p><strong>-\u00bfTe cambia la perspectiva llevar la cinta?<\/strong><\/p>\n<\/div>\n<div class=\"sc-80531b6b-0 chRIGJ container-text text-embed\" readability=\"39\">\n<p>-Siempre fui as\u00ed. Desde que pis\u00e9 el club que, por mi forma de ser, mis compa\u00f1eros me han dado un rol dentro del plantel y sigue siendo de esa forma. Hay varios l\u00edderes porque esto es un equipo. Hablar puede hablar cualquiera y decir cualquier cosa, lo que le da sentido a las cosas es lo que uno hace d\u00eda a d\u00eda, ser consecuente entre lo que digo y lo que hago.<\/p>\n<\/div>\n<div class=\"sc-80531b6b-0 chRIGJ container-text text-embed\" readability=\"34\">\n<p><strong>-El a\u00f1o pasado vivieron distintos episodios de indisciplina en el vestuario, \u00bftuvieron que hablar mucho entre ustedes para encaminar las cosas?<\/strong><\/p>\n<\/div>\n<div class=\"sc-80531b6b-0 chRIGJ container-text text-embed\" readability=\"41\">\n<p>-La camiseta de este club hay que respetarla dentro y fuera de la cancha. \u00bfC\u00f3mo? Con conductas que est\u00e9n a la altura, cuidando no solo el nombre de cada uno sino al grupo. \u00bfC\u00f3mo se cuida al grupo? No haciendo cosas que perjudiquen a los que s\u00ed hacen las cosas de manera ordenada. Esto tiene que ser una convivencia en una l\u00ednea de trabajo. En el semestre pasado, como saben todos, hubo momentos en los que eso no se respet\u00f3. Cuando eso sucede uno tiene que hablar y llamar la atenci\u00f3n para que no suceda m\u00e1s porque nos perjudica a todos, a los que jugamos, al socio y al club. Eso no puede suceder, no se puede lastimar nunca desde adentro hacia afuera. Cuando hubo desorden trabajamos para que no pase m\u00e1s. Ahora el grupo sabe c\u00f3mo es y a los chicos nuevos ya se los hemos hecho saber. Los directivos no quieren que sucedan m\u00e1s estas cosas. Hay que respetar la camiseta.<\/p>\n<\/div>\n<div class=\"sc-198be8ec-0 cynXbu image-embed image-embed \"><picture class=\"sc-198be8ec-1 kOjRiQ\"><source media=\"(min-width: 975px)\" width=\"720\" height=\"480\" srcset=\"http:\/\/cordobainforma.info\/wp-content\/uploads\/2025\/01\/rodrigo-rey-a-corazon-abierto-con-clarin-el-arco-como-mandato-para-defender-al-grupo-que-aprendio-de-su-hijo-con-tea-y-la-cinta-de-capitan-en-el-rojo-4.jpg\"><img alt=\"A pura sonrisa, rey en el vestuario del predio de Dom\u00ednico.\nFoto: Enrique Garc\u00eda Medina\" loading=\"lazy\" width=\"720\" height=\"480\" decoding=\"async\" data-nimg=\"1\" src=\"http:\/\/cordobainforma.info\/wp-content\/uploads\/2025\/01\/rodrigo-rey-a-corazon-abierto-con-clarin-el-arco-como-mandato-para-defender-al-grupo-que-aprendio-de-su-hijo-con-tea-y-la-cinta-de-capitan-en-el-rojo-4.jpg\"><span class=\"epigraphe\">A pura sonrisa, rey en el vestuario del predio de Dom\u00ednico.<br \/>\nFoto: Enrique Garc\u00eda Medina<\/span><span class=\"bkg\"><\/span><span class=\"picture-open\"><button class=\"open-image\" aria-label=\"Open Image\"><\/button><\/span><\/picture><\/div>\n<div class=\"sc-80531b6b-0 chRIGJ container-text text-embed\" readability=\"32\">\n<p><strong>-\u00bfEs m\u00e1s dif\u00edcil entrarles a los pibes de hoy?<\/strong><\/p>\n<\/div>\n<div class=\"sc-80531b6b-0 chRIGJ container-text text-embed\" readability=\"39\">\n<p>-Se criaron de otra forma a la nuestra. Cuando yo ten\u00eda 20 a\u00f1os ten\u00eda muchas menos facilidades, no hab\u00eda tantas redes sociales, tanta exposici\u00f3n. Lo \u00fanico que conoc\u00edamos era a la gente grande de nuestro plantel que ven\u00eda a decirnos algo. Hoy los j\u00f3venes tienen acceso a un mont\u00f3n de informaci\u00f3n desde el living de su casa. Desde el celular pod\u00e9s ver de todo, reciben est\u00edmulos todo el tiempo. La clave es poder llegarles y desde el ejemplo es importante mostrarles qu\u00e9 es lo que garpa y qu\u00e9 es lo que da buenos resultados. Qu\u00e9 es lo que te va a llevar a dar tu mejor versi\u00f3n y qu\u00e9 te va a dar el gustito hoy y en tres a\u00f1os te va a dejar afuera del f\u00fatbol. Tienen que poner en la balanza qu\u00e9 quieren para su futuro. Uno no puede ir hasta sus casas y controlarlos, pero s\u00ed ponerles todas las herramientas sobre la mesa para que elijan bien.<\/p>\n<\/div>\n<div class=\"sc-80531b6b-0 chRIGJ container-text text-embed\" readability=\"33\">\n<p><strong>-Desde que lleg\u00f3 Vaccari el equipo fue de menor a mayor y de atr\u00e1s para adelante. \u00bfEncontraron una identidad despu\u00e9s de mucho tiempo?<\/strong><\/p>\n<\/div>\n<div class=\"sc-80531b6b-0 chRIGJ container-text text-embed\" readability=\"36\">\n<p>-Cuando comenz\u00f3 este ciclo nuevo de Julio la b\u00fasqueda fue arrancar desde cero. Lo que m\u00e1s r\u00e1pido sale generalmente es generar un bloque fuerte a nivel equipo, no solo defiende el arquero y los centrales. Encontramos una sinergia y un esp\u00edritu de combate muy buenos. En el \u00faltimo tramo hemos empezado a generar m\u00e1s chances de gol y eso es lo que m\u00e1s nos gusta a todos. Estamos en un buen punto para seguir en ese crecimiento para siempre estar m\u00e1s cerca de ganar.<\/p>\n<\/div>\n<div class=\"sc-80531b6b-0 chRIGJ container-text text-embed\" readability=\"35\">\n<p><strong>-Despu\u00e9s de mucho tiempo Independiente vuelve a jugar una Copa internacional, la Sudamericana, \u00bfes una motivaci\u00f3n extra jugar esa competencia en este club?<\/strong><\/p>\n<\/div>\n<div class=\"sc-80531b6b-0 chRIGJ container-text text-embed\" readability=\"37\">\n<p>-S\u00ed. Hay ansias porque hace unos a\u00f1os que el club no compite internacionalmente. Enfrentamos un a\u00f1o a la altura de lo que tendr\u00eda que ser un a\u00f1o normal en este club. En la calle, en la cancha, se huele la ilusi\u00f3n. Como futbolista es un desaf\u00edo muy lindo porque te exige a tener que estar al m\u00e1ximo.<\/p>\n<\/div>\n<div class=\"sc-80531b6b-0 chRIGJ container-text text-embed\" readability=\"32\">\n<p><strong>-\u00bfQu\u00e9 se huele en el vestuario de Independiente?<\/strong><\/p>\n<\/div>\n<div class=\"sc-80531b6b-0 chRIGJ container-text text-embed\" readability=\"39\">\n<p>-Hambre, ganas de&#8230; Ganas de trascender, ganas de ser protagonista, ganas de sentir que somos competitivos de verdad, que no vamos a ser f\u00e1ciles para nadie, que vamos a ser un equipo duro y que vamos a trabajar mucho para ser protagonistas.<\/p>\n<\/div>\n<div class=\"sc-80531b6b-0 chRIGJ container-text text-embed\" readability=\"32\">\n<p><strong>-\u00bfEst\u00e1s en el mejor momento de tu carrera?<\/strong><\/p>\n<\/div>\n<div class=\"sc-80531b6b-0 chRIGJ container-text text-embed\" readability=\"36\">\n<p>-Me siento pleno. Dentro de la cancha siento que puedo dar todo lo que quiero dar y eso no es f\u00e1cil en el f\u00fatbol. Poder entrenar cosas toda la semana y despu\u00e9s tener la capacidad de que salgan en el partido no es f\u00e1cil. Siento que eso hoy fluye. Soy \u00fatil para el equipo y eso es lo que uno m\u00e1s quiere. No me pongo techo. No digo que esto es lo m\u00e1ximo que tengo. No me conformo, s\u00e9 que tengo m\u00e1s para crecer y para dar. Esto no para. Si uno se relaja no sirve. Sigo buscando una versi\u00f3n m\u00eda m\u00e1s buena de la que se ve ahora.<\/p>\n<\/div>\n<div class=\"sc-80531b6b-0 chRIGJ container-text text-embed\" readability=\"34\">\n<p><strong>-Muchos te piden para la Selecci\u00f3n y el pr\u00f3ximo Mundial es dentro de un a\u00f1o y medio, \u00bfc\u00f3mo lo ves?<\/strong><\/p>\n<\/div>\n<div class=\"sc-80531b6b-0 chRIGJ container-text text-embed\" readability=\"35\">\n<p>-Es mi deseo. Fui parte de las Selecciones juveniles durante mucho tiempo. S\u00e9 lo que lindo que es. Es el deseo que tengo, trabajar para que se d\u00e9. Me digo a m\u00ed mismo que mientras haya un m\u00ednimo de chances yo har\u00e9 todo de mi lado para que suceda.<\/p>\n<\/div>\n<div class=\"sc-80531b6b-0 chRIGJ container-text text-embed\" readability=\"32\">\n<p>&#8211;<strong>\u00bfTe anim\u00e1s a pelearle el puesto al Dibu?<\/strong><\/p>\n<\/div>\n<div class=\"sc-80531b6b-0 chRIGJ container-text text-embed\" readability=\"35\">\n<p>-Uno lo toma como ejemplo. Yo miro todos los partidos del Aston Villa por \u00e9l, quiero ver lo que hace y c\u00f3mo lo hace. Uno aprende mucho de jugadores como \u00e9l. Nada m\u00e1s lindo ser\u00eda de poder estar en un plantel o en una pr\u00e1ctica con un arquero de esa talla.<\/p>\n<\/div>\n<p><h2><strong>Rey, de su disfluencia en el habla a convertirse en un ejemplo de superaci\u00f3n para los m\u00e1s chicos<\/strong><\/h2>\n<\/p>\n<div class=\"sc-80531b6b-0 chRIGJ container-text text-embed\" readability=\"36\">\n<p>Alguna vez Rodrigo Rey describi\u00f3 su condici\u00f3n en el habla de un modo muy gr\u00e1fico: \u201cMi cabeza piensa m\u00e1s r\u00e1pido de lo que va mi boca y me trabo\u201d. El arquero de Independiente tiene disfluencia en el habla desde ni\u00f1o. Por eso, al mantener una charla puede notarse que repite algunas s\u00edlabas o tarda algunos segundos para soltar una palabra que parece enredarse en su lengua hasta que sale disparada. Siempre tom\u00f3 con mucha naturalidad algo que bien podr\u00eda ser un trauma. Cuenta c\u00f3mo sobrellev\u00f3 esta cuesti\u00f3n en su infancia y c\u00f3mo sin quererlo se convirti\u00f3 en una ayuda para otros chicos que atraviesan lo mismo.<\/p>\n<\/div>\n<div class=\"sc-80531b6b-0 chRIGJ container-text text-embed\" readability=\"33\">\n<p><strong>-Hablaste de chicos que sufren discriminaci\u00f3n, \u00bfla sufriste alguna vez?<\/strong><\/p>\n<\/div>\n<div class=\"sc-80531b6b-0 chRIGJ container-text text-embed\" readability=\"37\">\n<p>-No. Pienso y digo que yo no lo padec\u00ed. Me considero con suerte y me pregunto porqu\u00e9. Llego a la conclusi\u00f3n que tuve la suerte de tener un c\u00edrculo de amigos y compa\u00f1eros que nunca me hicieron sentir menos que nadie y que ni siquiera ten\u00eda una disfluencia. Nunca me hicieron sentir que yo no ten\u00eda que hablar. En el colegio yo pasaba a dar clases orales como todos. Recuerdo esas clases y la maestra siempre me hizo pasar como si nada y mis compa\u00f1eros de aula con la paciencia para que yo lo hiciera a mi tiempo. Imaginate yo con 12 a\u00f1os, con la gota de transpiraci\u00f3n en la frente, ja. Lo mismo me pas\u00f3 cuando estuve en la pensi\u00f3n de River. Yo nunca me limit\u00e9 a no dar una nota o a no hablar en el vestuario. En todos los clubes siempre soy el que da la arenga antes de salir a la cancha. Muchos chicos me contactan por sus temas de disfluencia o tartamudez.<\/p>\n<\/div>\n<div class=\"sc-80531b6b-0 chRIGJ container-text text-embed\" readability=\"32\">\n<p><strong>-\u00bfContest\u00e1s esos mensajes que te llegan?<\/strong><\/p>\n<\/div>\n<div class=\"sc-80531b6b-0 chRIGJ container-text text-embed\" readability=\"38\">\n<p>-Tengo mis redes cerradas, pero la gente le escribe a mi mujer o a mi hermana y ellas son mis filtros. Yo contesto a trav\u00e9s de ellas. Hay muchas situaciones en las que me contacto yo directo. Si uno puede mejorarle la vida a alguien con un consejo, bienvenido sea. Me pas\u00f3 de viajar con el equipo y que venga el padre de un nene a pedir una foto y me cuente que el hijo escuch\u00f3 mi experiencia y se anim\u00f3 a hablar m\u00e1s. Yo no busco eso, pero sucede y est\u00e1 buen\u00edsimo.<\/p>\n<\/div>\n<div class=\"sc-80531b6b-0 chRIGJ container-text text-embed\" readability=\"32\">\n<p><strong>-\u00bfAdentro de la cancha cuando ten\u00e9s que gritarles a tus compa\u00f1eros no te pasa eso?<\/strong><\/p>\n<\/div>\n<div class=\"sc-80531b6b-0 chRIGJ container-text text-embed\" readability=\"35\">\n<p>-No, ja. En la cancha no me pasa, sale&#8230; No s\u00e9 si ser\u00e1 porque tengo que hablar en un tono de voz m\u00e1s elevado.<\/p>\n<\/div>\n<div class=\"sc-80531b6b-0 chRIGJ container-text text-embed\" readability=\"33\">\n<p><strong>-El arquero tiene que transmitir seguridad al resto y muchos dicen que hasta tiene que portar cierto grado de inconsciencia y que no tiene que tener miedo a nada. \u00bfRodrigo Rey tiene miedos?<\/strong><\/p>\n<\/div>\n<div class=\"sc-80531b6b-0 chRIGJ container-text text-embed\" readability=\"40\">\n<p>-Obvio que s\u00ed. No hay una persona en el mundo que no tenga miedo. Hay que normalizar el miedo. La persona valiente es la que afronta su miedo y lo supera, no la que excluye o no se mete en el medio de sus miedos. Yo tengo miedos y hay veces que tengo miedo de perder un partido, pero vamos. Tengo miedo, \u00a1vamos al medio! Lo aprend\u00ed con el tiempo, con las experiencias y con terapia. Hay que naturalizar el miedo porque nos toca a todos. Ganarle al miedo es la batalla interna que te hace tener seguridad y confianza en vos mismo. Y eso se transmite hacia el afuera. Si hay alguien que dice que no tiene miedo, miente.<\/p>\n<\/div>\n","protected":false},"excerpt":{"rendered":"<p>Rodrigo Rey no quer\u00eda ser arquero. Un sorteo lo oblig\u00f3 a pararse debajo de los tres palos por primera vez a los 7 a\u00f1os en el club Argentino de Las Parejas, en su Santa Fe natal. Y desde ese instante qued\u00f3 entrelazado al arco para toda la vida. \u201cTodos quer\u00edamos ser volantes o delanteros. Met\u00edamos [&hellip;]<\/p>\n","protected":false},"author":1,"featured_media":140582,"comment_status":"closed","ping_status":"closed","sticky":false,"template":"","format":"standard","meta":[],"categories":[20],"tags":[],"_links":{"self":[{"href":"http:\/\/cordobainforma.info\/index.php\/wp-json\/wp\/v2\/posts\/140581"}],"collection":[{"href":"http:\/\/cordobainforma.info\/index.php\/wp-json\/wp\/v2\/posts"}],"about":[{"href":"http:\/\/cordobainforma.info\/index.php\/wp-json\/wp\/v2\/types\/post"}],"author":[{"embeddable":true,"href":"http:\/\/cordobainforma.info\/index.php\/wp-json\/wp\/v2\/users\/1"}],"replies":[{"embeddable":true,"href":"http:\/\/cordobainforma.info\/index.php\/wp-json\/wp\/v2\/comments?post=140581"}],"version-history":[{"count":0,"href":"http:\/\/cordobainforma.info\/index.php\/wp-json\/wp\/v2\/posts\/140581\/revisions"}],"wp:featuredmedia":[{"embeddable":true,"href":"http:\/\/cordobainforma.info\/index.php\/wp-json\/wp\/v2\/media\/140582"}],"wp:attachment":[{"href":"http:\/\/cordobainforma.info\/index.php\/wp-json\/wp\/v2\/media?parent=140581"}],"wp:term":[{"taxonomy":"category","embeddable":true,"href":"http:\/\/cordobainforma.info\/index.php\/wp-json\/wp\/v2\/categories?post=140581"},{"taxonomy":"post_tag","embeddable":true,"href":"http:\/\/cordobainforma.info\/index.php\/wp-json\/wp\/v2\/tags?post=140581"}],"curies":[{"name":"wp","href":"https:\/\/api.w.org\/{rel}","templated":true}]}}