{"id":14055,"date":"2021-06-02T14:10:00","date_gmt":"2021-06-02T14:10:00","guid":{"rendered":"https:\/\/elobjetivo.com.ar\/contenido\/34813\/el-cuti-romero-ex-belgrano-sera-titular-en-la-seleccion-contra-chile"},"modified":"2021-06-02T14:10:00","modified_gmt":"2021-06-02T14:10:00","slug":"el-cuti-romero-ex-belgrano-sera-titular-en-la-seleccion-contra-chile","status":"publish","type":"post","link":"http:\/\/cordobainforma.info\/index.php\/2021\/06\/02\/el-cuti-romero-ex-belgrano-sera-titular-en-la-seleccion-contra-chile\/","title":{"rendered":"El \u00abCuti\u00bb Romero, ex Belgrano, ser\u00e1 titular en la Selecci\u00f3n contra Chile"},"content":{"rendered":"<p><img src=\"http:\/\/cordobainforma.info\/wp-content\/uploads\/2021\/06\/el-cuti-romero-ex-belgrano-sera-titular-en-la-seleccion-contra-chile.jpg\"><\/p>\n<div readability=\"34\"> <img alt=\"Cuti Romero\" class=\"img-responsive\" height=\"633\" loading=\"lazy\" sizes=\"auto\" src=\"http:\/\/cordobainforma.info\/wp-content\/uploads\/2021\/06\/el-cuti-romero-ex-belgrano-sera-titular-en-la-seleccion-contra-chile.jpg\" srcset=\"http:\/\/cordobainforma.info\/wp-content\/uploads\/2021\/06\/el-cuti-romero-ex-belgrano-sera-titular-en-la-seleccion-contra-chile.jpg 950w, http:\/\/cordobainforma.info\/wp-content\/uploads\/2021\/06\/el-cuti-romero-ex-belgrano-sera-titular-en-la-seleccion-contra-chile-2.jpg 400w\" width=\"950\"> <\/p>\n<p> <span>El \u00abCuti\u00bb Romero, ex Belgrano, ser\u00e1 titular en la Selecci\u00f3n contra Chile<\/span> <span>Foto: @Belgrano<\/span> <\/p>\n<\/p><\/div>\n<div readability=\"63.977793199167\">\n<p>El entrenador de la Selecci\u00f3n argentina, Lionel Scaloni, confirm\u00f3 el equipo que saldr\u00e1 a la cancha el jueves para enfrentar a Chile a las 21, en Santiago del Estero, por la s\u00e9ptima fecha de las Eliminatorias rumbo al Mundial de Catar 2022.<\/p>\n<p>El entrenador santafesino realiz\u00f3 un entrenamiento t\u00e1ctico, a 48 horas del duelo, con la mente puesta en lo que se viene, la doble fecha de Eliminatorias se completar\u00e1 el pr\u00f3ximo martes 8 de junio, en Barranquilla, frente a Colombia.&nbsp;<\/p>\n<p><img alt=\"Selecci\u00f3n argentina\" class=\"img-responsive\" data-alto-grande=\"1365\" data-ancho-grande=\"2048\" height=\"1365\" loading=\"lazy\" sizes=\"auto\" src=\"http:\/\/cordobainforma.info\/wp-content\/uploads\/2021\/06\/el-cuti-romero-ex-belgrano-sera-titular-en-la-seleccion-contra-chile-1.jpg\" srcset=\"http:\/\/cordobainforma.info\/wp-content\/uploads\/2021\/06\/el-cuti-romero-ex-belgrano-sera-titular-en-la-seleccion-contra-chile-1.jpg 1000w, http:\/\/cordobainforma.info\/wp-content\/uploads\/2021\/06\/el-cuti-romero-ex-belgrano-sera-titular-en-la-seleccion-contra-chile-3.jpg 400w, http:\/\/cordobainforma.info\/wp-content\/uploads\/2021\/06\/el-cuti-romero-ex-belgrano-sera-titular-en-la-seleccion-contra-chile-4.jpg 2048w\" width=\"2048\"><\/p>\n<p>Una de las sorpresas fue el ingreso de titular del ex Belgrano \u00abCuti\u00bb Romero, en su primera citaci\u00f3n a la Selecci\u00f3n, al respecto el DT argentino dijo: \u00abNos decidimos por lo que vemos en los entrenamientos. En el caso de Cristian Romero, ha hecho una temporada muy buena. Es el momento de que juegue y demuestre. L\u00f3gicamente es su primer partido, pero tiene toda nuestra confianza\u00bb.<\/p>\n<p>Este ser\u00e1 el equipo que recibir\u00e1 a Chile el jueves a las 21:00: Emiliano Mart\u00ednez; Juan Foyth, Cristi\u00e1n Romero, Lucas Mart\u00ednez Quarta, Nicol\u00e1s Tagliafico; Rodrigo De Paul, Leandro Paredes, Lucas Ocampos; Lionel Messi, Lautaro Mart\u00ednez, y Di Mar\u00eda.<\/p>\n<\/p><\/div>\n","protected":false},"excerpt":{"rendered":"<p>El \u00abCuti\u00bb Romero, ex Belgrano, ser\u00e1 titular en la Selecci\u00f3n contra Chile Foto: @Belgrano El entrenador de la Selecci\u00f3n argentina, Lionel Scaloni, confirm\u00f3 el equipo que saldr\u00e1 a la cancha el jueves para enfrentar a Chile a las 21, en Santiago del Estero, por la s\u00e9ptima fecha de las Eliminatorias rumbo al Mundial de Catar [&hellip;]<\/p>\n","protected":false},"author":1,"featured_media":14056,"comment_status":"open","ping_status":"closed","sticky":false,"template":"","format":"standard","meta":[],"categories":[20],"tags":[],"_links":{"self":[{"href":"http:\/\/cordobainforma.info\/index.php\/wp-json\/wp\/v2\/posts\/14055"}],"collection":[{"href":"http:\/\/cordobainforma.info\/index.php\/wp-json\/wp\/v2\/posts"}],"about":[{"href":"http:\/\/cordobainforma.info\/index.php\/wp-json\/wp\/v2\/types\/post"}],"author":[{"embeddable":true,"href":"http:\/\/cordobainforma.info\/index.php\/wp-json\/wp\/v2\/users\/1"}],"replies":[{"embeddable":true,"href":"http:\/\/cordobainforma.info\/index.php\/wp-json\/wp\/v2\/comments?post=14055"}],"version-history":[{"count":0,"href":"http:\/\/cordobainforma.info\/index.php\/wp-json\/wp\/v2\/posts\/14055\/revisions"}],"wp:featuredmedia":[{"embeddable":true,"href":"http:\/\/cordobainforma.info\/index.php\/wp-json\/wp\/v2\/media\/14056"}],"wp:attachment":[{"href":"http:\/\/cordobainforma.info\/index.php\/wp-json\/wp\/v2\/media?parent=14055"}],"wp:term":[{"taxonomy":"category","embeddable":true,"href":"http:\/\/cordobainforma.info\/index.php\/wp-json\/wp\/v2\/categories?post=14055"},{"taxonomy":"post_tag","embeddable":true,"href":"http:\/\/cordobainforma.info\/index.php\/wp-json\/wp\/v2\/tags?post=14055"}],"curies":[{"name":"wp","href":"https:\/\/api.w.org\/{rel}","templated":true}]}}