{"id":140536,"date":"2025-01-20T13:52:11","date_gmt":"2025-01-20T13:52:11","guid":{"rendered":"http:\/\/cordobainforma.info\/index.php\/2025\/01\/20\/putin-comenta-el-deseo-de-trump-para-entablar-conversaciones-con-rusia-sobre-ucrania\/"},"modified":"2025-01-20T13:52:11","modified_gmt":"2025-01-20T13:52:11","slug":"putin-comenta-el-deseo-de-trump-para-entablar-conversaciones-con-rusia-sobre-ucrania","status":"publish","type":"post","link":"http:\/\/cordobainforma.info\/index.php\/2025\/01\/20\/putin-comenta-el-deseo-de-trump-para-entablar-conversaciones-con-rusia-sobre-ucrania\/","title":{"rendered":"Putin comenta el deseo de Trump para entablar conversaciones con Rusia sobre Ucrania"},"content":{"rendered":"<p><img src=\"http:\/\/cordobainforma.info\/wp-content\/uploads\/2025\/01\/putin-comenta-el-deseo-de-trump-para-entablar-conversaciones-con-rusia-sobre-ucrania.jpg\"><\/p>\n<div><img src=\"http:\/\/cordobainforma.info\/wp-content\/uploads\/2025\/01\/putin-comenta-el-deseo-de-trump-para-entablar-conversaciones-con-rusia-sobre-ucrania-2.jpg\" class=\"ff-og-image-inserted\"><\/div>\n<div readability=\"32\">\n<p><span>Publicado:<\/span><time class=\"Timestamp-root Timestamp-isBlackColor \" datetime=\"2025-01-20T13:52:11+00:00\"> 20 ene 2025 13:52 GMT <\/time><\/p>\n<\/div>\n<div readability=\"35\">\n<p> En Mosc\u00fa est\u00e1n abiertos para un di\u00e1logo con EE.UU., pero hay que alcanzar una paz duradera en vez de un breve armisticio, asegur\u00f3 el mandatario ruso. <\/p>\n<\/div>\n<div readability=\"52\">\n<p>El presidente de Rusia, Vlad\u00edmir Putin, declar\u00f3 este lunes que Mosc\u00fa est\u00e1 \u00ababierta al di\u00e1logo con la nueva administraci\u00f3n de EE.UU. sobre el conflicto ucraniano\u00bb.<\/p>\n<p>De acuerdo con el mandatario ruso, \u00ablo m\u00e1s importante aqu\u00ed es eliminar las causas fundamentales de la crisis\u00bb.<\/p>\n<p>\u00abEn cuanto a la propia soluci\u00f3n de la situaci\u00f3n, quiero subrayar una vez m\u00e1s que su objetivo no debe ser una breve tregua, una especie de descanso para el reagrupamiento de las fuerzas y el rearme para la posterior continuaci\u00f3n del conflicto, sino una paz a largo plazo basada en el respeto de los intereses leg\u00edtimos de todas las personas, de todos los pueblos que viven en la regi\u00f3n\u00bb, precis\u00f3 Putin.<\/p>\n<p><strong><em>M\u00e1s informaci\u00f3n, en breve.<\/em><\/strong><\/p>\n<\/div>\n","protected":false},"excerpt":{"rendered":"<p>Publicado: 20 ene 2025 13:52 GMT En Mosc\u00fa est\u00e1n abiertos para un di\u00e1logo con EE.UU., pero hay que alcanzar una paz duradera en vez de un breve armisticio, asegur\u00f3 el mandatario ruso. El presidente de Rusia, Vlad\u00edmir Putin, declar\u00f3 este lunes que Mosc\u00fa est\u00e1 \u00ababierta al di\u00e1logo con la nueva administraci\u00f3n de EE.UU. sobre el [&hellip;]<\/p>\n","protected":false},"author":1,"featured_media":140537,"comment_status":"closed","ping_status":"closed","sticky":false,"template":"","format":"standard","meta":[],"categories":[22],"tags":[],"_links":{"self":[{"href":"http:\/\/cordobainforma.info\/index.php\/wp-json\/wp\/v2\/posts\/140536"}],"collection":[{"href":"http:\/\/cordobainforma.info\/index.php\/wp-json\/wp\/v2\/posts"}],"about":[{"href":"http:\/\/cordobainforma.info\/index.php\/wp-json\/wp\/v2\/types\/post"}],"author":[{"embeddable":true,"href":"http:\/\/cordobainforma.info\/index.php\/wp-json\/wp\/v2\/users\/1"}],"replies":[{"embeddable":true,"href":"http:\/\/cordobainforma.info\/index.php\/wp-json\/wp\/v2\/comments?post=140536"}],"version-history":[{"count":0,"href":"http:\/\/cordobainforma.info\/index.php\/wp-json\/wp\/v2\/posts\/140536\/revisions"}],"wp:featuredmedia":[{"embeddable":true,"href":"http:\/\/cordobainforma.info\/index.php\/wp-json\/wp\/v2\/media\/140537"}],"wp:attachment":[{"href":"http:\/\/cordobainforma.info\/index.php\/wp-json\/wp\/v2\/media?parent=140536"}],"wp:term":[{"taxonomy":"category","embeddable":true,"href":"http:\/\/cordobainforma.info\/index.php\/wp-json\/wp\/v2\/categories?post=140536"},{"taxonomy":"post_tag","embeddable":true,"href":"http:\/\/cordobainforma.info\/index.php\/wp-json\/wp\/v2\/tags?post=140536"}],"curies":[{"name":"wp","href":"https:\/\/api.w.org\/{rel}","templated":true}]}}