{"id":140530,"date":"2025-01-20T13:02:02","date_gmt":"2025-01-20T13:02:02","guid":{"rendered":"https:\/\/www.mujerhoy.com\/vivir\/decoracion\/zara-home-muebles-accesorios-mas-bonitos-nueva-coleccion-20250120113458-nt.html"},"modified":"2025-01-20T13:02:02","modified_gmt":"2025-01-20T13:02:02","slug":"zara-home-tiene-los-muebles-y-accesorios-de-nueva-coleccion-que-te-haran-olvidar-las-rebajas","status":"publish","type":"post","link":"http:\/\/cordobainforma.info\/index.php\/2025\/01\/20\/zara-home-tiene-los-muebles-y-accesorios-de-nueva-coleccion-que-te-haran-olvidar-las-rebajas\/","title":{"rendered":"Zara Home tiene los muebles y accesorios de nueva colecci\u00f3n que te har\u00e1n olvidar las rebajas"},"content":{"rendered":"<p><!-- AUTHOR --> <\/p>\n<div class=\"voc-author-timesocial \"> <!-- AUTHOR --> <\/p>\n<div class=\"voc-author-timesocial__signature \">\n<div class=\"voc-author-timesocial__img-c\"> <!-- IMAGE AUTHOR --> <picture class=\"voc-image-signature\"> <img class=\"voc-image-signature__img\" src=\"http:\/\/cordobainforma.info\/wp-content\/uploads\/2025\/01\/zara-home-tiene-los-muebles-y-accesorios-de-nueva-coleccion-que-te-haran-olvidar-las-rebajas.jpg\" alt=\"Ana Calvo\"> <\/picture> <\/div>\n<p> <!-- INFO AUTHOR --> <\/p>\n<div class=\"voc-author-timesocial__info\" data-mrf-recirculation=\"Autor\">\n<div class=\"voc-author-info\"> <author> <a class=\"voc-author\" href=\"https:\/\/www.mujerhoy.com\/autor\/ana-calvo-1186.html\" data-mrf-link=\"https:\/\/www.mujerhoy.com\/autor\/ana-calvo-1186.html\">Ana Calvo<\/a> <\/author> <time datetime=\"2025-01-20T13:02:02Z\" data-timestamp>Publicado \u00b7 <span data-voc-date-modified-short>20 de enero de 2025, 14:02 h<\/span><\/time> <\/div><\/div><\/div><\/div>\n<p> <!-- COMPONENTS --> <\/p>\n<p class=\"voc-paragraph\" data-mrf-recirculation=\"Link art\u00edculo\">Las rebajas est\u00e1n en su mejor momento, con la segunda vuelta de descuentos ofreciendo los mejores chollos a precios irresistibles. Sin embargo, no lo podemos evitar y cuanto mayores ofertas hay, m\u00e1s nos tienta recorrer el rinc\u00f3n &#8216;ordenado&#8217; de <strong>la nueva colecci\u00f3n<\/strong>. Y <a data-voc-vtm-id=\"in-text-traffic\" href=\"https:\/\/www.mujerhoy.com\/vivir\/decoracion\/chollos-rebajas-zara-home-muebles-bonitos-baratos-tendencias-decoracion-2025-20250116082449-nt.html\" title=\"www.mujerhoy.com\" data-mrf-link=\"https:\/\/www.mujerhoy.com\/vivir\/decoracion\/chollos-rebajas-zara-home-muebles-bonitos-baratos-tendencias-decoracion-2025-20250116082449-nt.html\">en Zara Home<\/a> hemos encontrado verdaderos caprichos. <\/p>\n<p class=\"voc-paragraph\" data-mrf-recirculation=\"Link art\u00edculo\">En un a\u00f1o en el que <a data-voc-vtm-id=\"in-text-traffic\" href=\"https:\/\/www.mujerhoy.com\/vivir\/decoracion\/tendencias-decoracion-2025-casa-preciosa-parezca-mas-grande-20241227092539-nt.html\" title=\"www.mujerhoy.com\" data-mrf-link=\"https:\/\/www.mujerhoy.com\/vivir\/decoracion\/tendencias-decoracion-2025-casa-preciosa-parezca-mas-grande-20241227092539-nt.html\">las tendencias deco<\/a> apuestan por una vuelta al maximalismo y los juegos de color en el hogar, lo cierto es que la divisi\u00f3n deco de Inditex permanece <a data-voc-vtm-id=\"in-text-traffic\" href=\"https:\/\/www.mujerhoy.com\/vivir\/decoracion\/tendencias-decoracion-2025-colores-estilos-no-se-llevan-casa-20250109072505-nt.html\" title=\"www.mujerhoy.com\" data-mrf-link=\"https:\/\/www.mujerhoy.com\/vivir\/decoracion\/tendencias-decoracion-2025-colores-estilos-no-se-llevan-casa-20250109072505-nt.html\">fiel a su est\u00e9tica depurada<\/a> con predominio de la madera, los tonos tierra y los materiales de estilo rustic-chic.\n<\/p>\n<p class=\"voc-paragraph\" data-mrf-recirculation=\"Link art\u00edculo\">Por eso, recorrer <strong>la nueva colecci\u00f3n de muebles y accesorios de Zara Home<\/strong> es buscar y encontrar piezas atemporales que ofrecen una exquisita relaci\u00f3n calidad precio y que guardan esa est\u00e9tica atemporal que ha convertido a Zara Home en un referente de tendencias deco y en una buena inversi\u00f3n si queremos renovar los b\u00e1sicos de nuestra casa. Estos son nuestos favoritos.\n<\/p>\n<div class=\"voc-detail-photo-zoom\"> <picture data-toggle=\"modal\" data-target=\"#photoZoomModal-942\" target=\"modal\">\n<div class=\"voc-img-icon-link\"> <img loading=\"lazy\" src=\"http:\/\/cordobainforma.info\/wp-content\/uploads\/2025\/01\/zara-home-tiene-los-muebles-y-accesorios-de-nueva-coleccion-que-te-haran-olvidar-las-rebajas-1.jpg\" width=\"650\" height=\"900\" alt=\"Aparador de madera de acacia de Zara Home, 599 euros.\"> <noscript> <img src=\"http:\/\/cordobainforma.info\/wp-content\/uploads\/2025\/01\/zara-home-tiene-los-muebles-y-accesorios-de-nueva-coleccion-que-te-haran-olvidar-las-rebajas-1.jpg\" alt=\"Aparador de madera de acacia de Zara Home, 599 euros.\"> <\/noscript> <i class=\"voc-icons zoom voc-multimedia-box voc-ico-l\"><\/i> <\/div><figcaption class=\"figure-caption\">Aparador de madera de acacia de Zara Home, 599 euros.<\/figcaption><\/picture>\n<\/div>\n<div id=\"photoZoomModal-942\" class=\"voc-lightbox modal fade voc-lightbox--photo-zoom\" role=\"dialog\" data-voc-photozoom-lightbox>\n<div class=\"voc-lightbox__dialog\" role=\"document\">\n<div class=\"voc-lightbox__content\"> <!-- Modal header --> <!-- Modal content --> <\/p>\n<div class=\"voc-lightbox__photo-container\"> <picture class> <img loading=\"lazy\" src=\"http:\/\/cordobainforma.info\/wp-content\/uploads\/2025\/01\/zara-home-tiene-los-muebles-y-accesorios-de-nueva-coleccion-que-te-haran-olvidar-las-rebajas-1.jpg\" alt=\"Aparador de madera de acacia de Zara Home, 599 euros.\"> <noscript> <img src=\"http:\/\/cordobainforma.info\/wp-content\/uploads\/2025\/01\/zara-home-tiene-los-muebles-y-accesorios-de-nueva-coleccion-que-te-haran-olvidar-las-rebajas-1.jpg\" alt=\"Aparador de madera de acacia de Zara Home, 599 euros.\"> <\/noscript> <\/picture> <\/div><\/div><\/div>\n<\/div>\n<p><h3 class=\"voc-detail__title\"> El aparador m\u00e1s vers\u00e1til<br \/>\n<\/h3>\n<\/p>\n<p class=\"voc-paragraph\" data-mrf-recirculation=\"Link art\u00edculo\">Perfecto para colocar la vajilla en el sal\u00f3n y usarlo como platero, pero tambi\u00e9n ideal para ordenar los jers\u00e9is y la ropa &#8216;de doblar&#8217; en el dormitorio o en el vestidor, como alacena en la cocina o, incluso, como armario de ba\u00f1o, este <strong>aparador de madera de acacia con puertas de vidrio<\/strong> viselado es, sin duda, nuestra compra favorita de la nueva colecci\u00f3n de Zara Home. Precio: 599 euros.\n<\/p>\n<div class=\"voc-detail-photo-zoom\"> <picture data-toggle=\"modal\" data-target=\"#photoZoomModal-686\" target=\"modal\">\n<div class=\"voc-img-icon-link\"> <img loading=\"lazy\" src=\"http:\/\/cordobainforma.info\/wp-content\/uploads\/2025\/01\/zara-home-tiene-los-muebles-y-accesorios-de-nueva-coleccion-que-te-haran-olvidar-las-rebajas-2.jpg\" width=\"650\" height=\"900\" alt=\"Mesa auxiliar geom\u00e9trica de Zara Home (99.99 euros).\"> <noscript> <img src=\"http:\/\/cordobainforma.info\/wp-content\/uploads\/2025\/01\/zara-home-tiene-los-muebles-y-accesorios-de-nueva-coleccion-que-te-haran-olvidar-las-rebajas-2.jpg\" alt=\"Mesa auxiliar geom\u00e9trica de Zara Home (99.99 euros).\"> <\/noscript> <i class=\"voc-icons zoom voc-multimedia-box voc-ico-l\"><\/i> <\/div><figcaption class=\"figure-caption\">Mesa auxiliar geom\u00e9trica de Zara Home (99.99 euros).<\/figcaption><\/picture>\n<\/div>\n<div id=\"photoZoomModal-686\" class=\"voc-lightbox modal fade voc-lightbox--photo-zoom\" role=\"dialog\" data-voc-photozoom-lightbox>\n<div class=\"voc-lightbox__dialog\" role=\"document\">\n<div class=\"voc-lightbox__content\"> <!-- Modal header --> <!-- Modal content --> <\/p>\n<div class=\"voc-lightbox__photo-container\"> <picture class> <img loading=\"lazy\" src=\"http:\/\/cordobainforma.info\/wp-content\/uploads\/2025\/01\/zara-home-tiene-los-muebles-y-accesorios-de-nueva-coleccion-que-te-haran-olvidar-las-rebajas-2.jpg\" alt=\"Mesa auxiliar geom\u00e9trica de Zara Home (99.99 euros).\"> <noscript> <img src=\"http:\/\/cordobainforma.info\/wp-content\/uploads\/2025\/01\/zara-home-tiene-los-muebles-y-accesorios-de-nueva-coleccion-que-te-haran-olvidar-las-rebajas-2.jpg\" alt=\"Mesa auxiliar geom\u00e9trica de Zara Home (99.99 euros).\"> <\/noscript> <\/picture> <\/div><\/div><\/div>\n<\/div>\n<p><h3 class=\"voc-detail__title\"> La mesa auxiliar m\u00e1s orginal<br \/>\n<\/h3>\n<\/p>\n<p class=\"voc-paragraph\" data-mrf-recirculation=\"Link art\u00edculo\">Al igual que el aparador anterior, esta original mesa auxiliar de silueta geom\u00e9trica e inspiraci\u00f3n arty es muy vers\u00e1til y quedar\u00e1 perfecta en un rinc\u00f3n de tu sal\u00f3n, pero tambi\u00e9n como mesilla de noche en el dormitorio. Est\u00e1 hecha en madera de mango 100% y cuesta 99.99 euros en Zara Home.\n<\/p>\n<div class=\"voc-detail-photo-zoom\"> <picture data-toggle=\"modal\" data-target=\"#photoZoomModal-827\" target=\"modal\">\n<div class=\"voc-img-icon-link\"> <img loading=\"lazy\" src=\"http:\/\/cordobainforma.info\/wp-content\/uploads\/2025\/01\/zara-home-tiene-los-muebles-y-accesorios-de-nueva-coleccion-que-te-haran-olvidar-las-rebajas-3.jpg\" width=\"650\" height=\"900\" alt=\"Butaca de bucl\u00e9 de Zara Home (359 euros).\"> <noscript> <img src=\"http:\/\/cordobainforma.info\/wp-content\/uploads\/2025\/01\/zara-home-tiene-los-muebles-y-accesorios-de-nueva-coleccion-que-te-haran-olvidar-las-rebajas-3.jpg\" alt=\"Butaca de bucl\u00e9 de Zara Home (359 euros).\"> <\/noscript> <i class=\"voc-icons zoom voc-multimedia-box voc-ico-l\"><\/i> <\/div><figcaption class=\"figure-caption\">Butaca de bucl\u00e9 de Zara Home (359 euros).<\/figcaption><\/picture>\n<\/div>\n<div id=\"photoZoomModal-827\" class=\"voc-lightbox modal fade voc-lightbox--photo-zoom\" role=\"dialog\" data-voc-photozoom-lightbox>\n<div class=\"voc-lightbox__dialog\" role=\"document\">\n<div class=\"voc-lightbox__content\"> <!-- Modal header --> <!-- Modal content --> <\/p>\n<div class=\"voc-lightbox__photo-container\"> <picture class> <img loading=\"lazy\" src=\"http:\/\/cordobainforma.info\/wp-content\/uploads\/2025\/01\/zara-home-tiene-los-muebles-y-accesorios-de-nueva-coleccion-que-te-haran-olvidar-las-rebajas-3.jpg\" alt=\"Butaca de bucl\u00e9 de Zara Home (359 euros).\"> <noscript> <img src=\"http:\/\/cordobainforma.info\/wp-content\/uploads\/2025\/01\/zara-home-tiene-los-muebles-y-accesorios-de-nueva-coleccion-que-te-haran-olvidar-las-rebajas-3.jpg\" alt=\"Butaca de bucl\u00e9 de Zara Home (359 euros).\"> <\/noscript> <\/picture> <\/div><\/div><\/div>\n<\/div>\n<p><h3 class=\"voc-detail__title\"> La butaca m\u00e1s c\u00f3moda<br \/>\n<\/h3>\n<\/p>\n<p class=\"voc-paragraph\" data-mrf-recirculation=\"Link art\u00edculo\">Aunque las tendencias de 2025 han dictado que ya no se llevan los sillones de boucl\u00e9, esta <strong>butaca de la nueva colecci\u00f3n<\/strong> de Zara Home (359 euros) podr\u00eda ser la excepci\u00f3n que confirme la regla: es c\u00f3moda, es elegante, es atemporal y, adem\u00e1s, llega en Mocha Mousse, el color Pantone del a\u00f1o. Irrestisble.\n<\/p>\n<div class=\"voc-detail-photo-zoom\"> <picture data-toggle=\"modal\" data-target=\"#photoZoomModal-264\" target=\"modal\">\n<div class=\"voc-img-icon-link\"> <img loading=\"lazy\" src=\"http:\/\/cordobainforma.info\/wp-content\/uploads\/2025\/01\/zara-home-tiene-los-muebles-y-accesorios-de-nueva-coleccion-que-te-haran-olvidar-las-rebajas-4.jpg\" width=\"650\" height=\"900\"> <noscript> <img src=\"http:\/\/cordobainforma.info\/wp-content\/uploads\/2025\/01\/zara-home-tiene-los-muebles-y-accesorios-de-nueva-coleccion-que-te-haran-olvidar-las-rebajas-4.jpg\"> <\/noscript> <i class=\"voc-icons zoom voc-multimedia-box voc-ico-l\"><\/i> <\/div><figcaption class=\"figure-caption\"><\/figcaption><\/picture>\n<\/div>\n<div id=\"photoZoomModal-264\" class=\"voc-lightbox modal fade voc-lightbox--photo-zoom\" role=\"dialog\" data-voc-photozoom-lightbox>\n<div class=\"voc-lightbox__dialog\" role=\"document\">\n<div class=\"voc-lightbox__content\"> <!-- Modal header --> <!-- Modal content --> <\/p>\n<div class=\"voc-lightbox__photo-container\"> <picture class> <img loading=\"lazy\" src=\"http:\/\/cordobainforma.info\/wp-content\/uploads\/2025\/01\/zara-home-tiene-los-muebles-y-accesorios-de-nueva-coleccion-que-te-haran-olvidar-las-rebajas-4.jpg\"> <noscript> <img src=\"http:\/\/cordobainforma.info\/wp-content\/uploads\/2025\/01\/zara-home-tiene-los-muebles-y-accesorios-de-nueva-coleccion-que-te-haran-olvidar-las-rebajas-4.jpg\"> <\/noscript> <\/picture> <\/div><\/div><\/div>\n<\/div>\n<p><h3 class=\"voc-detail__title\"> El espejo con truco<br \/>\n<\/h3>\n<\/p>\n<p class=\"voc-paragraph\" data-mrf-recirculation=\"Link art\u00edculo\">Si hay un truco deco sencillo y que de verdad funciona para conseguir que <a data-voc-vtm-id=\"in-text-traffic\" href=\"https:\/\/www.mujerhoy.com\/vivir\/decoracion\/trucos-decoracion-virales-instagram-como-conseguir-habitaciones-casa-parezcan-mas-grandes-sin-hacer-reforma-pisos-pequenos-20210912130856-nt.html\" title=\"www.mujerhoy.com\" data-mrf-link=\"https:\/\/www.mujerhoy.com\/vivir\/decoracion\/trucos-decoracion-virales-instagram-como-conseguir-habitaciones-casa-parezcan-mas-grandes-sin-hacer-reforma-pisos-pequenos-20210912130856-nt.html\">las habitaciones parezcan m\u00e1s grandes<\/a><br \/>\n, ese es colocar <strong>un espejo en la pared<\/strong>. Y este en rat\u00e1n oscuro con marco irregular de Zara Home nos parece una preciosidad. Cuesta 159 euros.\n<\/p>\n<div class=\"voc-detail-photo-zoom\"> <picture data-toggle=\"modal\" data-target=\"#photoZoomModal-856\" target=\"modal\">\n<div class=\"voc-img-icon-link\"> <img loading=\"lazy\" src=\"http:\/\/cordobainforma.info\/wp-content\/uploads\/2025\/01\/zara-home-tiene-los-muebles-y-accesorios-de-nueva-coleccion-que-te-haran-olvidar-las-rebajas-5.jpg\" width=\"650\" height=\"900\"> <noscript> <img src=\"http:\/\/cordobainforma.info\/wp-content\/uploads\/2025\/01\/zara-home-tiene-los-muebles-y-accesorios-de-nueva-coleccion-que-te-haran-olvidar-las-rebajas-5.jpg\"> <\/noscript> <i class=\"voc-icons zoom voc-multimedia-box voc-ico-l\"><\/i> <\/div><figcaption class=\"figure-caption\"><\/figcaption><\/picture>\n<\/div>\n<div id=\"photoZoomModal-856\" class=\"voc-lightbox modal fade voc-lightbox--photo-zoom\" role=\"dialog\" data-voc-photozoom-lightbox>\n<div class=\"voc-lightbox__dialog\" role=\"document\">\n<div class=\"voc-lightbox__content\"> <!-- Modal header --> <!-- Modal content --> <\/p>\n<div class=\"voc-lightbox__photo-container\"> <picture class> <img loading=\"lazy\" src=\"http:\/\/cordobainforma.info\/wp-content\/uploads\/2025\/01\/zara-home-tiene-los-muebles-y-accesorios-de-nueva-coleccion-que-te-haran-olvidar-las-rebajas-5.jpg\"> <noscript> <img src=\"http:\/\/cordobainforma.info\/wp-content\/uploads\/2025\/01\/zara-home-tiene-los-muebles-y-accesorios-de-nueva-coleccion-que-te-haran-olvidar-las-rebajas-5.jpg\"> <\/noscript> <\/picture> <\/div><\/div><\/div>\n<\/div>\n<p><h3 class=\"voc-detail__title\"> La colcha m\u00e1s gustosa<br \/>\n<\/h3>\n<\/p>\n<p class=\"voc-paragraph\" data-mrf-recirculation=\"Link art\u00edculo\">El plan de &#8216;sof\u00e1, peli y mantita&#8217; en invierno mejora much\u00edsimo si nos trasladamos a la cama y nos cobijamos bajo un edred\u00f3n o una colcha gustosa como <strong>esta de efecto cashmere<\/strong> en color crudo que hemos encontrado en la nueva colecci\u00f3n de Zara Home por 79.99 euros.\n<\/p>\n<div class=\"voc-detail-photo-zoom\"> <picture data-toggle=\"modal\" data-target=\"#photoZoomModal-855\" target=\"modal\">\n<div class=\"voc-img-icon-link\"> <img loading=\"lazy\" src=\"http:\/\/cordobainforma.info\/wp-content\/uploads\/2025\/01\/zara-home-tiene-los-muebles-y-accesorios-de-nueva-coleccion-que-te-haran-olvidar-las-rebajas-6.jpg\" width=\"650\" height=\"900\"> <noscript> <img src=\"http:\/\/cordobainforma.info\/wp-content\/uploads\/2025\/01\/zara-home-tiene-los-muebles-y-accesorios-de-nueva-coleccion-que-te-haran-olvidar-las-rebajas-6.jpg\"> <\/noscript> <i class=\"voc-icons zoom voc-multimedia-box voc-ico-l\"><\/i> <\/div><figcaption class=\"figure-caption\"><\/figcaption><\/picture>\n<\/div>\n<div id=\"photoZoomModal-855\" class=\"voc-lightbox modal fade voc-lightbox--photo-zoom\" role=\"dialog\" data-voc-photozoom-lightbox>\n<div class=\"voc-lightbox__dialog\" role=\"document\">\n<div class=\"voc-lightbox__content\"> <!-- Modal header --> <!-- Modal content --> <\/p>\n<div class=\"voc-lightbox__photo-container\"> <picture class> <img loading=\"lazy\" src=\"http:\/\/cordobainforma.info\/wp-content\/uploads\/2025\/01\/zara-home-tiene-los-muebles-y-accesorios-de-nueva-coleccion-que-te-haran-olvidar-las-rebajas-6.jpg\"> <noscript> <img src=\"http:\/\/cordobainforma.info\/wp-content\/uploads\/2025\/01\/zara-home-tiene-los-muebles-y-accesorios-de-nueva-coleccion-que-te-haran-olvidar-las-rebajas-6.jpg\"> <\/noscript> <\/picture> <\/div><\/div><\/div>\n<\/div>\n<p><h3 class=\"voc-detail__title\"> El capricho m\u00e1s original<br \/>\n<\/h3>\n<\/p>\n<p class=\"voc-paragraph\" data-mrf-recirculation=\"Link art\u00edculo\">Cerramos este repaso a la nueva colecci\u00f3n deco de Zara Home con un accesorio que no necesit\u00e1bamos hasta ahora, pero que se ha convertido en el capricho que queremos: este <strong>dispensador para detergente<\/strong> de estilo vintage hecho en cer\u00e1mica con tap\u00f3n medidor que cuesta 45.99 euros.\n<\/p>\n<p> <!-- TOPICS --> <\/p>\n","protected":false},"excerpt":{"rendered":"<p>Ana Calvo Publicado \u00b7 20 de enero de 2025, 14:02 h Las rebajas est\u00e1n en su mejor momento, con la segunda vuelta de descuentos ofreciendo los mejores chollos a precios irresistibles. Sin embargo, no lo podemos evitar y cuanto mayores ofertas hay, m\u00e1s nos tienta recorrer el rinc\u00f3n &#8216;ordenado&#8217; de la nueva colecci\u00f3n. Y en [&hellip;]<\/p>\n","protected":false},"author":1,"featured_media":140531,"comment_status":"open","ping_status":"closed","sticky":false,"template":"","format":"standard","meta":[],"categories":[18],"tags":[],"_links":{"self":[{"href":"http:\/\/cordobainforma.info\/index.php\/wp-json\/wp\/v2\/posts\/140530"}],"collection":[{"href":"http:\/\/cordobainforma.info\/index.php\/wp-json\/wp\/v2\/posts"}],"about":[{"href":"http:\/\/cordobainforma.info\/index.php\/wp-json\/wp\/v2\/types\/post"}],"author":[{"embeddable":true,"href":"http:\/\/cordobainforma.info\/index.php\/wp-json\/wp\/v2\/users\/1"}],"replies":[{"embeddable":true,"href":"http:\/\/cordobainforma.info\/index.php\/wp-json\/wp\/v2\/comments?post=140530"}],"version-history":[{"count":0,"href":"http:\/\/cordobainforma.info\/index.php\/wp-json\/wp\/v2\/posts\/140530\/revisions"}],"wp:featuredmedia":[{"embeddable":true,"href":"http:\/\/cordobainforma.info\/index.php\/wp-json\/wp\/v2\/media\/140531"}],"wp:attachment":[{"href":"http:\/\/cordobainforma.info\/index.php\/wp-json\/wp\/v2\/media?parent=140530"}],"wp:term":[{"taxonomy":"category","embeddable":true,"href":"http:\/\/cordobainforma.info\/index.php\/wp-json\/wp\/v2\/categories?post=140530"},{"taxonomy":"post_tag","embeddable":true,"href":"http:\/\/cordobainforma.info\/index.php\/wp-json\/wp\/v2\/tags?post=140530"}],"curies":[{"name":"wp","href":"https:\/\/api.w.org\/{rel}","templated":true}]}}