{"id":14053,"date":"2021-06-02T15:49:22","date_gmt":"2021-06-02T15:49:22","guid":{"rendered":"https:\/\/www.clarin.com\/deportes\/futbol\/racing-club\/julian-lopez-positivo-covid-19-racing_0_tZbizBrDI.html"},"modified":"2021-06-02T15:49:22","modified_gmt":"2021-06-02T15:49:22","slug":"racing-julian-lopez-tiene-covid-19-y-no-podra-estar-en-la-final-ante-colon","status":"publish","type":"post","link":"http:\/\/cordobainforma.info\/index.php\/2021\/06\/02\/racing-julian-lopez-tiene-covid-19-y-no-podra-estar-en-la-final-ante-colon\/","title":{"rendered":"Racing: Juli\u00e1n L\u00f3pez tiene Covid-19 y no podr\u00e1 estar en la final ante Col\u00f3n"},"content":{"rendered":"<p><img src=\"http:\/\/cordobainforma.info\/wp-content\/uploads\/2021\/06\/racing-julian-lopez-tiene-covid-19-y-no-podra-estar-en-la-final-ante-colon.jpg\"><\/p>\n<div><img src=\"http:\/\/cordobainforma.info\/wp-content\/uploads\/2021\/06\/racing-julian-lopez-tiene-covid-19-y-no-podra-estar-en-la-final-ante-colon-2.jpg\" class=\"ff-og-image-inserted\"><\/div>\n<p>Luego de haber presentado s\u00edntomas en los d\u00edas previos a la semifinal contra Boca, y l\u00f3gicamente no estar disponible para ese partido, este mi\u00e9rcoles se confirm\u00f3 que <strong>Juli\u00e1n L\u00f3pez<\/strong> tiene coronavirus. Por lo que tambi\u00e9n se perder\u00e1 la final de la Copa de la Liga Profesional frente a Col\u00f3n.<strong> El juvenil de Racing arroj\u00f3 resultado positivo de Covid-19 en el hisopado r\u00e1pido que le realizaron en&nbsp;la ma\u00f1ana de este mi\u00e9rcoles<\/strong>.<\/p>\n<p>\u00ab<strong>En los hisopados r\u00e1pidos realizados esta ma\u00f1ana para el partido vs.&nbsp;Col\u00f3n, Juli\u00e1n L\u00f3pez dio positivo. El jugador ya se encuentra aislado en su domicilio y asintom\u00e1tico. El resto de los jugadores, CT y auxiliares dieron negativo. Pronta recuperaci\u00f3n, Juli!<\/strong>\u00ab, hab\u00eda escrito el club en su cuenta&nbsp;oficial de Twitter.<\/p>\n<p>De esta manera, Juan Antonio Pizzi no podr\u00e1 contar con los mismos tres futbolistas que ya se perdieron el choque con Boca. <strong>Adem\u00e1s de L\u00f3pez, faltaron Gabriel Arias y Eugenio Mena (ambos citados a la selecci\u00f3n de Chile)<\/strong>.<\/p>\n<p>El chico surgido en las inferiores de la Academia debut\u00f3 hace poco m\u00e1s de dos a\u00f1os, pero reci\u00e9n con Pizzi pudo agarrar cierta continuidad. Fue titular en tres partidos de la fase de grupos de la Libertadores (en el \u00faltimo contra Rentistas fue expulsado a los 17&#8242;). En octavos de Copa, Racing se enfrentar\u00e1 al San Pablo de Hern\u00e1n Crespo.<\/p>\n<p>La Academia se enfrentar\u00e1 al Sabalero <strong>este viernes, desde las 19 (hora argentina), en el Estadio Bicentenario de San Juan<\/strong>; misma sede que alberg\u00f3 ambas semis. Racing buscar\u00e1 quedarse con&nbsp;su copa nacional&nbsp;n\u00famero 14 y, as\u00ed, alcanzar a Boca como m\u00e1ximo ganador en dicho rubro. El partido, que se jugar\u00e1 bajo el arbitraje de N\u00e9stor Pitana, ser\u00e1 televisado por Fox Sports Premium y TNT Sports.<\/p>\n<div class=\"entry-tags\">\n<h2>TEMAS QUE APARECEN EN ESTA NOTA<\/h2>\n<\/p><\/div>\n","protected":false},"excerpt":{"rendered":"<p>Luego de haber presentado s\u00edntomas en los d\u00edas previos a la semifinal contra Boca, y l\u00f3gicamente no estar disponible para ese partido, este mi\u00e9rcoles se confirm\u00f3 que Juli\u00e1n L\u00f3pez tiene coronavirus. Por lo que tambi\u00e9n se perder\u00e1 la final de la Copa de la Liga Profesional frente a Col\u00f3n. El juvenil de Racing arroj\u00f3 resultado [&hellip;]<\/p>\n","protected":false},"author":1,"featured_media":14054,"comment_status":"closed","ping_status":"closed","sticky":false,"template":"","format":"standard","meta":[],"categories":[20],"tags":[],"_links":{"self":[{"href":"http:\/\/cordobainforma.info\/index.php\/wp-json\/wp\/v2\/posts\/14053"}],"collection":[{"href":"http:\/\/cordobainforma.info\/index.php\/wp-json\/wp\/v2\/posts"}],"about":[{"href":"http:\/\/cordobainforma.info\/index.php\/wp-json\/wp\/v2\/types\/post"}],"author":[{"embeddable":true,"href":"http:\/\/cordobainforma.info\/index.php\/wp-json\/wp\/v2\/users\/1"}],"replies":[{"embeddable":true,"href":"http:\/\/cordobainforma.info\/index.php\/wp-json\/wp\/v2\/comments?post=14053"}],"version-history":[{"count":0,"href":"http:\/\/cordobainforma.info\/index.php\/wp-json\/wp\/v2\/posts\/14053\/revisions"}],"wp:featuredmedia":[{"embeddable":true,"href":"http:\/\/cordobainforma.info\/index.php\/wp-json\/wp\/v2\/media\/14054"}],"wp:attachment":[{"href":"http:\/\/cordobainforma.info\/index.php\/wp-json\/wp\/v2\/media?parent=14053"}],"wp:term":[{"taxonomy":"category","embeddable":true,"href":"http:\/\/cordobainforma.info\/index.php\/wp-json\/wp\/v2\/categories?post=14053"},{"taxonomy":"post_tag","embeddable":true,"href":"http:\/\/cordobainforma.info\/index.php\/wp-json\/wp\/v2\/tags?post=14053"}],"curies":[{"name":"wp","href":"https:\/\/api.w.org\/{rel}","templated":true}]}}