{"id":140516,"date":"2025-01-20T13:37:00","date_gmt":"2025-01-20T13:37:00","guid":{"rendered":"http:\/\/cordobainforma.info\/index.php\/2025\/01\/20\/muerte-de-bebes-en-el-neonatal-tenia-un-pinchazo-en-la-espalda-y-exceso-de-potasio\/"},"modified":"2025-01-20T13:37:00","modified_gmt":"2025-01-20T13:37:00","slug":"muerte-de-bebes-en-el-neonatal-tenia-un-pinchazo-en-la-espalda-y-exceso-de-potasio","status":"publish","type":"post","link":"http:\/\/cordobainforma.info\/index.php\/2025\/01\/20\/muerte-de-bebes-en-el-neonatal-tenia-un-pinchazo-en-la-espalda-y-exceso-de-potasio\/","title":{"rendered":"Muerte de beb\u00e9s en el Neonatal: \u00abTen\u00eda un pinchazo en la espalda y exceso de potasio\u00bb"},"content":{"rendered":"<div class=\"media_block\"><\/div>\n<div><img src=\"http:\/\/cordobainforma.info\/wp-content\/uploads\/2025\/01\/muerte-de-bebes-en-el-neonatal-tenia-un-pinchazo-en-la-espalda-y-exceso-de-potasio-1.jpg\" class=\"ff-og-image-inserted\"><\/div>\n<p>Brisa M., mam\u00e1 de una de los <strong>beb\u00e9s fallecidos en el Hospital Neonatal de C\u00f3rdoba<\/strong> declar\u00f3 que la autopsia de su hija <strong>\u00abdetermin\u00f3 que ten\u00eda exceso de potasio\u00bb<\/strong>.<\/p>\n<p>Adem\u00e1s precis\u00f3 que la causa de la muerte fue por paro cardiorrespiratorio y que la beba <strong>\u00abten\u00eda un pinchazo en la espalda\u00bb<\/strong>.<\/p>\n<p>La joven, que ten\u00eda 17 a\u00f1os cuando dio a luz a la nena, se quebr\u00f3 en llanto durante su testimonio. \u00abNo pens\u00e9 que me la iban a matar. Era un beb\u00e9 nom\u00e1s\u00bb, dijo conmovida.<\/p>\n<h2>Declaraci\u00f3n<\/h2>\n<p>\u00abEra una nena, estaba sana. Lloraba porque ya hab\u00eda nacido. Se la llevaron para el costado de la sala. Despu\u00e9s de que terminaron de coserme, me bajaron, me pusieron en la silla de ruedas y me la dio. De ah\u00ed me llev\u00f3 a la sala de posparto, al frente\u00bb, cont\u00f3 al comienzo de su declaraci\u00f3n..<\/p>\n<p>Y luego realiz\u00f3 una descripci\u00f3n detallada del lugar: \u00abTen\u00eda tres camillas y en una esquina ten\u00eda un cuartito chiquito lleno de cosas, pero no se de qu\u00e9. Cuando me pasaron ah\u00ed hab\u00eda una mam\u00e1 que hab\u00eda tenido su beb\u00e9 a la 1 de la ma\u00f1ana. A m\u00ed me pusieron en la camilla del medio. En la otra no hab\u00eda nadie. Entr\u00f3 otra chica despu\u00e9s de m\u00ed, Ludmila T.\u00bb.<\/p>\n<p>La mujer record\u00f3 que le dieron un t\u00e9 y que <strong>en ese momento M. estaba \u00abbien\u00bb y \u00abtomaba la teta\u00bb<\/strong>. \u00abEstuve como hasta las 7 y media pero en ese tiempo cambi\u00f3 la guardia. El gordito que me atend\u00eda se fue. Lleg\u00f3 otra enfermera y se qued\u00f3 ah\u00ed. Nos miraba a las tres\u00bb, record\u00f3.<\/p>\n<p>Adem\u00e1s se\u00f1al\u00f3 que \u00aben un momento las tuvimos que dejar a las beb\u00e9s en la camilla porque nos revisaban para ver si hab\u00edan quedado co\u00e1gulos\u00bb.<\/p>\n<h2>Testimonios<\/h2>\n<p>Tambi\u00e9n declarar\u00e1 durante esta jornada Romina Andrea C, la abuela de la nena fallecida. Adem\u00e1s prestar\u00e1 testimonio, Ludmila T., mam\u00e1 de uno de los beb\u00e9s que lograron sobrevivir, y su abuela, Sonia T.<\/p>\n<h2>Toda la cobertura del hist\u00f3rico juicio<\/h2>\n<p><a target=\"_blank\" href=\"https:\/\/www.perfil.com\/noticias\/cordoba\/el-juicio-ingresara-a-una-etapa-clave-la-pericia-medica-para-explicar-que-paso-en-cada-caso.phtml\" rel=\"noopener noreferrer\">El juicio ingresar\u00e1 a una etapa clave: la pericia m\u00e9dica para explicar qu\u00e9 pas\u00f3 en cada caso<\/a><\/p>\n<p>Por Mar\u00eda Ester Romero<\/p>\n<p><a target=\"_blank\" href=\"https:\/\/www.perfil.com\/noticias\/cordoba\/la-reunion-del-16-de-mayo-del-2022-es-cada-vez-mas-dificil-de-explicar.phtml\" rel=\"noopener noreferrer\">La reuni\u00f3n del 16 de mayo del 2022 es cada vez m\u00e1s dif\u00edcil de explicar<\/a><\/p>\n<p>Por Mar\u00eda Ester Romero<\/p>\n<p><a target=\"_blank\" href=\"https:\/\/www.perfil.com\/noticias\/cordoba\/segun-los-fiscales-todos-los-caminos-conducen-a-brenda-como-se-construye-la-prueba-indirecta.phtml\" rel=\"noopener noreferrer\">Seg\u00fan los fiscales, todos los caminos conducen a Brenda: c\u00f3mo se construye la prueba indirecta<\/a><\/p>\n<p>Por Manuel Calder\u00f3n<\/p>\n<p><a target=\"_blank\" href=\"https:\/\/www.perfil.com\/noticias\/cordoba\/juicio-del-neonatal-como-impacta-en-la-salud-de-las-madres-enfrentar-a-brenda-aguero.phtml\" rel=\"noopener noreferrer\">Juicio del Neonatal: c\u00f3mo impacta en la salud de las madres enfrentar a Brenda Ag\u00fcero<\/a><\/p>\n<p>Por Andy Ferreyra<\/p>\n<p><a target=\"_blank\" href=\"https:\/\/www.perfil.com\/noticias\/cordoba\/muerte-de-bebes-en-el-neonatal-la-segunda-semana-del-historico-juicio-en-frases-de-los-protagonistas.phtml\" rel=\"noopener noreferrer\">Muerte de beb\u00e9s en el Neonatal: la segunda semana del hist\u00f3rico juicio, en frases de los protagonistas<\/a><\/p>\n<p>Por Jos\u00e9 Perez<\/p>\n","protected":false},"excerpt":{"rendered":"<p>Brisa M., mam\u00e1 de una de los beb\u00e9s fallecidos en el Hospital Neonatal de C\u00f3rdoba declar\u00f3 que la autopsia de su hija \u00abdetermin\u00f3 que ten\u00eda exceso de potasio\u00bb. Adem\u00e1s precis\u00f3 que la causa de la muerte fue por paro cardiorrespiratorio y que la beba \u00abten\u00eda un pinchazo en la espalda\u00bb. La joven, que ten\u00eda 17 [&hellip;]<\/p>\n","protected":false},"author":1,"featured_media":140517,"comment_status":"closed","ping_status":"closed","sticky":false,"template":"","format":"standard","meta":[],"categories":[2],"tags":[],"_links":{"self":[{"href":"http:\/\/cordobainforma.info\/index.php\/wp-json\/wp\/v2\/posts\/140516"}],"collection":[{"href":"http:\/\/cordobainforma.info\/index.php\/wp-json\/wp\/v2\/posts"}],"about":[{"href":"http:\/\/cordobainforma.info\/index.php\/wp-json\/wp\/v2\/types\/post"}],"author":[{"embeddable":true,"href":"http:\/\/cordobainforma.info\/index.php\/wp-json\/wp\/v2\/users\/1"}],"replies":[{"embeddable":true,"href":"http:\/\/cordobainforma.info\/index.php\/wp-json\/wp\/v2\/comments?post=140516"}],"version-history":[{"count":0,"href":"http:\/\/cordobainforma.info\/index.php\/wp-json\/wp\/v2\/posts\/140516\/revisions"}],"wp:featuredmedia":[{"embeddable":true,"href":"http:\/\/cordobainforma.info\/index.php\/wp-json\/wp\/v2\/media\/140517"}],"wp:attachment":[{"href":"http:\/\/cordobainforma.info\/index.php\/wp-json\/wp\/v2\/media?parent=140516"}],"wp:term":[{"taxonomy":"category","embeddable":true,"href":"http:\/\/cordobainforma.info\/index.php\/wp-json\/wp\/v2\/categories?post=140516"},{"taxonomy":"post_tag","embeddable":true,"href":"http:\/\/cordobainforma.info\/index.php\/wp-json\/wp\/v2\/tags?post=140516"}],"curies":[{"name":"wp","href":"https:\/\/api.w.org\/{rel}","templated":true}]}}