{"id":14050,"date":"2021-06-02T17:53:08","date_gmt":"2021-06-02T17:53:08","guid":{"rendered":"https:\/\/www.clarin.com\/deportes\/papa-kun-aguero-desmintio-rumor-indicaba-hijo-dado-positivo-coronavirus-seleccion_0_4vhq-Z4n7.html"},"modified":"2021-06-02T17:53:08","modified_gmt":"2021-06-02T17:53:08","slug":"el-papa-del-kun-aguero-desmintio-el-rumor-que-indicaba-que-su-hijo-habia-dado-positivo-de-coronavirus-en-la-seleccion","status":"publish","type":"post","link":"http:\/\/cordobainforma.info\/index.php\/2021\/06\/02\/el-papa-del-kun-aguero-desmintio-el-rumor-que-indicaba-que-su-hijo-habia-dado-positivo-de-coronavirus-en-la-seleccion\/","title":{"rendered":"El pap\u00e1 del Kun Ag\u00fcero desminti\u00f3 el rumor que indicaba que su hijo hab\u00eda dado positivo de coronavirus en la Selecci\u00f3n"},"content":{"rendered":"<p><img src=\"http:\/\/cordobainforma.info\/wp-content\/uploads\/2021\/06\/el-papa-del-kun-aguero-desmintio-el-rumor-que-indicaba-que-su-hijo-habia-dado-positivo-de-coronavirus-en-la-seleccion.jpg\"><\/p>\n<div><img src=\"http:\/\/cordobainforma.info\/wp-content\/uploads\/2021\/06\/el-papa-del-kun-aguero-desmintio-el-rumor-que-indicaba-que-su-hijo-habia-dado-positivo-de-coronavirus-en-la-seleccion-2.jpg\" class=\"ff-og-image-inserted\"><\/div>\n<p>El <a alt=\"sergio-kun-aguero\" class=\"slug\" href=\"https:\/\/www.clarin.com\/tema\/sergio-kun-aguero.html\" target=\"_blank\" title=\"sergio-kun-aguero\" rel=\"noopener noreferrer\">Kun Sergio Ag\u00fcero<\/a> se sumar\u00eda esta tarde al grupo de la <a alt=\"seleccion-argentina-de-futbol\" class=\"slug\" href=\"https:\/\/www.clarin.com\/tema\/seleccion-argentina-de-futbol.html\" target=\"_blank\" title=\"seleccion-argentina-de-futbol\" rel=\"noopener noreferrer\">Selecci\u00f3n Argentina<\/a> que se entrena en el predio de Ezeiza y tras el mediod\u00eda de este mi\u00e9rcoles empez\u00f3 a circular en algunos medios un rumor que indicaba que el delantero hab\u00eda dado positivo de <a alt=\"coronavirus\" class=\"slug\" href=\"https:\/\/www.clarin.com\/tema\/coronavirus.html\" target=\"_blank\" title=\"coronavirus\" rel=\"noopener noreferrer\">coronavirus<\/a> y se encendieron las alarmas en el predio de la AFA. Los tel\u00e9fonos de los dirigentes empezaron a sonar, <strong>pero r\u00e1pidamente la bomba se desactiv\u00f3<\/strong>. El encargado de hacerlo fue el pap\u00e1 del futbolista, Leonel del Castillo.<\/p>\n<p>El padre de Ag\u00fcero dialog\u00f3 con radio La Red y explic\u00f3 los motivos de la falsa informaci\u00f3n: \u00ab<strong>Le escrib\u00ed y me dijo que le hab\u00eda dado un falso positivo, y hoy le dio negativo<\/strong>. Que est\u00e1 todo bien. En Ezeiza le dio negativo, ayer le dio falso positivo y el nuevo que le hicieron le dio negativo. \u00c9l ya tuvo Covid-19 en Inglaterra, hace menos de dos meses. \u00c9l no se vacun\u00f3. Pero todav\u00eda no s\u00e9 si viaja o no a Santiago del Estero\u00bb.<\/p>\n<p>\u00abHace casi dos meses lo tuvo y estuvo casi 20 d\u00edas para volver a jugar\u00bb, explic\u00f3 Del Castillo. Todav\u00eda no se tiene mucha informaci\u00f3n sobre el comportamiento del virus y seg\u00fan los epidemi\u00f3logos es posible que una persona que contrajo el virus pueda dar un \u00abfalso positivo\u00bb en un testeo tras recibir el alta.<\/p>\n<p><strong>El Kun atraves\u00f3 la enfermedad sin s\u00edntomas y en su casa en Manchester<\/strong> antes de incorporarse nuevamente al trabajo en el equipo de Pep Guardiola y seg\u00fan han informado los expertos en salud a lo largo de todos estos meses de pandemia, el futbolista ya deber\u00eda haber generado anticuerpos que lo protegen por al menos tres meses, aunque todav\u00eda no haya recibido la vacuna.<\/p>\n<p>Por otro lado, la presencia de Ag\u00fcero en Santiago del Estero para enfrentar a Chile por las Eliminatorias Sudamericanas este jueves a las 21 qued\u00f3 descartada ya que le queda un d\u00eda de aislamiento por protocolo sanitario. Tras desvincularse del Manchester City, <strong>Ag\u00fcero pas\u00f3 por Barcelona para sellar su contrato con el club catal\u00e1n<\/strong> y arrib\u00f3 ayer a la Argentina. Todav\u00eda no se entren\u00f3 con el equipo nacional y el entrenador, Lionel Scaloni, eval\u00faa incluirlo para el duelo ante Colombia el pr\u00f3ximo martes, en Barranquilla.<\/p>\n<p>Por otro lado, el pap\u00e1 del Kun le apunt\u00f3 a Guardiola por la salida del delantero del City: \u00ab<strong>Yo no le creo a Guardiola. <\/strong>Siempre es \u00e9l el protagonista de todos los equipos, <strong>creo que nunca lo quiso<\/strong>. Sus pr\u00e1cticas son muy buenas y muy intensas, pero de un d\u00eda para el otro te cambia todo. Nunca supo si era titular o no\u00bb.<\/p>\n<p>Y agreg\u00f3: \u00abComo dijo Sergio, uno depende del club y del cuerpo t\u00e9cnico del momento. Si hay alguien que dice que no est\u00e1 para seguir en el club&#8230; <strong>\u00c9l estuvo hasta \u00faltimo momento esperar por renovar con el City, pero no se pudo<\/strong>\u00ab.<\/p>\n<p>Luego, se refiri\u00f3 al nuevo destino de su hijo y la posibilidad de compartir plantel con<a alt=\"lionel-messi\" class=\"slug\" href=\"https:\/\/www.clarin.com\/tema\/lionel-messi.html\" target=\"_blank\" title=\"lionel-messi\" rel=\"noopener noreferrer\"> Lionel Messi<\/a>: \u00abCon Messi son amigos desde los 15 a\u00f1os y siempre estuvieron hablando. <strong>Se supone que Leo se va a quedar as\u00ed que van a jugar juntos\u00bb<\/strong>, dijo. Aunque r\u00e1pidamente aclar\u00f3: \u00abNo s\u00e9 si Messi se va a quedar, por ahora son compa\u00f1eros en la Selecci\u00f3n\u00bb.<\/p>\n<p>Por \u00faltimo, Leonel del Castillo opin\u00f3 que no cree que Ag\u00fcero se retire en Independiente y aprovech\u00f3 para criticar a la dirigencia del Rojo que tiene a Hugo y Pablo Moyano en la conducci\u00f3n: \u00abCreo que no porque tiene dos a\u00f1os m\u00e1s para jugar en Barcelona. <strong>No quiero hablar mal de Independiente pero no lo trataron bien.<\/strong> Ni a m\u00ed que no me dejaron entrar m\u00e1s, ni a los hermanos que no los dejaron jugar en Reserva. <strong>Y ahora a mi hijo Mauricio no le quieren dar el pase.<\/strong> No&nbsp;lo dejan jugar en Reserva ni le dan el pase. El est\u00e1 enterado de todo\u00bb, explic\u00f3. Ante la consulta de si el Kun volver\u00eda al club de Avellaneda con otra dirigencia, Del Castillo gambete\u00f3: \u00abNo sabr\u00eda decirte, por ahora no\u00bb.S<\/p>\n<div class=\"entry-tags\">\n<h2>TEMAS QUE APARECEN EN ESTA NOTA<\/h2>\n<\/p><\/div>\n","protected":false},"excerpt":{"rendered":"<p>El Kun Sergio Ag\u00fcero se sumar\u00eda esta tarde al grupo de la Selecci\u00f3n Argentina que se entrena en el predio de Ezeiza y tras el mediod\u00eda de este mi\u00e9rcoles empez\u00f3 a circular en algunos medios un rumor que indicaba que el delantero hab\u00eda dado positivo de coronavirus y se encendieron las alarmas en el predio [&hellip;]<\/p>\n","protected":false},"author":1,"featured_media":14051,"comment_status":"closed","ping_status":"closed","sticky":false,"template":"","format":"standard","meta":[],"categories":[20],"tags":[],"_links":{"self":[{"href":"http:\/\/cordobainforma.info\/index.php\/wp-json\/wp\/v2\/posts\/14050"}],"collection":[{"href":"http:\/\/cordobainforma.info\/index.php\/wp-json\/wp\/v2\/posts"}],"about":[{"href":"http:\/\/cordobainforma.info\/index.php\/wp-json\/wp\/v2\/types\/post"}],"author":[{"embeddable":true,"href":"http:\/\/cordobainforma.info\/index.php\/wp-json\/wp\/v2\/users\/1"}],"replies":[{"embeddable":true,"href":"http:\/\/cordobainforma.info\/index.php\/wp-json\/wp\/v2\/comments?post=14050"}],"version-history":[{"count":0,"href":"http:\/\/cordobainforma.info\/index.php\/wp-json\/wp\/v2\/posts\/14050\/revisions"}],"wp:featuredmedia":[{"embeddable":true,"href":"http:\/\/cordobainforma.info\/index.php\/wp-json\/wp\/v2\/media\/14051"}],"wp:attachment":[{"href":"http:\/\/cordobainforma.info\/index.php\/wp-json\/wp\/v2\/media?parent=14050"}],"wp:term":[{"taxonomy":"category","embeddable":true,"href":"http:\/\/cordobainforma.info\/index.php\/wp-json\/wp\/v2\/categories?post=14050"},{"taxonomy":"post_tag","embeddable":true,"href":"http:\/\/cordobainforma.info\/index.php\/wp-json\/wp\/v2\/tags?post=14050"}],"curies":[{"name":"wp","href":"https:\/\/api.w.org\/{rel}","templated":true}]}}