{"id":14045,"date":"2021-06-02T16:51:00","date_gmt":"2021-06-02T16:51:00","guid":{"rendered":"https:\/\/ahora.com.ar\/\/scaloni-confirmo-los-11-titulares-enfrentar-chile-las-eliminatorias-n4236950"},"modified":"2021-06-02T16:51:00","modified_gmt":"2021-06-02T16:51:00","slug":"scaloni-confirmo-los-11-titulares-para-enfrentar-a-chile-por-las-eliminatorias","status":"publish","type":"post","link":"http:\/\/cordobainforma.info\/index.php\/2021\/06\/02\/scaloni-confirmo-los-11-titulares-para-enfrentar-a-chile-por-las-eliminatorias\/","title":{"rendered":"Scaloni confirm\u00f3 los 11 titulares para enfrentar a Chile por las Eliminatorias"},"content":{"rendered":"<div><img src=\"http:\/\/cordobainforma.info\/wp-content\/uploads\/2021\/06\/scaloni-confirmo-los-11-titulares-para-enfrentar-a-chile-por-las-eliminatorias.jpg\" class=\"ff-og-image-inserted\"><\/div>\n<div id=\"article-post\">\n<header class=\"article-info-wrapper\" readability=\"24.823008849558\">\n<p><span class=\"fecha-detallenota\">02 de junio de 2021 &#8211; 13:06<\/span><\/p>\n<p class=\"interiorCopete\"> El DT argentino brind\u00f3 la formaci\u00f3n este mi\u00e9rcoles en conferencia de prensa<\/p>\n<\/header>\n<\/div>\n<div id=\"article-post\">\n<div class=\"cuerpo\" data-twitter-link=\"https:\/\/twitter.com\/intent\/tweet?url=https:\/\/ahora.com.ar\/c4236950&amp;via=PlataformaAhora&amp;related=Ahora&amp;text=\" readability=\"11\">\n<p><strong>El entrenador de la Selecci\u00f3n Argentina de f\u00fatbol, Lionel Scaloni, confirm\u00f3 la formaci\u00f3n para enfrentar a Chile por las Eliminatorias Sudamericanas, este jueves a las 19:00.<\/strong><\/p>\n<\/div>\n<\/div>\n<div id=\"article-post\">\n<div class=\"cuerpo\" data-twitter-link=\"https:\/\/twitter.com\/intent\/tweet?url=https:\/\/ahora.com.ar\/c4236950&amp;via=PlataformaAhora&amp;related=Ahora&amp;text=\" readability=\"18.654639175258\">\n<p>En conferencia de prensa, el DT inform\u00f3 que los 11 titulares de la Argentina \u00ab<strong>est\u00e1n definidos<\/strong>\u00ab.<\/p>\n<p><span class=\"saysCMSEmphasis\" id=\"saysCMSEmphasisii3jfggjj68\">\u00abVamos a jugar con Mart\u00ednez, Foyth, Romero, Mart\u00ednez Quarta, Tagliafico, Paredes, Ocampos, De Paul, Messi, Di Mar\u00eda y Lautaro Mart\u00ednez\u00bb<\/span>, asegur\u00f3 Scaloni este mi\u00e9rcoles.<\/p>\n<div id=\"embed49_wrap\" class=\"embed_cont type_freetext\">\n<p><span onclick=\"parent.parent.TinyMCETdcuerpo.preview_embed('embed49')\" class=\"embed_colapse less\" id=\"embed49_colapse\"><\/span> Embed<\/p>\n<div id=\"embed49_content\" class=\"embed_content\">\n<div id=\"embed49_embed\" readability=\"9.03300330033\">\n<blockquote class=\"twitter-tweet\" readability=\"12.567656765677\">\n<p dir=\"ltr\" lang=\"es\"><a href=\"https:\/\/twitter.com\/hashtag\/Selecci%C3%B3nMayor?src=hash&amp;ref_src=twsrc%5Etfw\">#Selecci\u00f3nMayor<\/a> \ufe0f <a href=\"https:\/\/twitter.com\/lioscaloni?ref_src=twsrc%5Etfw\">@lioscaloni<\/a> en conferencia de prensa: \u00abEl equipo est\u00e1 definido. Vamos a jugar con Mart\u00ednez, Foyth, Romero, Mart\u00ednez Quarta, Tagliafico, Paredes, Ocampos, De Paul, Messi, Di Mar\u00eda y Lautaro Mart\u00ednez\u00bb. <a href=\"https:\/\/t.co\/tWbU1qo6Qx\">pic.twitter.com\/tWbU1qo6Qx<\/a><\/p>\n<p> \u2014 Selecci\u00f3n Argentina (@Argentina) <a href=\"https:\/\/twitter.com\/Argentina\/status\/1400128594219778051?ref_src=twsrc%5Etfw\">June 2, 2021<\/a><\/p><\/blockquote><\/div><\/div><\/div><\/div>\n<\/div>\n","protected":false},"excerpt":{"rendered":"<p>02 de junio de 2021 &#8211; 13:06 El DT argentino brind\u00f3 la formaci\u00f3n este mi\u00e9rcoles en conferencia de prensa El entrenador de la Selecci\u00f3n Argentina de f\u00fatbol, Lionel Scaloni, confirm\u00f3 la formaci\u00f3n para enfrentar a Chile por las Eliminatorias Sudamericanas, este jueves a las 19:00. En conferencia de prensa, el DT inform\u00f3 que los 11 [&hellip;]<\/p>\n","protected":false},"author":1,"featured_media":14046,"comment_status":"closed","ping_status":"closed","sticky":false,"template":"","format":"standard","meta":[],"categories":[20],"tags":[],"_links":{"self":[{"href":"http:\/\/cordobainforma.info\/index.php\/wp-json\/wp\/v2\/posts\/14045"}],"collection":[{"href":"http:\/\/cordobainforma.info\/index.php\/wp-json\/wp\/v2\/posts"}],"about":[{"href":"http:\/\/cordobainforma.info\/index.php\/wp-json\/wp\/v2\/types\/post"}],"author":[{"embeddable":true,"href":"http:\/\/cordobainforma.info\/index.php\/wp-json\/wp\/v2\/users\/1"}],"replies":[{"embeddable":true,"href":"http:\/\/cordobainforma.info\/index.php\/wp-json\/wp\/v2\/comments?post=14045"}],"version-history":[{"count":0,"href":"http:\/\/cordobainforma.info\/index.php\/wp-json\/wp\/v2\/posts\/14045\/revisions"}],"wp:featuredmedia":[{"embeddable":true,"href":"http:\/\/cordobainforma.info\/index.php\/wp-json\/wp\/v2\/media\/14046"}],"wp:attachment":[{"href":"http:\/\/cordobainforma.info\/index.php\/wp-json\/wp\/v2\/media?parent=14045"}],"wp:term":[{"taxonomy":"category","embeddable":true,"href":"http:\/\/cordobainforma.info\/index.php\/wp-json\/wp\/v2\/categories?post=14045"},{"taxonomy":"post_tag","embeddable":true,"href":"http:\/\/cordobainforma.info\/index.php\/wp-json\/wp\/v2\/tags?post=14045"}],"curies":[{"name":"wp","href":"https:\/\/api.w.org\/{rel}","templated":true}]}}