{"id":14029,"date":"2021-06-01T17:34:22","date_gmt":"2021-06-01T17:34:22","guid":{"rendered":"http:\/\/playfmradio.com\/?p=14623"},"modified":"2021-06-01T17:34:22","modified_gmt":"2021-06-01T17:34:22","slug":"cordoba-en-confinamiento-total-el-5-y-6-de-junio","status":"publish","type":"post","link":"http:\/\/cordobainforma.info\/index.php\/2021\/06\/01\/cordoba-en-confinamiento-total-el-5-y-6-de-junio\/","title":{"rendered":"C\u00f3rdoba en confinamiento total el 5 y 6 de junio"},"content":{"rendered":"<p><em>Fue confirmado por el Ministro de Salud de la provincia cuando argument\u00f3 que C\u00f3rdoba tiene una ocupaci\u00f3n de mas del 70% de camas criticas.<\/em><\/p>\n<p>El primer fin de semana del mes de Junio ser\u00e1 de cuarentena total seg\u00fan lo indic\u00f3 el Ministro Diego Cardozo. El anunci\u00f3, que hab\u00eda sido anticipado por el Gobierno Nacional, fue adherido completamente por la provincia.<\/p>\n<p>As\u00ed es como, las salidas para el abastecimiento ser\u00e1n de 6 a 18, y la circulaci\u00f3n s\u00f3lo estar\u00e1 permitida para trabajadores esenciales.<\/p>\n<p>Por otro lado, el funcionario anticip\u00f3 que si C\u00f3rdoba llega al 80% de ocupaci\u00f3n de camas, las restricciones aumentaran.<\/p>\n<p><strong>Por : Carla Madera<\/strong><\/p>\n<p><a class=\"synved-social-button synved-social-button-share synved-social-size-32 synved-social-resolution-single synved-social-provider-facebook nolightbox\" data-provider=\"facebook\" target=\"_blank\" rel=\"nofollow noopener noreferrer\" title=\"Share on Facebook\" href=\"http:\/\/www.facebook.com\/sharer.php?u=http%3A%2F%2Fplayfmradio.com%2Fcordoba-en-confinamiento-total-el-5-y-6-de-junio%2F&amp;t=C%C3%B3rdoba%20en%20confinamiento%20total%20el%205%20y%206%20de%20junio&amp;s=100&amp;p[url]=http%3A%2F%2Fplayfmradio.com%2Fcordoba-en-confinamiento-total-el-5-y-6-de-junio%2F&amp;p[images][0]=http%3A%2F%2Fplayfmradio.com%2Fwp-content%2Fuploads%2F2021%2F06%2FAAB5YOWBIFBX7JZQQKQ5NT566Q.jpg&amp;p[title]=C%C3%B3rdoba%20en%20confinamiento%20total%20el%205%20y%206%20de%20junio\"><img loading=\"lazy\" alt=\"Facebook\" title=\"Share on Facebook\" class=\"synved-share-image synved-social-image synved-social-image-share\" width=\"32\" height=\"32\" src=\"http:\/\/cordobainforma.info\/wp-content\/uploads\/2021\/06\/cordoba-en-confinamiento-total-el-5-y-6-de-junio.png\"><\/a><a class=\"synved-social-button synved-social-button-share synved-social-size-32 synved-social-resolution-single synved-social-provider-twitter nolightbox\" data-provider=\"twitter\" target=\"_blank\" rel=\"nofollow noopener noreferrer\" title=\"Share on Twitter\" href=\"https:\/\/twitter.com\/intent\/tweet?url=http%3A%2F%2Fplayfmradio.com%2Fcordoba-en-confinamiento-total-el-5-y-6-de-junio%2F&amp;text=Compartido%20de%20Playfmradio.com\"><img loading=\"lazy\" alt=\"twitter\" title=\"Share on Twitter\" class=\"synved-share-image synved-social-image synved-social-image-share\" width=\"32\" height=\"32\" src=\"http:\/\/cordobainforma.info\/wp-content\/uploads\/2021\/06\/cordoba-en-confinamiento-total-el-5-y-6-de-junio-1.png\"><\/a><a class=\"synved-social-button synved-social-button-share synved-social-size-32 synved-social-resolution-single synved-social-provider-pinterest nolightbox\" data-provider=\"pinterest\" target=\"_blank\" rel=\"nofollow noopener noreferrer\" title=\"Pin it with Pinterest\" href=\"http:\/\/pinterest.com\/pin\/create\/button\/?url=http%3A%2F%2Fplayfmradio.com%2Fcordoba-en-confinamiento-total-el-5-y-6-de-junio%2F&amp;media=http%3A%2F%2Fplayfmradio.com%2Fwp-content%2Fuploads%2F2021%2F06%2FAAB5YOWBIFBX7JZQQKQ5NT566Q.jpg&amp;description=C%C3%B3rdoba%20en%20confinamiento%20total%20el%205%20y%206%20de%20junio\"><img loading=\"lazy\" alt=\"pinterest\" title=\"Pin it with Pinterest\" class=\"synved-share-image synved-social-image synved-social-image-share\" width=\"32\" height=\"32\" src=\"http:\/\/cordobainforma.info\/wp-content\/uploads\/2021\/06\/cordoba-en-confinamiento-total-el-5-y-6-de-junio-2.png\"><\/a><a class=\"synved-social-button synved-social-button-share synved-social-size-32 synved-social-resolution-single synved-social-provider-tumblr nolightbox\" data-provider=\"tumblr\" target=\"_blank\" rel=\"nofollow noopener noreferrer\" title=\"Share on tumblr\" href=\"http:\/\/tumblr.com\/share?s=&amp;v=3&amp;t=C%C3%B3rdoba%20en%20confinamiento%20total%20el%205%20y%206%20de%20junio&amp;u=http%3A%2F%2Fplayfmradio.com%2Fcordoba-en-confinamiento-total-el-5-y-6-de-junio%2F\"><img loading=\"lazy\" alt=\"tumblr\" title=\"Share on tumblr\" class=\"synved-share-image synved-social-image synved-social-image-share\" width=\"32\" height=\"32\" src=\"http:\/\/cordobainforma.info\/wp-content\/uploads\/2021\/06\/cordoba-en-confinamiento-total-el-5-y-6-de-junio-3.png\"><\/a><a class=\"synved-social-button synved-social-button-share synved-social-size-32 synved-social-resolution-single synved-social-provider-mail nolightbox\" data-provider=\"mail\" rel=\"nofollow\" title=\"Share by email\" href=\"mailto:?subject=C%C3%B3rdoba%20en%20confinamiento%20total%20el%205%20y%206%20de%20junio&amp;body=Compartido%20de%20Playfmradio.com:%20http%3A%2F%2Fplayfmradio.com%2Fcordoba-en-confinamiento-total-el-5-y-6-de-junio%2F\"><img loading=\"lazy\" alt=\"mail\" title=\"Share by email\" class=\"synved-share-image synved-social-image synved-social-image-share\" width=\"32\" height=\"32\" src=\"http:\/\/cordobainforma.info\/wp-content\/uploads\/2021\/06\/cordoba-en-confinamiento-total-el-5-y-6-de-junio-4.png\"><\/a> <!-- AUTHOR PART ========================= --> <!-- AUTHOR PART END ========================= --> <\/p>\n","protected":false},"excerpt":{"rendered":"<p>Fue confirmado por el Ministro de Salud de la provincia cuando argument\u00f3 que C\u00f3rdoba tiene una ocupaci\u00f3n de mas del 70% de camas criticas. El primer fin de semana del mes de Junio ser\u00e1 de cuarentena total seg\u00fan lo indic\u00f3 el Ministro Diego Cardozo. El anunci\u00f3, que hab\u00eda sido anticipado por el Gobierno Nacional, fue [&hellip;]<\/p>\n","protected":false},"author":1,"featured_media":14030,"comment_status":"closed","ping_status":"closed","sticky":false,"template":"","format":"standard","meta":[],"categories":[23],"tags":[],"_links":{"self":[{"href":"http:\/\/cordobainforma.info\/index.php\/wp-json\/wp\/v2\/posts\/14029"}],"collection":[{"href":"http:\/\/cordobainforma.info\/index.php\/wp-json\/wp\/v2\/posts"}],"about":[{"href":"http:\/\/cordobainforma.info\/index.php\/wp-json\/wp\/v2\/types\/post"}],"author":[{"embeddable":true,"href":"http:\/\/cordobainforma.info\/index.php\/wp-json\/wp\/v2\/users\/1"}],"replies":[{"embeddable":true,"href":"http:\/\/cordobainforma.info\/index.php\/wp-json\/wp\/v2\/comments?post=14029"}],"version-history":[{"count":0,"href":"http:\/\/cordobainforma.info\/index.php\/wp-json\/wp\/v2\/posts\/14029\/revisions"}],"wp:featuredmedia":[{"embeddable":true,"href":"http:\/\/cordobainforma.info\/index.php\/wp-json\/wp\/v2\/media\/14030"}],"wp:attachment":[{"href":"http:\/\/cordobainforma.info\/index.php\/wp-json\/wp\/v2\/media?parent=14029"}],"wp:term":[{"taxonomy":"category","embeddable":true,"href":"http:\/\/cordobainforma.info\/index.php\/wp-json\/wp\/v2\/categories?post=14029"},{"taxonomy":"post_tag","embeddable":true,"href":"http:\/\/cordobainforma.info\/index.php\/wp-json\/wp\/v2\/tags?post=14029"}],"curies":[{"name":"wp","href":"https:\/\/api.w.org\/{rel}","templated":true}]}}